{"id":920,"date":"2013-02-11T16:12:58","date_gmt":"2013-02-11T16:12:58","guid":{"rendered":"http:\/\/esp.andalucia.com\/blog\/?p=920"},"modified":"2013-02-21T09:03:36","modified_gmt":"2013-02-21T09:03:36","slug":"el-soho-de-malaga-el-barrio-malagueno-de-las-artes","status":"publish","type":"post","link":"https:\/\/esp.andalucia.com\/blog\/el-soho-de-malaga-el-barrio-malagueno-de-las-artes\/","title":{"rendered":"El Soho de M\u00e1laga, el barrio malague\u00f1o de las artes"},"content":{"rendered":"<p>El Soho de M\u00e1laga contin\u00faa haciendo honor a su sobre nombre, &#8216;barrio de las artes&#8217;, ofreciendo a los malague\u00f1os y turistas un sinf\u00edn de eventos culturales y de ocio alternativos.<\/p>\n<p>A partir de hoy, viernes, y hasta el 10 de febrero, el Soho de M\u00e1laga acoger\u00e1 el <strong>Festival de Teatro OFF<\/strong>, programa paralelo al consolidado Festival de Teatro de M\u00e1laga (que cumple ya 30 a\u00f1os), y que surge gracias al buen hacer del presidente de la Asociaci\u00f3n Cultural Soho M\u00e1laga, Sergio Garc\u00eda, con la colaboraci\u00f3n del Ayuntamiento de M\u00e1laga.<\/p>\n<p>A las nueve de esta noche tendr\u00e1n lugar dos de los espect\u00e1culos del <a title=\"programa festival teatro off soho m\u00e1laga\" href=\"http:\/\/www.esp.andalucia.com\/ciudades\/malaga\/eventos.html\" target=\"_blank\">Festival de Teatro OFF en el Soho<\/a>. La comedia musical &#8216;Quiz\u00e1s el s\u00e1bado pr\u00f3ximo&#8230;&#8217; en la Sala Chela Mar, C\/ Vendeja, 30; y el espect\u00e1culo de ilusionismo y mentalismo &#8216;Magia a dos velas&#8217; en la sala Alameda UP del Teatro Alameda, C\/ C\u00f3rdoba, 9.<\/p>\n<p><a href=\"http:\/\/esp.andalucia.com\/blog\/?attachment_id=965\" rel=\"attachment wp-att-965\"><img loading=\"lazy\" class=\"aligncenter size-full wp-image-965\" title=\"soho_alameda2\" src=\"http:\/\/esp.andalucia.com\/blog\/wp-content\/uploads\/soho_alameda22.jpg\" alt=\"\" width=\"598\" height=\"399\" srcset=\"https:\/\/esp.andalucia.com\/blog\/wp-content\/uploads\/soho_alameda22.jpg 910w, https:\/\/esp.andalucia.com\/blog\/wp-content\/uploads\/soho_alameda22-300x200.jpg 300w\" sizes=\"(max-width: 598px) 100vw, 598px\" \/><\/a><\/p>\n<p>&nbsp;<\/p>\n<p><strong>Festival de Cine Soho M\u00e1laga<\/strong><\/p>\n<p>El presidente de la Asociaci\u00f3n Cultural Soho M\u00e1laga nos cuenta que en abril, coincidiendo con el Festival de M\u00e1laga Cine Espa\u00f1ol, el barrio de las artes de M\u00e1laga vivir\u00e1 su particular y alternativo Festival de Cine<strong>,\u00a0<\/strong>con un programa que incluye un Festival Internacional de Cortos, conciertos de m\u00fasica de cine interpretada por grupos pop, rock, jazz, soul&#8230;, un Festival de Cortos Expr\u00e9s en el que los participantes deber\u00e1n rodar en las calles del Soho durante tres d\u00edas, un concurso de carteles expr\u00e9s sobre el festival de cortos expr\u00e9s&#8230;<\/p>\n<p>&nbsp;<\/p>\n<p><strong>Feel Jazz Club<\/strong><\/p>\n<p>Todos los viernes por la noche, en los bajos del Feel Soho Hostel, C\/ Vendeja, 25, se ofrecen conciertos en vivo de Jazz. Este viernes le toca el turno a Custom Radio, que actuar\u00e1 a las nueve y a las once de esta noche.<\/p>\n<p style=\"text-align: center;\"><a href=\"http:\/\/esp.andalucia.com\/blog\/?attachment_id=968\" rel=\"attachment wp-att-968\"><img loading=\"lazy\" class=\"size-full wp-image-968 aligncenter\" title=\"soho_self\" src=\"http:\/\/esp.andalucia.com\/blog\/wp-content\/uploads\/soho_self1.jpg\" alt=\"\" width=\"265\" height=\"399\" srcset=\"https:\/\/esp.andalucia.com\/blog\/wp-content\/uploads\/soho_self1.jpg 910w, https:\/\/esp.andalucia.com\/blog\/wp-content\/uploads\/soho_self1-200x300.jpg 200w, https:\/\/esp.andalucia.com\/blog\/wp-content\/uploads\/soho_self1-682x1024.jpg 682w\" sizes=\"(max-width: 265px) 100vw, 265px\" \/><\/a><\/p>\n<p>&nbsp;<\/p>\n<p>Tambi\u00e9n con pases a las nueve y a las once de la noche, el lunes actuar\u00e1 en el Feel Jazz Club el grupo Sindicato Ornette.<\/p>\n<p>Los conciertos en el Feel Jazz Club suelen estar protagonizados por grupos de jazz locales y nacionales, adem\u00e1s de por estudiantes de jazz.<\/p>\n<p>Para estar al tanto de todas las actividades que organiza la Asociaci\u00f3n Cultural Soho M\u00e1laga, puedes visitar su p\u00e1gina en <a title=\"SOHO M\u00c1LAGA\" href=\"https:\/\/www.facebook.com\/sohomalaga\" target=\"_blank\">facebook<\/a> y nuestro <a title=\"Calendario eventos Andaluc\u00eda\" href=\"http:\/\/www.esp.andalucia.com\/eventos\/index.php\" target=\"_blank\">calendario de eventos<\/a>.<\/p>\n<p><strong>En cualquier \u00e9poca de a\u00f1o<\/strong><\/p>\n<p>El barrio de las artes de M\u00e1laga ofrece a los malague\u00f1os y turistas numerosos atractivos en cualquier \u00e9poca del a\u00f1o. Situado en pleno centro de la ciudad, en el terreno ganado al mar comprendido entre la Alameda Principal, la Plaza de la Marina y el r\u00edo Guadalmedina, el Soho de M\u00e1laga acoge en sus calles edificios y establecimientos hist\u00f3ricos junto a otros de nueva construcci\u00f3n con un esp\u00edritu alternativo, singular, diferente.<\/p>\n<p>Adem\u00e1s de los establecimientos ya citados: la Sala Chela Mar, la Sala Alameda UP y el Feel Soho Hostel, en el Soho de M\u00e1laga destacan otros centros dedicados al arte. El m\u00e1s importante, sin duda, el <a href=\"http:\/\/cacmalaga.org\/\" target=\"_blank\">Centro de Arte Contempor\u00e1neo<\/a>\u00a0(CAC), que con su exposici\u00f3n permanente y las temporales, se ha convertido en un referente nacional e internacional. Su programaci\u00f3n cultural incluye adem\u00e1s cursos, charlas, seminarios, ciclos de cine&#8230;<\/p>\n<p>En el cap\u00edtulo gastron\u00f3mico, el Soho de M\u00e1laga cuenta \u00a0numerosos restaurantes y bares de tapas. Entre los m\u00e1s conocidos y apreciados, el Restaurante \u00d3leo situado en el CAC, el Manducare, el Gaud\u00ed, el Mes\u00f3n Ib\u00e9rico o La M\u00e9nsula entre otros.<\/p>\n<p>Para los turistas que busquen alojamiento en este barrio, el Room Mate Lola, uno de los hoteles m\u00e1s modernos y con m\u00e1s dise\u00f1o de M\u00e1laga, o el Feel Soho Hostel.<\/p>\n<p>&nbsp;<\/p>\n<p><a href=\"http:\/\/esp.andalucia.com\/blog\/?attachment_id=971\" rel=\"attachment wp-att-971\"><img loading=\"lazy\" class=\"aligncenter size-full wp-image-971\" title=\"soho_lola\" src=\"http:\/\/esp.andalucia.com\/blog\/wp-content\/uploads\/soho_lola1.jpg\" alt=\"\" width=\"598\" height=\"399\" srcset=\"https:\/\/esp.andalucia.com\/blog\/wp-content\/uploads\/soho_lola1.jpg 910w, https:\/\/esp.andalucia.com\/blog\/wp-content\/uploads\/soho_lola1-300x200.jpg 300w\" sizes=\"(max-width: 598px) 100vw, 598px\" \/><\/a><\/p>\n<p>&nbsp;<\/p>\n<p>&nbsp;<\/p>\n<p>&nbsp;<\/p>\n<p>&nbsp;<\/p>\n<p>&nbsp;<\/p>\n","protected":false},"excerpt":{"rendered":"<p>El Soho de M\u00e1laga contin\u00faa haciendo honor a su sobre nombre, &#8216;barrio de las artes&#8217;, ofreciendo a los malague\u00f1os y turistas un sinf\u00edn de eventos culturales y de ocio alternativos. A partir de hoy, viernes, y hasta el 10 de febrero, el Soho de M\u00e1laga acoger\u00e1 el Festival de Teatro OFF, programa paralelo al consolidado [&hellip;]<\/p>\n","protected":false},"author":1,"featured_media":0,"comment_status":"open","ping_status":"open","sticky":false,"template":"","format":"standard","meta":{"_genesis_hide_title":false,"_genesis_hide_breadcrumbs":false,"_genesis_hide_singular_image":false,"_genesis_hide_footer_widgets":false,"_genesis_custom_body_class":"","_genesis_custom_post_class":"","_genesis_layout":"","spay_email":"","jetpack_publicize_message":"","jetpack_is_tweetstorm":false},"categories":[22],"tags":[],"yoast_head":"<!-- This site is optimized with the Yoast SEO plugin v16.1 - https:\/\/yoast.com\/wordpress\/plugins\/seo\/ -->\n<title>El Soho de M\u00e1laga, el barrio malague\u00f1o de las artes - Blog de Andalucia.com<\/title>\n<link rel=\"canonical\" href=\"https:\/\/esp.andalucia.com\/blog\/el-soho-de-malaga-el-barrio-malagueno-de-las-artes\/\" \/>\n<meta property=\"og:locale\" content=\"en_US\" \/>\n<meta property=\"og:type\" content=\"article\" \/>\n<meta property=\"og:title\" content=\"El Soho de M\u00e1laga, el barrio malague\u00f1o de las artes - Blog de Andalucia.com\" \/>\n<meta property=\"og:description\" content=\"El Soho de M\u00e1laga contin\u00faa haciendo honor a su sobre nombre, &#8216;barrio de las artes&#8217;, ofreciendo a los malague\u00f1os y turistas un sinf\u00edn de eventos culturales y de ocio alternativos. A partir de hoy, viernes, y hasta el 10 de febrero, el Soho de M\u00e1laga acoger\u00e1 el Festival de Teatro OFF, programa paralelo al consolidado [&hellip;]\" \/>\n<meta property=\"og:url\" content=\"https:\/\/esp.andalucia.com\/blog\/el-soho-de-malaga-el-barrio-malagueno-de-las-artes\/\" \/>\n<meta property=\"og:site_name\" content=\"Blog de Andalucia.com\" \/>\n<meta property=\"article:published_time\" content=\"2013-02-11T16:12:58+00:00\" \/>\n<meta property=\"article:modified_time\" content=\"2013-02-21T09:03:36+00:00\" \/>\n<meta property=\"og:image\" content=\"http:\/\/esp.andalucia.com\/blog\/wp-content\/uploads\/soho_alameda22.jpg\" \/>\n<meta name=\"twitter:card\" content=\"summary\" \/>\n<meta name=\"twitter:label1\" content=\"Est. reading time\">\n\t<meta name=\"twitter:data1\" content=\"3 minutes\">\n<script type=\"application\/ld+json\" class=\"yoast-schema-graph\">{\"@context\":\"https:\/\/schema.org\",\"@graph\":[{\"@type\":\"WebSite\",\"@id\":\"https:\/\/esp.andalucia.com\/blog\/#website\",\"url\":\"https:\/\/esp.andalucia.com\/blog\/\",\"name\":\"Blog de Andalucia.com\",\"description\":\"Blog de Andalucia\",\"potentialAction\":[{\"@type\":\"SearchAction\",\"target\":\"https:\/\/esp.andalucia.com\/blog\/?s={search_term_string}\",\"query-input\":\"required name=search_term_string\"}],\"inLanguage\":\"en-US\"},{\"@type\":\"ImageObject\",\"@id\":\"https:\/\/esp.andalucia.com\/blog\/el-soho-de-malaga-el-barrio-malagueno-de-las-artes\/#primaryimage\",\"inLanguage\":\"en-US\",\"url\":\"http:\/\/esp.andalucia.com\/blog\/wp-content\/uploads\/soho_alameda22.jpg\",\"contentUrl\":\"http:\/\/esp.andalucia.com\/blog\/wp-content\/uploads\/soho_alameda22.jpg\"},{\"@type\":\"WebPage\",\"@id\":\"https:\/\/esp.andalucia.com\/blog\/el-soho-de-malaga-el-barrio-malagueno-de-las-artes\/#webpage\",\"url\":\"https:\/\/esp.andalucia.com\/blog\/el-soho-de-malaga-el-barrio-malagueno-de-las-artes\/\",\"name\":\"El Soho de M\\u00e1laga, el barrio malague\\u00f1o de las artes - Blog de Andalucia.com\",\"isPartOf\":{\"@id\":\"https:\/\/esp.andalucia.com\/blog\/#website\"},\"primaryImageOfPage\":{\"@id\":\"https:\/\/esp.andalucia.com\/blog\/el-soho-de-malaga-el-barrio-malagueno-de-las-artes\/#primaryimage\"},\"datePublished\":\"2013-02-11T16:12:58+00:00\",\"dateModified\":\"2013-02-21T09:03:36+00:00\",\"author\":{\"@id\":\"https:\/\/esp.andalucia.com\/blog\/#\/schema\/person\/764d18c08907ea2026c6652dbaa06aeb\"},\"breadcrumb\":{\"@id\":\"https:\/\/esp.andalucia.com\/blog\/el-soho-de-malaga-el-barrio-malagueno-de-las-artes\/#breadcrumb\"},\"inLanguage\":\"en-US\",\"potentialAction\":[{\"@type\":\"ReadAction\",\"target\":[\"https:\/\/esp.andalucia.com\/blog\/el-soho-de-malaga-el-barrio-malagueno-de-las-artes\/\"]}]},{\"@type\":\"BreadcrumbList\",\"@id\":\"https:\/\/esp.andalucia.com\/blog\/el-soho-de-malaga-el-barrio-malagueno-de-las-artes\/#breadcrumb\",\"itemListElement\":[{\"@type\":\"ListItem\",\"position\":1,\"item\":{\"@type\":\"WebPage\",\"@id\":\"https:\/\/esp.andalucia.com\/blog\/\",\"url\":\"https:\/\/esp.andalucia.com\/blog\/\",\"name\":\"Portada\"}},{\"@type\":\"ListItem\",\"position\":2,\"item\":{\"@type\":\"WebPage\",\"@id\":\"https:\/\/esp.andalucia.com\/blog\/el-soho-de-malaga-el-barrio-malagueno-de-las-artes\/\",\"url\":\"https:\/\/esp.andalucia.com\/blog\/el-soho-de-malaga-el-barrio-malagueno-de-las-artes\/\",\"name\":\"El Soho de M\\u00e1laga, el barrio malague\\u00f1o de las artes\"}}]},{\"@type\":\"Person\",\"@id\":\"https:\/\/esp.andalucia.com\/blog\/#\/schema\/person\/764d18c08907ea2026c6652dbaa06aeb\",\"name\":\"admin\",\"image\":{\"@type\":\"ImageObject\",\"@id\":\"https:\/\/esp.andalucia.com\/blog\/#personlogo\",\"inLanguage\":\"en-US\",\"url\":\"https:\/\/secure.gravatar.com\/avatar\/483f554353dd1f8b3b9ac7b28ff59e21?s=96&d=mm&r=g\",\"contentUrl\":\"https:\/\/secure.gravatar.com\/avatar\/483f554353dd1f8b3b9ac7b28ff59e21?s=96&d=mm&r=g\",\"caption\":\"admin\"}}]}<\/script>\n<!-- \/ Yoast SEO plugin. -->","jetpack_featured_media_url":"","jetpack_publicize_connections":[],"jetpack_sharing_enabled":true,"jetpack_shortlink":"https:\/\/wp.me\/p7VLto-eQ","_links":{"self":[{"href":"https:\/\/esp.andalucia.com\/blog\/wp-json\/wp\/v2\/posts\/920"}],"collection":[{"href":"https:\/\/esp.andalucia.com\/blog\/wp-json\/wp\/v2\/posts"}],"about":[{"href":"https:\/\/esp.andalucia.com\/blog\/wp-json\/wp\/v2\/types\/post"}],"author":[{"embeddable":true,"href":"https:\/\/esp.andalucia.com\/blog\/wp-json\/wp\/v2\/users\/1"}],"replies":[{"embeddable":true,"href":"https:\/\/esp.andalucia.com\/blog\/wp-json\/wp\/v2\/comments?post=920"}],"version-history":[{"count":35,"href":"https:\/\/esp.andalucia.com\/blog\/wp-json\/wp\/v2\/posts\/920\/revisions"}],"predecessor-version":[{"id":983,"href":"https:\/\/esp.andalucia.com\/blog\/wp-json\/wp\/v2\/posts\/920\/revisions\/983"}],"wp:attachment":[{"href":"https:\/\/esp.andalucia.com\/blog\/wp-json\/wp\/v2\/media?parent=920"}],"wp:term":[{"taxonomy":"category","embeddable":true,"href":"https:\/\/esp.andalucia.com\/blog\/wp-json\/wp\/v2\/categories?post=920"},{"taxonomy":"post_tag","embeddable":true,"href":"https:\/\/esp.andalucia.com\/blog\/wp-json\/wp\/v2\/tags?post=920"}],"curies":[{"name":"wp","href":"https:\/\/api.w.org\/{rel}","templated":true}]}}