{"id":821,"date":"2012-06-13T09:21:27","date_gmt":"2012-06-13T09:21:27","guid":{"rendered":"http:\/\/esp.andalucia.com\/blog\/?p=821"},"modified":"2012-06-13T09:21:27","modified_gmt":"2012-06-13T09:21:27","slug":"gastronomia-cine-flamenco-poesia-arte","status":"publish","type":"post","link":"https:\/\/esp.andalucia.com\/blog\/gastronomia-cine-flamenco-poesia-arte\/","title":{"rendered":"Gastronom\u00eda, Cine, Flamenco, Poes\u00eda&#8230; Arte."},"content":{"rendered":"<p><strong>Gastronom\u00eda, cine, flamenco, poes\u00eda&#8230; ARTE. Propuestas de ocio en distintos lugares de Andaluc\u00eda.<\/strong><\/p>\n<p>Si te gusta el jam\u00f3n de Huelva, no faltes este fin de semana a las II Jornadas de Gastronom\u00eda y Caza del municipio de <a href=\"http:\/\/www.esp.andalucia.com\/provincia\/huelva\/la-sierra\/corteconcepcion.htm\" target=\"_blank\"><strong>Corteconcepci\u00f3n<\/strong><\/a>. El domingo 17 acoger\u00e1 el <strong>I Campeonato Nacional de Cortadores de Jam\u00f3n<\/strong>. Los jamones para el corte ser\u00e1n Ib\u00e9rico de Bellota Reserva, premiado con las Tres Estrellas de Oro en el Great Taste Award 2011 de Reino Unido. Y los platos de jam\u00f3n resultantes se vender\u00e1n a los asistentes por tan solo tres euros.<\/p>\n<p><strong>Cine<\/strong><\/p>\n<p>El Centro de Arte Contempor\u00e1neo de M\u00e1laga contin\u00faa hoy, mi\u00e9rcoles 13, con su <a href=\"http:\/\/www.esp.andalucia.com\/eventos\/moreinfo.php?id=12289\" target=\"_blank\"><strong>Ciclo de Cine Noruego<\/strong><\/a>. A las 20 horas proyectar\u00e1 el largometraje &#8216;El hombre que amo Yngve&#8217;, en versi\u00f3n original subtitulada. La entrada es gratuita hasta completar aforo.<\/p>\n<p>En la <strong><a href=\"http:\/\/www.esp.andalucia.com\/eventos\/moreinfo.php?id=12279\" target=\"_blank\">Casa \u00c1rabe de C\u00f3rdoba<\/a><\/strong>, este viernes proyectar\u00e1n la pel\u00edcula &#8216;Yalla, yalla&#8217;, del director \u00e1rabe Jossef Fares. Ser\u00e1 a las 20 horas, con entrada gratuita hasta completar aforo.<\/p>\n<p>Hasta el domingo, 17, en Granada se est\u00e1 celebrando el <a href=\"http:\/\/www.juntadeandalucia.es\/cultura\/cinesurgranada\/?page_id=55\" target=\"_blank\"><strong>VI Festival de Granada Cines del Sur<\/strong><\/a>.<\/p>\n<p><strong>La Noche Blanca del Flamenco<\/strong><\/p>\n<p>La ciudad de C\u00f3rdoba celebra este fin de semana, la noche del s\u00e1bado 16 al domingo 17, la<strong> <a href=\"http:\/\/www.ayuncordoba.es\/la-noche-blanca-del-flamenco-2012.html\" target=\"_blank\">Noche Blanca del Flamenco<\/a><\/strong>, que en su quinta edici\u00f3n rinde tributo a <a href=\"http:\/\/www.esp.andalucia.com\/sociedad\/personajes\/camaron.htm\" target=\"_blank\">Camar\u00f3n de la Isla<\/a> en el veinte aniversario de su muerte. Las plazas de las Tendillas, de la Corredera, del Triunfo, del Cardenal Salazar y del Potro, entre otras, ser\u00e1n los escenarios en los que actuar\u00e1n artistas como Estrella Morente, Kiko Veneno, Tomatito Sexteto, Joaqu\u00edn Ruiz y muchos otros. Excepto el concierto de Estrella Morente, los espect\u00e1culos ser\u00e1n gratuitos.<\/p>\n<p>La Noche Blanca del Flamenco dar\u00e1 comienzo a las 22:30 horas del s\u00e1bado en la Plaza de las Tendillas y culminar\u00e1 a las 05:30 horas del domingo en la Plaza del Triunfo.<\/p>\n<p><strong>Poes\u00eda<\/strong><\/p>\n<p>El Museo Picasso M\u00e1laga celebra este jueves la segunda sesi\u00f3n de su <strong><a href=\"http:\/\/www.esp.andalucia.com\/eventos\/moreinfo.php?id=12292\" target=\"_blank\">Ciclo de Poes\u00eda<\/a><\/strong>. A las 21 horas, en el jard\u00edn del museo sonar\u00e1n los versos de \u00c1ngeles Mora. Su recital ser\u00e1 introducido por la poeta cordobesa afincada en M\u00e1laga Isabel P\u00e9rez Montalban.<\/p>\n","protected":false},"excerpt":{"rendered":"<p>Gastronom\u00eda, cine, flamenco, poes\u00eda&#8230; ARTE. Propuestas de ocio en distintos lugares de Andaluc\u00eda. Si te gusta el jam\u00f3n de Huelva, no faltes este fin de semana a las II Jornadas de Gastronom\u00eda y Caza del municipio de Corteconcepci\u00f3n. El domingo 17 acoger\u00e1 el I Campeonato Nacional de Cortadores de Jam\u00f3n. Los jamones para el corte [&hellip;]<\/p>\n","protected":false},"author":1,"featured_media":0,"comment_status":"open","ping_status":"open","sticky":false,"template":"","format":"standard","meta":{"_genesis_hide_title":false,"_genesis_hide_breadcrumbs":false,"_genesis_hide_singular_image":false,"_genesis_hide_footer_widgets":false,"_genesis_custom_body_class":"","_genesis_custom_post_class":"","_genesis_layout":"","spay_email":"","jetpack_publicize_message":"","jetpack_is_tweetstorm":false},"categories":[15,10,3,13,8,23,25,11,22,7],"tags":[],"yoast_head":"<!-- This site is optimized with the Yoast SEO plugin v16.1 - https:\/\/yoast.com\/wordpress\/plugins\/seo\/ -->\n<title>Gastronom\u00eda, Cine, Flamenco, Poes\u00eda... Arte. - Blog de Andalucia.com<\/title>\n<link rel=\"canonical\" href=\"https:\/\/esp.andalucia.com\/blog\/gastronomia-cine-flamenco-poesia-arte\/\" \/>\n<meta property=\"og:locale\" content=\"en_US\" \/>\n<meta property=\"og:type\" content=\"article\" \/>\n<meta property=\"og:title\" content=\"Gastronom\u00eda, Cine, Flamenco, Poes\u00eda... Arte. - Blog de Andalucia.com\" \/>\n<meta property=\"og:description\" content=\"Gastronom\u00eda, cine, flamenco, poes\u00eda&#8230; ARTE. Propuestas de ocio en distintos lugares de Andaluc\u00eda. Si te gusta el jam\u00f3n de Huelva, no faltes este fin de semana a las II Jornadas de Gastronom\u00eda y Caza del municipio de Corteconcepci\u00f3n. El domingo 17 acoger\u00e1 el I Campeonato Nacional de Cortadores de Jam\u00f3n. Los jamones para el corte [&hellip;]\" \/>\n<meta property=\"og:url\" content=\"https:\/\/esp.andalucia.com\/blog\/gastronomia-cine-flamenco-poesia-arte\/\" \/>\n<meta property=\"og:site_name\" content=\"Blog de Andalucia.com\" \/>\n<meta property=\"article:published_time\" content=\"2012-06-13T09:21:27+00:00\" \/>\n<meta name=\"twitter:card\" content=\"summary\" \/>\n<meta name=\"twitter:label1\" content=\"Est. reading time\">\n\t<meta name=\"twitter:data1\" content=\"2 minutes\">\n<script type=\"application\/ld+json\" class=\"yoast-schema-graph\">{\"@context\":\"https:\/\/schema.org\",\"@graph\":[{\"@type\":\"WebSite\",\"@id\":\"https:\/\/esp.andalucia.com\/blog\/#website\",\"url\":\"https:\/\/esp.andalucia.com\/blog\/\",\"name\":\"Blog de Andalucia.com\",\"description\":\"Blog de Andalucia\",\"potentialAction\":[{\"@type\":\"SearchAction\",\"target\":\"https:\/\/esp.andalucia.com\/blog\/?s={search_term_string}\",\"query-input\":\"required name=search_term_string\"}],\"inLanguage\":\"en-US\"},{\"@type\":\"WebPage\",\"@id\":\"https:\/\/esp.andalucia.com\/blog\/gastronomia-cine-flamenco-poesia-arte\/#webpage\",\"url\":\"https:\/\/esp.andalucia.com\/blog\/gastronomia-cine-flamenco-poesia-arte\/\",\"name\":\"Gastronom\\u00eda, Cine, Flamenco, Poes\\u00eda... Arte. - Blog de Andalucia.com\",\"isPartOf\":{\"@id\":\"https:\/\/esp.andalucia.com\/blog\/#website\"},\"datePublished\":\"2012-06-13T09:21:27+00:00\",\"dateModified\":\"2012-06-13T09:21:27+00:00\",\"author\":{\"@id\":\"https:\/\/esp.andalucia.com\/blog\/#\/schema\/person\/764d18c08907ea2026c6652dbaa06aeb\"},\"breadcrumb\":{\"@id\":\"https:\/\/esp.andalucia.com\/blog\/gastronomia-cine-flamenco-poesia-arte\/#breadcrumb\"},\"inLanguage\":\"en-US\",\"potentialAction\":[{\"@type\":\"ReadAction\",\"target\":[\"https:\/\/esp.andalucia.com\/blog\/gastronomia-cine-flamenco-poesia-arte\/\"]}]},{\"@type\":\"BreadcrumbList\",\"@id\":\"https:\/\/esp.andalucia.com\/blog\/gastronomia-cine-flamenco-poesia-arte\/#breadcrumb\",\"itemListElement\":[{\"@type\":\"ListItem\",\"position\":1,\"item\":{\"@type\":\"WebPage\",\"@id\":\"https:\/\/esp.andalucia.com\/blog\/\",\"url\":\"https:\/\/esp.andalucia.com\/blog\/\",\"name\":\"Portada\"}},{\"@type\":\"ListItem\",\"position\":2,\"item\":{\"@type\":\"WebPage\",\"@id\":\"https:\/\/esp.andalucia.com\/blog\/gastronomia-cine-flamenco-poesia-arte\/\",\"url\":\"https:\/\/esp.andalucia.com\/blog\/gastronomia-cine-flamenco-poesia-arte\/\",\"name\":\"Gastronom\\u00eda, Cine, Flamenco, Poes\\u00eda&#8230; Arte.\"}}]},{\"@type\":\"Person\",\"@id\":\"https:\/\/esp.andalucia.com\/blog\/#\/schema\/person\/764d18c08907ea2026c6652dbaa06aeb\",\"name\":\"admin\",\"image\":{\"@type\":\"ImageObject\",\"@id\":\"https:\/\/esp.andalucia.com\/blog\/#personlogo\",\"inLanguage\":\"en-US\",\"url\":\"https:\/\/secure.gravatar.com\/avatar\/483f554353dd1f8b3b9ac7b28ff59e21?s=96&d=mm&r=g\",\"contentUrl\":\"https:\/\/secure.gravatar.com\/avatar\/483f554353dd1f8b3b9ac7b28ff59e21?s=96&d=mm&r=g\",\"caption\":\"admin\"}}]}<\/script>\n<!-- \/ Yoast SEO plugin. -->","jetpack_featured_media_url":"","jetpack_publicize_connections":[],"jetpack_sharing_enabled":true,"jetpack_shortlink":"https:\/\/wp.me\/p7VLto-df","_links":{"self":[{"href":"https:\/\/esp.andalucia.com\/blog\/wp-json\/wp\/v2\/posts\/821"}],"collection":[{"href":"https:\/\/esp.andalucia.com\/blog\/wp-json\/wp\/v2\/posts"}],"about":[{"href":"https:\/\/esp.andalucia.com\/blog\/wp-json\/wp\/v2\/types\/post"}],"author":[{"embeddable":true,"href":"https:\/\/esp.andalucia.com\/blog\/wp-json\/wp\/v2\/users\/1"}],"replies":[{"embeddable":true,"href":"https:\/\/esp.andalucia.com\/blog\/wp-json\/wp\/v2\/comments?post=821"}],"version-history":[{"count":3,"href":"https:\/\/esp.andalucia.com\/blog\/wp-json\/wp\/v2\/posts\/821\/revisions"}],"predecessor-version":[{"id":824,"href":"https:\/\/esp.andalucia.com\/blog\/wp-json\/wp\/v2\/posts\/821\/revisions\/824"}],"wp:attachment":[{"href":"https:\/\/esp.andalucia.com\/blog\/wp-json\/wp\/v2\/media?parent=821"}],"wp:term":[{"taxonomy":"category","embeddable":true,"href":"https:\/\/esp.andalucia.com\/blog\/wp-json\/wp\/v2\/categories?post=821"},{"taxonomy":"post_tag","embeddable":true,"href":"https:\/\/esp.andalucia.com\/blog\/wp-json\/wp\/v2\/tags?post=821"}],"curies":[{"name":"wp","href":"https:\/\/api.w.org\/{rel}","templated":true}]}}