{"id":803,"date":"2012-03-11T14:01:19","date_gmt":"2012-03-11T14:01:19","guid":{"rendered":"http:\/\/esp.andalucia.com\/blog\/?p=803"},"modified":"2012-03-11T14:01:19","modified_gmt":"2012-03-11T14:01:19","slug":"cita-con-picasso-y-la-musica-antigua","status":"publish","type":"post","link":"https:\/\/esp.andalucia.com\/blog\/cita-con-picasso-y-la-musica-antigua\/","title":{"rendered":"Cita con Picasso y la m\u00fasica antigua"},"content":{"rendered":"<p>El <strong>Museo Picasso de M\u00e1laga<\/strong> acaba de inaugurar una nueva exposici\u00f3n temporal sobre la figura del artista que le da nombre: <strong>&#8216;Conmigo, yo mismo, yo. Retratos fotogr\u00e1ficos de Picasso&#8217;<\/strong>. A trav\u00e9s de 166 im\u00e1genes fotogr\u00e1ficas, se nos muestra la relaci\u00f3n que el artista malague\u00f1o mantuvo con la fotograf\u00eda desde principios del siglo XX. Fotograf\u00edas que fueron tomadas por sus amigos artistas y en las que Picasso aparece rodeado de conocidos y amigos; adem\u00e1s de retratos m\u00e1s r\u00edgidos y controlados que son obras de reconocidos fot\u00f3grafos, m\u00e1ximos exponentes de la historia de la fotograf\u00eda como Richard Avedon, Henri Cartier-Bresson y Robert Capa, entre otros.<\/p>\n<p>Las fotograf\u00edas que componen la muestra proceden de destacadas colecciones privadas y p\u00fablicas, nacionales e internacionales. Entre ellas, el Museo Nacional de Arte Reina Sof\u00eda de Madrid, Museu Picasso de Barcelona, Fundation Henri Cartier-Bresson de Par\u00eds, Lee Miller Archives de Chiddingly (Reino Unido), The Richard Avedon Fundation de Nueva York&#8230;<\/p>\n<p>Esta <a href=\"http:\/\/www.esp.andalucia.com\/eventos\/moreinfo.php?id=12162\" target=\"_blank\">exposici\u00f3n<\/a>, abierta al p\u00fablico hasta el 10 de junio, es una cita ineludible para los amantes de la fotograf\u00eda y de la figura de <a href=\"http:\/\/www.esp.andalucia.com\/sociedad\/personajes\/picasso.htm\" target=\"_blank\">Picasso<\/a>. Los visitantes tambi\u00e9n podr\u00e1n contemplar un fragmento de la pel\u00edcula &#8216;Incontrare Picasso&#8217; en la que se ve a Picasso pintando los muros de la capilla de Vallauris; adem\u00e1s de retratos de los fot\u00f3grafos representados en la exposici\u00f3n.<\/p>\n<p><strong>XXIX Festival de M\u00fasica Antigua de Sevilla<\/strong><\/p>\n<p>Hasta finales de este mes, <a href=\"http:\/\/www.esp.andalucia.com\/ciudades\/sevilla\/home.htm\" target=\"_blank\">Sevilla<\/a> es la capital de la m\u00fasica antigua. Un total de 26 conciertos se celebrar\u00e1n hasta el 31 de este mes en siete espacios esc\u00e9nicos especialmente elegidos por su belleza y valor patrimonial: la Santa Iglesia Catedral, el Convento de Santa Paula, Convento de Santa Isabel, Iglesia de San Alberto, Iglesia de Santa Ana, Centro Cultural Cajasol-Sala Joaqu\u00edn Turina y Espacio Santa Clara.<\/p>\n<p>Agrupaciones y solistas nacionales e internacional ser\u00e1n los protagonistas de la <a href=\"http:\/\/www.esp.andalucia.com\/eventos\/moreinfo.php?id=12170\" target=\"_blank\">programaci\u00f3n de XXIX Festival de M\u00fasica Antigua de Sevilla<\/a>. Incluye un ciclo dedicado a los m\u00fasicos sevillanos, conciertos did\u00e1cticos para alumnos de primaria que se desarrollar\u00e1n durante la ma\u00f1ana del 30 de marzo en la Iglesia de San Alberto y exposiciones de diferentes instrumentos musicales en el Espacio Santa Clara.<\/p>\n","protected":false},"excerpt":{"rendered":"<p>El Museo Picasso de M\u00e1laga acaba de inaugurar una nueva exposici\u00f3n temporal sobre la figura del artista que le da nombre: &#8216;Conmigo, yo mismo, yo. Retratos fotogr\u00e1ficos de Picasso&#8217;. A trav\u00e9s de 166 im\u00e1genes fotogr\u00e1ficas, se nos muestra la relaci\u00f3n que el artista malague\u00f1o mantuvo con la fotograf\u00eda desde principios del siglo XX. Fotograf\u00edas que [&hellip;]<\/p>\n","protected":false},"author":1,"featured_media":0,"comment_status":"open","ping_status":"open","sticky":false,"template":"","format":"standard","meta":{"_genesis_hide_title":false,"_genesis_hide_breadcrumbs":false,"_genesis_hide_singular_image":false,"_genesis_hide_footer_widgets":false,"_genesis_custom_body_class":"","_genesis_custom_post_class":"","_genesis_layout":"","spay_email":"","jetpack_publicize_message":"","jetpack_is_tweetstorm":false},"categories":[15,3,29,13,27,25,5,11,22],"tags":[],"yoast_head":"<!-- This site is optimized with the Yoast SEO plugin v16.1 - https:\/\/yoast.com\/wordpress\/plugins\/seo\/ -->\n<title>Cita con Picasso y la m\u00fasica antigua - Blog de Andalucia.com<\/title>\n<link rel=\"canonical\" href=\"https:\/\/esp.andalucia.com\/blog\/cita-con-picasso-y-la-musica-antigua\/\" \/>\n<meta property=\"og:locale\" content=\"en_US\" \/>\n<meta property=\"og:type\" content=\"article\" \/>\n<meta property=\"og:title\" content=\"Cita con Picasso y la m\u00fasica antigua - Blog de Andalucia.com\" \/>\n<meta property=\"og:description\" content=\"El Museo Picasso de M\u00e1laga acaba de inaugurar una nueva exposici\u00f3n temporal sobre la figura del artista que le da nombre: &#8216;Conmigo, yo mismo, yo. Retratos fotogr\u00e1ficos de Picasso&#8217;. A trav\u00e9s de 166 im\u00e1genes fotogr\u00e1ficas, se nos muestra la relaci\u00f3n que el artista malague\u00f1o mantuvo con la fotograf\u00eda desde principios del siglo XX. Fotograf\u00edas que [&hellip;]\" \/>\n<meta property=\"og:url\" content=\"https:\/\/esp.andalucia.com\/blog\/cita-con-picasso-y-la-musica-antigua\/\" \/>\n<meta property=\"og:site_name\" content=\"Blog de Andalucia.com\" \/>\n<meta property=\"article:published_time\" content=\"2012-03-11T14:01:19+00:00\" \/>\n<meta name=\"twitter:card\" content=\"summary\" \/>\n<meta name=\"twitter:label1\" content=\"Est. reading time\">\n\t<meta name=\"twitter:data1\" content=\"2 minutes\">\n<script type=\"application\/ld+json\" class=\"yoast-schema-graph\">{\"@context\":\"https:\/\/schema.org\",\"@graph\":[{\"@type\":\"WebSite\",\"@id\":\"https:\/\/esp.andalucia.com\/blog\/#website\",\"url\":\"https:\/\/esp.andalucia.com\/blog\/\",\"name\":\"Blog de Andalucia.com\",\"description\":\"Blog de Andalucia\",\"potentialAction\":[{\"@type\":\"SearchAction\",\"target\":\"https:\/\/esp.andalucia.com\/blog\/?s={search_term_string}\",\"query-input\":\"required name=search_term_string\"}],\"inLanguage\":\"en-US\"},{\"@type\":\"WebPage\",\"@id\":\"https:\/\/esp.andalucia.com\/blog\/cita-con-picasso-y-la-musica-antigua\/#webpage\",\"url\":\"https:\/\/esp.andalucia.com\/blog\/cita-con-picasso-y-la-musica-antigua\/\",\"name\":\"Cita con Picasso y la m\\u00fasica antigua - Blog de Andalucia.com\",\"isPartOf\":{\"@id\":\"https:\/\/esp.andalucia.com\/blog\/#website\"},\"datePublished\":\"2012-03-11T14:01:19+00:00\",\"dateModified\":\"2012-03-11T14:01:19+00:00\",\"author\":{\"@id\":\"https:\/\/esp.andalucia.com\/blog\/#\/schema\/person\/764d18c08907ea2026c6652dbaa06aeb\"},\"breadcrumb\":{\"@id\":\"https:\/\/esp.andalucia.com\/blog\/cita-con-picasso-y-la-musica-antigua\/#breadcrumb\"},\"inLanguage\":\"en-US\",\"potentialAction\":[{\"@type\":\"ReadAction\",\"target\":[\"https:\/\/esp.andalucia.com\/blog\/cita-con-picasso-y-la-musica-antigua\/\"]}]},{\"@type\":\"BreadcrumbList\",\"@id\":\"https:\/\/esp.andalucia.com\/blog\/cita-con-picasso-y-la-musica-antigua\/#breadcrumb\",\"itemListElement\":[{\"@type\":\"ListItem\",\"position\":1,\"item\":{\"@type\":\"WebPage\",\"@id\":\"https:\/\/esp.andalucia.com\/blog\/\",\"url\":\"https:\/\/esp.andalucia.com\/blog\/\",\"name\":\"Portada\"}},{\"@type\":\"ListItem\",\"position\":2,\"item\":{\"@type\":\"WebPage\",\"@id\":\"https:\/\/esp.andalucia.com\/blog\/cita-con-picasso-y-la-musica-antigua\/\",\"url\":\"https:\/\/esp.andalucia.com\/blog\/cita-con-picasso-y-la-musica-antigua\/\",\"name\":\"Cita con Picasso y la m\\u00fasica antigua\"}}]},{\"@type\":\"Person\",\"@id\":\"https:\/\/esp.andalucia.com\/blog\/#\/schema\/person\/764d18c08907ea2026c6652dbaa06aeb\",\"name\":\"admin\",\"image\":{\"@type\":\"ImageObject\",\"@id\":\"https:\/\/esp.andalucia.com\/blog\/#personlogo\",\"inLanguage\":\"en-US\",\"url\":\"https:\/\/secure.gravatar.com\/avatar\/483f554353dd1f8b3b9ac7b28ff59e21?s=96&d=mm&r=g\",\"contentUrl\":\"https:\/\/secure.gravatar.com\/avatar\/483f554353dd1f8b3b9ac7b28ff59e21?s=96&d=mm&r=g\",\"caption\":\"admin\"}}]}<\/script>\n<!-- \/ Yoast SEO plugin. -->","jetpack_featured_media_url":"","jetpack_publicize_connections":[],"jetpack_sharing_enabled":true,"jetpack_shortlink":"https:\/\/wp.me\/p7VLto-cX","_links":{"self":[{"href":"https:\/\/esp.andalucia.com\/blog\/wp-json\/wp\/v2\/posts\/803"}],"collection":[{"href":"https:\/\/esp.andalucia.com\/blog\/wp-json\/wp\/v2\/posts"}],"about":[{"href":"https:\/\/esp.andalucia.com\/blog\/wp-json\/wp\/v2\/types\/post"}],"author":[{"embeddable":true,"href":"https:\/\/esp.andalucia.com\/blog\/wp-json\/wp\/v2\/users\/1"}],"replies":[{"embeddable":true,"href":"https:\/\/esp.andalucia.com\/blog\/wp-json\/wp\/v2\/comments?post=803"}],"version-history":[{"count":2,"href":"https:\/\/esp.andalucia.com\/blog\/wp-json\/wp\/v2\/posts\/803\/revisions"}],"predecessor-version":[{"id":805,"href":"https:\/\/esp.andalucia.com\/blog\/wp-json\/wp\/v2\/posts\/803\/revisions\/805"}],"wp:attachment":[{"href":"https:\/\/esp.andalucia.com\/blog\/wp-json\/wp\/v2\/media?parent=803"}],"wp:term":[{"taxonomy":"category","embeddable":true,"href":"https:\/\/esp.andalucia.com\/blog\/wp-json\/wp\/v2\/categories?post=803"},{"taxonomy":"post_tag","embeddable":true,"href":"https:\/\/esp.andalucia.com\/blog\/wp-json\/wp\/v2\/tags?post=803"}],"curies":[{"name":"wp","href":"https:\/\/api.w.org\/{rel}","templated":true}]}}