{"id":787,"date":"2012-02-09T10:31:44","date_gmt":"2012-02-09T10:31:44","guid":{"rendered":"http:\/\/esp.andalucia.com\/blog\/?p=787"},"modified":"2012-02-09T10:31:44","modified_gmt":"2012-02-09T10:31:44","slug":"xvi-festival-de-jerez-y-flamenco-viene-del-sur","status":"publish","type":"post","link":"https:\/\/esp.andalucia.com\/blog\/xvi-festival-de-jerez-y-flamenco-viene-del-sur\/","title":{"rendered":"XVI Festival de Jerez y Flamenco Viene del Sur"},"content":{"rendered":"<p>El pr\u00f3ximo 24 de febrero comenzar\u00e1 el XVI Festival de Jerez, un evento que tiene como objetivo difundir el flamenco, apoyar la creaci\u00f3n y el encuentro de otras artes y promover la formaci\u00f3n con el baile como hilo conductor. El Teatro Villamarta y otros edificios singulares y espacios p\u00fablicos de la ciudad acoger\u00e1n los diferentes actos del programa del festival. Entre los espect\u00e1culos que podr\u00e1n verse en el Teatro Villamarta: &#8216;Met\u00e1fora&#8217;, del Ballet Flamenco de Andaluc\u00eda; &#8216;Ensayo flamenco 2012&#8217;, de Carmen Linares; &#8216;La curva&#8217;, de <a href=\"http:\/\/www.esp.andalucia.com\/sociedad\/personajes\/israel-galvan.htm\" target=\"_blank\">Israel Galv\u00e1n<\/a>; &#8216;Made in Jerez&#8217;, de Gerardo N\u00fa\u00f1ez; y &#8216;La mar de flamenco&#8217;, de Joaqu\u00edn Grilo.<\/p>\n<p>El <a href=\"http:\/\/www.jerez.es\/areas_tematicas\/festival_jerez\/\" target=\"_blank\">XVI Festival de Jerez<\/a> se celebra entre el 24 de febrero y el 10 de marzo.<\/p>\n<p><strong>Flamenco Viene del Sur 2012<\/strong><\/p>\n<p>Desde el pr\u00f3ximo 27 de febrero y hasta el 11 de julio, lo mejor del arte flamenco podr\u00e1 contemplarse en diferentes escenarios de siete capitales andaluzas. La inauguraci\u00f3n del <strong>ciclo Flamenco Viene del Sur 2012 <\/strong>tendr\u00e1 lugar en el Teatro Alhambra de <strong><a href=\"http:\/\/www.esp.andalucia.com\/ciudades\/granada\/home.htm\" target=\"_blank\">Granada<\/a><\/strong>, con el espect\u00e1culo &#8216;Danzacal\u00ed&#8217; de Antonio El Pipa Compa\u00f1\u00eda de Flamenco. En este mismo escenario se presentar\u00e1n 8 espect\u00e1culos m\u00e1s entre el 12 de marzo y el 21 de mayo.<\/p>\n<p>En el Teatro C\u00e1novas de <strong><a href=\"http:\/\/www.esp.andalucia.com\/ciudades\/malaga\/home.htm\" target=\"_blank\">M\u00e1laga<\/a><\/strong>, el ciclo Flamenco Viene del Sur 2012 se desarrollar\u00e1 entre el 28 de febrero y el 23 de mayo. Artistas que pasar\u00e1n por este escenario: Diego del Morao, Leonor Leal y Olga Pericet, entre otros.<\/p>\n<p>El Auditorio Maestro Padilla y el Teatro Apolo de <strong><a href=\"http:\/\/www.esp.andalucia.com\/ciudades\/almeria\/home.htm\" target=\"_blank\">Almer\u00eda<\/a><\/strong> recibir\u00e1n a los artistas del ciclo flamenco entre el 13 de abril y el 10 de mayo. El Teatro Darymelia de <strong><a href=\"http:\/\/www.esp.andalucia.com\/ciudades\/jaen\/home.htm\" target=\"_blank\">Ja\u00e9n<\/a><\/strong> estar\u00e1 con David Palomar el 1 de marzo y con Bel\u00e9n Maya el 10 de marzo. El escenario de La Cochera del Puerto de <strong><a href=\"http:\/\/www.esp.andalucia.com\/ciudades\/huelva\/home.htm\" target=\"_blank\">Huelva<\/a><\/strong> acoger\u00e1 al Ballet Flamenco de Andaluc\u00eda los d\u00edas 9 y 10 de marzo, a Jos\u00e9 Antonio Rodr\u00edguez el 24 de marzo y a la Compa\u00f1\u00eda Ana Morales el 13 de abril.<\/p>\n<p>Flamenco Viene del Sur 2012 llegar\u00e1 al Teatro Central de <strong><a href=\"http:\/\/www.esp.andalucia.com\/ciudades\/sevilla\/home.htm\" target=\"_blank\">Sevilla<\/a><\/strong> el 6 de marzo, con el espect\u00e1culo &#8216;Flamenco cl\u00e1sico&#8217; de Mayte Mart\u00edn, y se quedar\u00e1 hasta el 29 de mayo. En <strong><a href=\"http:\/\/www.esp.andalucia.com\/ciudades\/cordoba\/home.htm\" target=\"_blank\">C\u00f3rdoba<\/a><\/strong> llegar\u00e1 a su fin el 11 de julio con el espect\u00e1culo &#8216;Met\u00e1fora&#8217; del Ballet Flamenco de Andaluc\u00eda en el Gran Teatro.<\/p>\n<p>En total, 32 espect\u00e1culos, 53 funciones y 170 artistas de 34 compa\u00f1\u00edas componen la programaci\u00f3n del ciclo\u00a0<a href=\"http:\/\/www.juntadeandalucia.es\/cultura\/web\/areas\/flamenco\/sites\/consejeria\/areas\/flamenco\/flamenco_viene_sur\" target=\"_blank\">Flamenco Viene del Sur 2012<\/a>.<\/p>\n","protected":false},"excerpt":{"rendered":"<p>El pr\u00f3ximo 24 de febrero comenzar\u00e1 el XVI Festival de Jerez, un evento que tiene como objetivo difundir el flamenco, apoyar la creaci\u00f3n y el encuentro de otras artes y promover la formaci\u00f3n con el baile como hilo conductor. El Teatro Villamarta y otros edificios singulares y espacios p\u00fablicos de la ciudad acoger\u00e1n los diferentes [&hellip;]<\/p>\n","protected":false},"author":1,"featured_media":0,"comment_status":"open","ping_status":"open","sticky":false,"template":"","format":"standard","meta":{"_genesis_hide_title":false,"_genesis_hide_breadcrumbs":false,"_genesis_hide_singular_image":false,"_genesis_hide_footer_widgets":false,"_genesis_custom_body_class":"","_genesis_custom_post_class":"","_genesis_layout":"","spay_email":"","jetpack_publicize_message":"","jetpack_is_tweetstorm":false},"categories":[15,3,16,29,13,9,8,5,11,22],"tags":[],"yoast_head":"<!-- This site is optimized with the Yoast SEO plugin v16.1 - https:\/\/yoast.com\/wordpress\/plugins\/seo\/ -->\n<title>XVI Festival de Jerez y Flamenco Viene del Sur - Blog de Andalucia.com<\/title>\n<link rel=\"canonical\" href=\"https:\/\/esp.andalucia.com\/blog\/xvi-festival-de-jerez-y-flamenco-viene-del-sur\/\" \/>\n<meta property=\"og:locale\" content=\"en_US\" \/>\n<meta property=\"og:type\" content=\"article\" \/>\n<meta property=\"og:title\" content=\"XVI Festival de Jerez y Flamenco Viene del Sur - Blog de Andalucia.com\" \/>\n<meta property=\"og:description\" content=\"El pr\u00f3ximo 24 de febrero comenzar\u00e1 el XVI Festival de Jerez, un evento que tiene como objetivo difundir el flamenco, apoyar la creaci\u00f3n y el encuentro de otras artes y promover la formaci\u00f3n con el baile como hilo conductor. El Teatro Villamarta y otros edificios singulares y espacios p\u00fablicos de la ciudad acoger\u00e1n los diferentes [&hellip;]\" \/>\n<meta property=\"og:url\" content=\"https:\/\/esp.andalucia.com\/blog\/xvi-festival-de-jerez-y-flamenco-viene-del-sur\/\" \/>\n<meta property=\"og:site_name\" content=\"Blog de Andalucia.com\" \/>\n<meta property=\"article:published_time\" content=\"2012-02-09T10:31:44+00:00\" \/>\n<meta name=\"twitter:card\" content=\"summary\" \/>\n<meta name=\"twitter:label1\" content=\"Est. reading time\">\n\t<meta name=\"twitter:data1\" content=\"2 minutes\">\n<script type=\"application\/ld+json\" class=\"yoast-schema-graph\">{\"@context\":\"https:\/\/schema.org\",\"@graph\":[{\"@type\":\"WebSite\",\"@id\":\"https:\/\/esp.andalucia.com\/blog\/#website\",\"url\":\"https:\/\/esp.andalucia.com\/blog\/\",\"name\":\"Blog de Andalucia.com\",\"description\":\"Blog de Andalucia\",\"potentialAction\":[{\"@type\":\"SearchAction\",\"target\":\"https:\/\/esp.andalucia.com\/blog\/?s={search_term_string}\",\"query-input\":\"required name=search_term_string\"}],\"inLanguage\":\"en-US\"},{\"@type\":\"WebPage\",\"@id\":\"https:\/\/esp.andalucia.com\/blog\/xvi-festival-de-jerez-y-flamenco-viene-del-sur\/#webpage\",\"url\":\"https:\/\/esp.andalucia.com\/blog\/xvi-festival-de-jerez-y-flamenco-viene-del-sur\/\",\"name\":\"XVI Festival de Jerez y Flamenco Viene del Sur - Blog de Andalucia.com\",\"isPartOf\":{\"@id\":\"https:\/\/esp.andalucia.com\/blog\/#website\"},\"datePublished\":\"2012-02-09T10:31:44+00:00\",\"dateModified\":\"2012-02-09T10:31:44+00:00\",\"author\":{\"@id\":\"https:\/\/esp.andalucia.com\/blog\/#\/schema\/person\/764d18c08907ea2026c6652dbaa06aeb\"},\"breadcrumb\":{\"@id\":\"https:\/\/esp.andalucia.com\/blog\/xvi-festival-de-jerez-y-flamenco-viene-del-sur\/#breadcrumb\"},\"inLanguage\":\"en-US\",\"potentialAction\":[{\"@type\":\"ReadAction\",\"target\":[\"https:\/\/esp.andalucia.com\/blog\/xvi-festival-de-jerez-y-flamenco-viene-del-sur\/\"]}]},{\"@type\":\"BreadcrumbList\",\"@id\":\"https:\/\/esp.andalucia.com\/blog\/xvi-festival-de-jerez-y-flamenco-viene-del-sur\/#breadcrumb\",\"itemListElement\":[{\"@type\":\"ListItem\",\"position\":1,\"item\":{\"@type\":\"WebPage\",\"@id\":\"https:\/\/esp.andalucia.com\/blog\/\",\"url\":\"https:\/\/esp.andalucia.com\/blog\/\",\"name\":\"Portada\"}},{\"@type\":\"ListItem\",\"position\":2,\"item\":{\"@type\":\"WebPage\",\"@id\":\"https:\/\/esp.andalucia.com\/blog\/xvi-festival-de-jerez-y-flamenco-viene-del-sur\/\",\"url\":\"https:\/\/esp.andalucia.com\/blog\/xvi-festival-de-jerez-y-flamenco-viene-del-sur\/\",\"name\":\"XVI Festival de Jerez y Flamenco Viene del Sur\"}}]},{\"@type\":\"Person\",\"@id\":\"https:\/\/esp.andalucia.com\/blog\/#\/schema\/person\/764d18c08907ea2026c6652dbaa06aeb\",\"name\":\"admin\",\"image\":{\"@type\":\"ImageObject\",\"@id\":\"https:\/\/esp.andalucia.com\/blog\/#personlogo\",\"inLanguage\":\"en-US\",\"url\":\"https:\/\/secure.gravatar.com\/avatar\/483f554353dd1f8b3b9ac7b28ff59e21?s=96&d=mm&r=g\",\"contentUrl\":\"https:\/\/secure.gravatar.com\/avatar\/483f554353dd1f8b3b9ac7b28ff59e21?s=96&d=mm&r=g\",\"caption\":\"admin\"}}]}<\/script>\n<!-- \/ Yoast SEO plugin. -->","jetpack_featured_media_url":"","jetpack_publicize_connections":[],"jetpack_sharing_enabled":true,"jetpack_shortlink":"https:\/\/wp.me\/p7VLto-cH","_links":{"self":[{"href":"https:\/\/esp.andalucia.com\/blog\/wp-json\/wp\/v2\/posts\/787"}],"collection":[{"href":"https:\/\/esp.andalucia.com\/blog\/wp-json\/wp\/v2\/posts"}],"about":[{"href":"https:\/\/esp.andalucia.com\/blog\/wp-json\/wp\/v2\/types\/post"}],"author":[{"embeddable":true,"href":"https:\/\/esp.andalucia.com\/blog\/wp-json\/wp\/v2\/users\/1"}],"replies":[{"embeddable":true,"href":"https:\/\/esp.andalucia.com\/blog\/wp-json\/wp\/v2\/comments?post=787"}],"version-history":[{"count":3,"href":"https:\/\/esp.andalucia.com\/blog\/wp-json\/wp\/v2\/posts\/787\/revisions"}],"predecessor-version":[{"id":790,"href":"https:\/\/esp.andalucia.com\/blog\/wp-json\/wp\/v2\/posts\/787\/revisions\/790"}],"wp:attachment":[{"href":"https:\/\/esp.andalucia.com\/blog\/wp-json\/wp\/v2\/media?parent=787"}],"wp:term":[{"taxonomy":"category","embeddable":true,"href":"https:\/\/esp.andalucia.com\/blog\/wp-json\/wp\/v2\/categories?post=787"},{"taxonomy":"post_tag","embeddable":true,"href":"https:\/\/esp.andalucia.com\/blog\/wp-json\/wp\/v2\/tags?post=787"}],"curies":[{"name":"wp","href":"https:\/\/api.w.org\/{rel}","templated":true}]}}