{"id":759,"date":"2011-09-30T15:50:11","date_gmt":"2011-09-30T15:50:11","guid":{"rendered":"http:\/\/esp.andalucia.com\/blog\/?p=759"},"modified":"2011-09-30T15:50:11","modified_gmt":"2011-09-30T15:50:11","slug":"flamenco-cine-deporte-y-mas-arte","status":"publish","type":"post","link":"https:\/\/esp.andalucia.com\/blog\/flamenco-cine-deporte-y-mas-arte\/","title":{"rendered":"Flamenco, cine, deporte y m\u00e1s arte"},"content":{"rendered":"<p>El bailaor jerezano <strong>Antonio &#8216;El Pipa&#8217;<\/strong> reestrena este s\u00e1bado su espect\u00e1culo <em>Danzacal\u00ed. Danzar de los gitanos<\/em>. Ser\u00e1 a las ocho y media de la tarde, en el mismo escenario en el que lo estren\u00f3 con motivo del <a href=\"http:\/\/www.esp.andalucia.com\/ocio\/fiestaslocales\/xv-festival-de-jerez.htm\" target=\"_blank\">XV Festival de Jerez<\/a>: el Teatro Villamarta.<\/p>\n<p>Desde hoy y hasta el domingo, 2 de octubre, la compa\u00f1\u00eda The Imperial Ice Stars ofrecer\u00e1 cinco funciones del espect\u00e1culo sobre hielo <strong><em>El lago de los cisnes<\/em><\/strong>, en el Palacio de Congresos de <a href=\"http:\/\/www.esp.andalucia.com\/ciudades\/granada\/home.htm\" target=\"_blank\">Granada<\/a>. Entre los patinadores que llevan a escena esta conocida obra del compositor ruso Tchaikovski, se encuentran numerosos medallistas ol\u00edmpicos.<\/p>\n<p>En <a href=\"http:\/\/www.esp.andalucia.com\/ciudades\/malaga\/home.htm\" target=\"_blank\">M\u00e1laga<\/a>, hoy comienza el <strong>XVII Festival de Cine Franc\u00e9s<\/strong>. Hasta el pr\u00f3ximo 8 de octubre, en el Cine Alb\u00e9niz se proyectar\u00e1n 29 largometrajes y 6 cortometrajes en versi\u00f3n original subtituladas en castellano.<\/p>\n<p>La exposici\u00f3n <strong><em>Mir\u00f3, su lucha contra la dictadura<\/em><\/strong> cerrar\u00e1 sus puertas a las ocho de la tarde de este domingo. La muestra, en la <a href=\"http:\/\/fundacionpicasso.malaga.eu\/opencms\/opencms\/fundacionpicasso\/portal_es\/portada\" target=\"_blank\">Fundaci\u00f3n Picasso<\/a>, que se inaugur\u00f3 el pasado 23 de junio, re\u00fane por primera vez en Andaluc\u00eda un centenar de piezas: dibujos, grabados, documentos, esculturas y objetos de Joan Mir\u00f3.<\/p>\n<p>El <strong>2\u00ba Festival Internacional de Cine Cient\u00edfico y Ambiental de Do\u00f1ana (FICCAD 2011)<\/strong> se celebrar\u00e1 en el municipio onubense de <a href=\"http:\/\/www.esp.andalucia.com\/provincia\/huelva\/la-costa\/almonte.htm\" target=\"_blank\">Almonte<\/a> entre los d\u00edas 3 y 7 de octubre. Los largometrajes del festival se proyectar\u00e1n en el Ciecema de Almonte a las nueve y media de la noche. Los cortometrajes se proyectar\u00e1n en el Auditorio del Hotel Tierra Mar de Matalasca\u00f1a a las seis y media de la tarde. La entrada en ambos casos es gratuita.<\/p>\n<p>En el municipio onubense de <a href=\"http:\/\/www.esp.andalucia.com\/provincia\/huelva\/el-andevalo\/puebla-de-guzman.htm\" target=\"_blank\">La Puebla de Guzm\u00e1n<\/a>, se est\u00e1 celebrando desde hoy el <strong>XL Campeonato de Espa\u00f1a de Doma Vaquera<\/strong>. Los mejores jinetes de Espa\u00f1a en esta modalidad, finalistas en al menos tres concursos nacionales, se dar\u00e1n cita en la Pista H\u00edpica La Fuentecilla. La primera semifinal ser\u00e1 a las siete de esta tarde, la segunda ma\u00f1ana s\u00e1bado a la misma hora y la gran final ser\u00e1 este domingo a las dos y media de la tarde.<\/p>\n<p>Terminamos felicitando al actor gaditano, de <a href=\"http:\/\/www.esp.andalucia.com\/provincia\/cadiz\/bajo-guadalquivir\/trebujena.htm\" target=\"_blank\">Trebujena<\/a>, <strong>Juli\u00e1n Villagr\u00e1n<\/strong>, por su premio al Mejor Actor del Fantastic Fest de Austin. Su papel protagonista en la cinta <em>Extraterrestres<\/em> del director c\u00e1ntabro Nacho Vigalondo, le ha llevado a este galard\u00f3n del certamen de cine fant\u00e1stico y de terror m\u00e1s importante de Estados Unidos.<\/p>\n","protected":false},"excerpt":{"rendered":"<p>El bailaor jerezano Antonio &#8216;El Pipa&#8217; reestrena este s\u00e1bado su espect\u00e1culo Danzacal\u00ed. Danzar de los gitanos. Ser\u00e1 a las ocho y media de la tarde, en el mismo escenario en el que lo estren\u00f3 con motivo del XV Festival de Jerez: el Teatro Villamarta. Desde hoy y hasta el domingo, 2 de octubre, la compa\u00f1\u00eda [&hellip;]<\/p>\n","protected":false},"author":1,"featured_media":0,"comment_status":"open","ping_status":"open","sticky":false,"template":"","format":"standard","meta":{"_genesis_hide_title":false,"_genesis_hide_breadcrumbs":false,"_genesis_hide_singular_image":false,"_genesis_hide_footer_widgets":false,"_genesis_custom_body_class":"","_genesis_custom_post_class":"","_genesis_layout":"","spay_email":"","jetpack_publicize_message":"","jetpack_is_tweetstorm":false},"categories":[30,15,10,3,16,21,13,8,25,11,22],"tags":[],"yoast_head":"<!-- This site is optimized with the Yoast SEO plugin v16.1 - https:\/\/yoast.com\/wordpress\/plugins\/seo\/ -->\n<title>Flamenco, cine, deporte y m\u00e1s arte - Blog de Andalucia.com<\/title>\n<link rel=\"canonical\" href=\"https:\/\/esp.andalucia.com\/blog\/flamenco-cine-deporte-y-mas-arte\/\" \/>\n<meta property=\"og:locale\" content=\"en_US\" \/>\n<meta property=\"og:type\" content=\"article\" \/>\n<meta property=\"og:title\" content=\"Flamenco, cine, deporte y m\u00e1s arte - Blog de Andalucia.com\" \/>\n<meta property=\"og:description\" content=\"El bailaor jerezano Antonio &#8216;El Pipa&#8217; reestrena este s\u00e1bado su espect\u00e1culo Danzacal\u00ed. Danzar de los gitanos. Ser\u00e1 a las ocho y media de la tarde, en el mismo escenario en el que lo estren\u00f3 con motivo del XV Festival de Jerez: el Teatro Villamarta. Desde hoy y hasta el domingo, 2 de octubre, la compa\u00f1\u00eda [&hellip;]\" \/>\n<meta property=\"og:url\" content=\"https:\/\/esp.andalucia.com\/blog\/flamenco-cine-deporte-y-mas-arte\/\" \/>\n<meta property=\"og:site_name\" content=\"Blog de Andalucia.com\" \/>\n<meta property=\"article:published_time\" content=\"2011-09-30T15:50:11+00:00\" \/>\n<meta name=\"twitter:card\" content=\"summary\" \/>\n<meta name=\"twitter:label1\" content=\"Est. reading time\">\n\t<meta name=\"twitter:data1\" content=\"2 minutes\">\n<script type=\"application\/ld+json\" class=\"yoast-schema-graph\">{\"@context\":\"https:\/\/schema.org\",\"@graph\":[{\"@type\":\"WebSite\",\"@id\":\"https:\/\/esp.andalucia.com\/blog\/#website\",\"url\":\"https:\/\/esp.andalucia.com\/blog\/\",\"name\":\"Blog de Andalucia.com\",\"description\":\"Blog de Andalucia\",\"potentialAction\":[{\"@type\":\"SearchAction\",\"target\":\"https:\/\/esp.andalucia.com\/blog\/?s={search_term_string}\",\"query-input\":\"required name=search_term_string\"}],\"inLanguage\":\"en-US\"},{\"@type\":\"WebPage\",\"@id\":\"https:\/\/esp.andalucia.com\/blog\/flamenco-cine-deporte-y-mas-arte\/#webpage\",\"url\":\"https:\/\/esp.andalucia.com\/blog\/flamenco-cine-deporte-y-mas-arte\/\",\"name\":\"Flamenco, cine, deporte y m\\u00e1s arte - Blog de Andalucia.com\",\"isPartOf\":{\"@id\":\"https:\/\/esp.andalucia.com\/blog\/#website\"},\"datePublished\":\"2011-09-30T15:50:11+00:00\",\"dateModified\":\"2011-09-30T15:50:11+00:00\",\"author\":{\"@id\":\"https:\/\/esp.andalucia.com\/blog\/#\/schema\/person\/764d18c08907ea2026c6652dbaa06aeb\"},\"breadcrumb\":{\"@id\":\"https:\/\/esp.andalucia.com\/blog\/flamenco-cine-deporte-y-mas-arte\/#breadcrumb\"},\"inLanguage\":\"en-US\",\"potentialAction\":[{\"@type\":\"ReadAction\",\"target\":[\"https:\/\/esp.andalucia.com\/blog\/flamenco-cine-deporte-y-mas-arte\/\"]}]},{\"@type\":\"BreadcrumbList\",\"@id\":\"https:\/\/esp.andalucia.com\/blog\/flamenco-cine-deporte-y-mas-arte\/#breadcrumb\",\"itemListElement\":[{\"@type\":\"ListItem\",\"position\":1,\"item\":{\"@type\":\"WebPage\",\"@id\":\"https:\/\/esp.andalucia.com\/blog\/\",\"url\":\"https:\/\/esp.andalucia.com\/blog\/\",\"name\":\"Portada\"}},{\"@type\":\"ListItem\",\"position\":2,\"item\":{\"@type\":\"WebPage\",\"@id\":\"https:\/\/esp.andalucia.com\/blog\/flamenco-cine-deporte-y-mas-arte\/\",\"url\":\"https:\/\/esp.andalucia.com\/blog\/flamenco-cine-deporte-y-mas-arte\/\",\"name\":\"Flamenco, cine, deporte y m\\u00e1s arte\"}}]},{\"@type\":\"Person\",\"@id\":\"https:\/\/esp.andalucia.com\/blog\/#\/schema\/person\/764d18c08907ea2026c6652dbaa06aeb\",\"name\":\"admin\",\"image\":{\"@type\":\"ImageObject\",\"@id\":\"https:\/\/esp.andalucia.com\/blog\/#personlogo\",\"inLanguage\":\"en-US\",\"url\":\"https:\/\/secure.gravatar.com\/avatar\/483f554353dd1f8b3b9ac7b28ff59e21?s=96&d=mm&r=g\",\"contentUrl\":\"https:\/\/secure.gravatar.com\/avatar\/483f554353dd1f8b3b9ac7b28ff59e21?s=96&d=mm&r=g\",\"caption\":\"admin\"}}]}<\/script>\n<!-- \/ Yoast SEO plugin. -->","jetpack_featured_media_url":"","jetpack_publicize_connections":[],"jetpack_sharing_enabled":true,"jetpack_shortlink":"https:\/\/wp.me\/p7VLto-cf","_links":{"self":[{"href":"https:\/\/esp.andalucia.com\/blog\/wp-json\/wp\/v2\/posts\/759"}],"collection":[{"href":"https:\/\/esp.andalucia.com\/blog\/wp-json\/wp\/v2\/posts"}],"about":[{"href":"https:\/\/esp.andalucia.com\/blog\/wp-json\/wp\/v2\/types\/post"}],"author":[{"embeddable":true,"href":"https:\/\/esp.andalucia.com\/blog\/wp-json\/wp\/v2\/users\/1"}],"replies":[{"embeddable":true,"href":"https:\/\/esp.andalucia.com\/blog\/wp-json\/wp\/v2\/comments?post=759"}],"version-history":[{"count":3,"href":"https:\/\/esp.andalucia.com\/blog\/wp-json\/wp\/v2\/posts\/759\/revisions"}],"predecessor-version":[{"id":762,"href":"https:\/\/esp.andalucia.com\/blog\/wp-json\/wp\/v2\/posts\/759\/revisions\/762"}],"wp:attachment":[{"href":"https:\/\/esp.andalucia.com\/blog\/wp-json\/wp\/v2\/media?parent=759"}],"wp:term":[{"taxonomy":"category","embeddable":true,"href":"https:\/\/esp.andalucia.com\/blog\/wp-json\/wp\/v2\/categories?post=759"},{"taxonomy":"post_tag","embeddable":true,"href":"https:\/\/esp.andalucia.com\/blog\/wp-json\/wp\/v2\/tags?post=759"}],"curies":[{"name":"wp","href":"https:\/\/api.w.org\/{rel}","templated":true}]}}