{"id":755,"date":"2011-09-25T13:57:50","date_gmt":"2011-09-25T13:57:50","guid":{"rendered":"http:\/\/esp.andalucia.com\/blog\/?p=755"},"modified":"2011-09-25T13:57:50","modified_gmt":"2011-09-25T13:57:50","slug":"andaluces-de-cine-y-mucho-mas","status":"publish","type":"post","link":"https:\/\/esp.andalucia.com\/blog\/andaluces-de-cine-y-mucho-mas\/","title":{"rendered":"Andaluces de cine y mucho m\u00e1s"},"content":{"rendered":"<p>Enhorabuena para <strong>Mar\u00eda Le\u00f3n<\/strong>, la actriz sevillana que recibi\u00f3 ayer la Concha de Plata a la Mejor Actriz del Festival de Cine de San Sebasti\u00e1n 2011, por su interpretaci\u00f3n en la pel\u00edcula <em>La voz dormida<\/em>, del director tambi\u00e9n sevillano, de <a href=\"http:\/\/www.esp.andalucia.com\/provincia\/sevilla\/guadalquivir-donana\/lebrija.htm\" target=\"_blank\">Lebrija<\/a> para m\u00e1s se\u00f1as, <strong>Benito Zambrano<\/strong>. Tras recoger el galard\u00f3n, la joven actriz dedic\u00f3 palabras de agradecimiento al director de la cinta, a su familia y, entre otros, a su compa\u00f1era de reparto <strong><a href=\"http:\/\/www.esp.andalucia.com\/sociedad\/personajes\/inma-cuesta.htm\" target=\"_blank\">Inma Cuesta<\/a><\/strong>.<\/p>\n<p>Muchas felicidades tambi\u00e9n para el joven cantautor malague\u00f1o <a href=\"http:\/\/www.esp.andalucia.com\/sociedad\/personajes\/pablo-alboran.htm\" target=\"_blank\">Pablo Albor\u00e1n<\/a>, que, como muchos ya saben, ha sido nominado a tres Grammy Latinos 2011: Mejor artista revelaci\u00f3n, Mejor \u00e1lbum vocal pop masculino y Mejor canci\u00f3n del a\u00f1o (<em>Solamente tu<\/em>).<\/p>\n<p><strong>Tres razones para visitar Cartaya<\/strong><\/p>\n<p>El municipio onubense de <a href=\"http:\/\/www.esp.andalucia.com\/provincia\/huelva\/la-costa\/cartaya.htm\" target=\"_blank\">Cartaya<\/a> celebra la pr\u00f3xima semana (del 28 de septiembre al 2 de octubre) sus tradicionales <strong>fiestas patronales del Rosario<\/strong>, as\u00ed como la <strong>48 Feria de Octubre<\/strong> con la exposici\u00f3n de productos y servicios de un total de 62 empresas de diferentes sectores y pertenecientes a la provincia de Huelva y de Portugal, y el <strong>XVIII Sal\u00f3n de la Automoci\u00f3n y N\u00e1utica<\/strong>, donde se presentar\u00e1n\u00a0 los \u00faltimos modelos y las novedades del sector. Tres razones diferentes para visitar Cartaya.<\/p>\n<p><strong>Granada y Sevilla<\/strong><\/p>\n<p>Aquellos que est\u00e9n interesados en la figura de uno de los disidentes rusos m\u00e1s conocidos, <strong>Aleksandr Solzhenitsyn<\/strong> (Premio Nobel de Literatura en 1970), pueden visitar la exposici\u00f3n sobre su trayectoria vital en el Centro de Lenguas Modernas de la Universidad de <a href=\"http:\/\/www.esp.andalucia.com\/ciudades\/granada\/home.htm\" target=\"_blank\">Granada<\/a>. La muestra, que estar\u00e1 abierta hasta el pr\u00f3ximo d\u00eda 30, re\u00fane fotograf\u00edas y reproducciones de las primeras ediciones de las obras m\u00e1s c\u00e9lebres de este ruso. Solzhenitsyn iba para matem\u00e1tico, pero termin\u00f3 convirti\u00e9ndose en uno de los novelistas destacados del siglo XX. Su obra m\u00e1s famosa: <em>Archipi\u00e9lago Gulag<\/em>.<\/p>\n<p>En <a href=\"http:\/\/www.esp.andalucia.com\/ciudades\/sevilla\/home.htm\" target=\"_blank\">Sevilla<\/a>, contin\u00faa celebr\u00e1ndose (hasta el 1 de noviembre) el <strong>Festival de las Naciones<\/strong>. M\u00e1s de 50 pa\u00edses se dan cita en este festival para mostrar y presentar lo mejor de su gastronom\u00eda, artesan\u00eda y m\u00fasica. El evento se desarrolla en el Prado de San Sebasti\u00e1n, en horario de ma\u00f1ana y tarde. La entrada es gratuita.<\/p>\n<p><strong>Desaf\u00edo Do\u00f1ana 2011<\/strong><\/p>\n<p>Para los amantes del triatl\u00f3n, dejamos enlace a nuestro reportaje sobre el <a href=\"http:\/\/www.esp.andalucia.com\/deportes\/desafio-donana2011.htm\" target=\"_blank\">Desaf\u00edo Do\u00f1ana 2011<\/a>, que se celebr\u00f3 el pasado fin de semana entre la provincia de C\u00e1diz y Huelva y el Parque Nacional de Do\u00f1ana. Tambi\u00e9n puede ver nuestro <a href=\"http:\/\/www.youtube.com\/user\/andaluciavideo#p\/c\/13\/hthQvqvBPhU\" target=\"_blank\">v\u00eddeo<\/a> sobre el Desaf\u00edo.<\/p>\n","protected":false},"excerpt":{"rendered":"<p>Enhorabuena para Mar\u00eda Le\u00f3n, la actriz sevillana que recibi\u00f3 ayer la Concha de Plata a la Mejor Actriz del Festival de Cine de San Sebasti\u00e1n 2011, por su interpretaci\u00f3n en la pel\u00edcula La voz dormida, del director tambi\u00e9n sevillano, de Lebrija para m\u00e1s se\u00f1as, Benito Zambrano. Tras recoger el galard\u00f3n, la joven actriz dedic\u00f3 palabras [&hellip;]<\/p>\n","protected":false},"author":1,"featured_media":0,"comment_status":"open","ping_status":"open","sticky":false,"template":"","format":"standard","meta":{"_genesis_hide_title":false,"_genesis_hide_breadcrumbs":false,"_genesis_hide_singular_image":false,"_genesis_hide_footer_widgets":false,"_genesis_custom_body_class":"","_genesis_custom_post_class":"","_genesis_layout":"","spay_email":"","jetpack_publicize_message":"","jetpack_is_tweetstorm":false},"categories":[31,15,10,3,21,29,25,5,11,32,22],"tags":[],"yoast_head":"<!-- This site is optimized with the Yoast SEO plugin v16.1 - https:\/\/yoast.com\/wordpress\/plugins\/seo\/ -->\n<title>Andaluces de cine y mucho m\u00e1s - Blog de Andalucia.com<\/title>\n<link rel=\"canonical\" href=\"https:\/\/esp.andalucia.com\/blog\/andaluces-de-cine-y-mucho-mas\/\" \/>\n<meta property=\"og:locale\" content=\"en_US\" \/>\n<meta property=\"og:type\" content=\"article\" \/>\n<meta property=\"og:title\" content=\"Andaluces de cine y mucho m\u00e1s - Blog de Andalucia.com\" \/>\n<meta property=\"og:description\" content=\"Enhorabuena para Mar\u00eda Le\u00f3n, la actriz sevillana que recibi\u00f3 ayer la Concha de Plata a la Mejor Actriz del Festival de Cine de San Sebasti\u00e1n 2011, por su interpretaci\u00f3n en la pel\u00edcula La voz dormida, del director tambi\u00e9n sevillano, de Lebrija para m\u00e1s se\u00f1as, Benito Zambrano. Tras recoger el galard\u00f3n, la joven actriz dedic\u00f3 palabras [&hellip;]\" \/>\n<meta property=\"og:url\" content=\"https:\/\/esp.andalucia.com\/blog\/andaluces-de-cine-y-mucho-mas\/\" \/>\n<meta property=\"og:site_name\" content=\"Blog de Andalucia.com\" \/>\n<meta property=\"article:published_time\" content=\"2011-09-25T13:57:50+00:00\" \/>\n<meta name=\"twitter:card\" content=\"summary\" \/>\n<meta name=\"twitter:label1\" content=\"Est. reading time\">\n\t<meta name=\"twitter:data1\" content=\"2 minutes\">\n<script type=\"application\/ld+json\" class=\"yoast-schema-graph\">{\"@context\":\"https:\/\/schema.org\",\"@graph\":[{\"@type\":\"WebSite\",\"@id\":\"https:\/\/esp.andalucia.com\/blog\/#website\",\"url\":\"https:\/\/esp.andalucia.com\/blog\/\",\"name\":\"Blog de Andalucia.com\",\"description\":\"Blog de Andalucia\",\"potentialAction\":[{\"@type\":\"SearchAction\",\"target\":\"https:\/\/esp.andalucia.com\/blog\/?s={search_term_string}\",\"query-input\":\"required name=search_term_string\"}],\"inLanguage\":\"en-US\"},{\"@type\":\"WebPage\",\"@id\":\"https:\/\/esp.andalucia.com\/blog\/andaluces-de-cine-y-mucho-mas\/#webpage\",\"url\":\"https:\/\/esp.andalucia.com\/blog\/andaluces-de-cine-y-mucho-mas\/\",\"name\":\"Andaluces de cine y mucho m\\u00e1s - Blog de Andalucia.com\",\"isPartOf\":{\"@id\":\"https:\/\/esp.andalucia.com\/blog\/#website\"},\"datePublished\":\"2011-09-25T13:57:50+00:00\",\"dateModified\":\"2011-09-25T13:57:50+00:00\",\"author\":{\"@id\":\"https:\/\/esp.andalucia.com\/blog\/#\/schema\/person\/764d18c08907ea2026c6652dbaa06aeb\"},\"breadcrumb\":{\"@id\":\"https:\/\/esp.andalucia.com\/blog\/andaluces-de-cine-y-mucho-mas\/#breadcrumb\"},\"inLanguage\":\"en-US\",\"potentialAction\":[{\"@type\":\"ReadAction\",\"target\":[\"https:\/\/esp.andalucia.com\/blog\/andaluces-de-cine-y-mucho-mas\/\"]}]},{\"@type\":\"BreadcrumbList\",\"@id\":\"https:\/\/esp.andalucia.com\/blog\/andaluces-de-cine-y-mucho-mas\/#breadcrumb\",\"itemListElement\":[{\"@type\":\"ListItem\",\"position\":1,\"item\":{\"@type\":\"WebPage\",\"@id\":\"https:\/\/esp.andalucia.com\/blog\/\",\"url\":\"https:\/\/esp.andalucia.com\/blog\/\",\"name\":\"Portada\"}},{\"@type\":\"ListItem\",\"position\":2,\"item\":{\"@type\":\"WebPage\",\"@id\":\"https:\/\/esp.andalucia.com\/blog\/andaluces-de-cine-y-mucho-mas\/\",\"url\":\"https:\/\/esp.andalucia.com\/blog\/andaluces-de-cine-y-mucho-mas\/\",\"name\":\"Andaluces de cine y mucho m\\u00e1s\"}}]},{\"@type\":\"Person\",\"@id\":\"https:\/\/esp.andalucia.com\/blog\/#\/schema\/person\/764d18c08907ea2026c6652dbaa06aeb\",\"name\":\"admin\",\"image\":{\"@type\":\"ImageObject\",\"@id\":\"https:\/\/esp.andalucia.com\/blog\/#personlogo\",\"inLanguage\":\"en-US\",\"url\":\"https:\/\/secure.gravatar.com\/avatar\/483f554353dd1f8b3b9ac7b28ff59e21?s=96&d=mm&r=g\",\"contentUrl\":\"https:\/\/secure.gravatar.com\/avatar\/483f554353dd1f8b3b9ac7b28ff59e21?s=96&d=mm&r=g\",\"caption\":\"admin\"}}]}<\/script>\n<!-- \/ Yoast SEO plugin. -->","jetpack_featured_media_url":"","jetpack_publicize_connections":[],"jetpack_sharing_enabled":true,"jetpack_shortlink":"https:\/\/wp.me\/p7VLto-cb","_links":{"self":[{"href":"https:\/\/esp.andalucia.com\/blog\/wp-json\/wp\/v2\/posts\/755"}],"collection":[{"href":"https:\/\/esp.andalucia.com\/blog\/wp-json\/wp\/v2\/posts"}],"about":[{"href":"https:\/\/esp.andalucia.com\/blog\/wp-json\/wp\/v2\/types\/post"}],"author":[{"embeddable":true,"href":"https:\/\/esp.andalucia.com\/blog\/wp-json\/wp\/v2\/users\/1"}],"replies":[{"embeddable":true,"href":"https:\/\/esp.andalucia.com\/blog\/wp-json\/wp\/v2\/comments?post=755"}],"version-history":[{"count":3,"href":"https:\/\/esp.andalucia.com\/blog\/wp-json\/wp\/v2\/posts\/755\/revisions"}],"predecessor-version":[{"id":758,"href":"https:\/\/esp.andalucia.com\/blog\/wp-json\/wp\/v2\/posts\/755\/revisions\/758"}],"wp:attachment":[{"href":"https:\/\/esp.andalucia.com\/blog\/wp-json\/wp\/v2\/media?parent=755"}],"wp:term":[{"taxonomy":"category","embeddable":true,"href":"https:\/\/esp.andalucia.com\/blog\/wp-json\/wp\/v2\/categories?post=755"},{"taxonomy":"post_tag","embeddable":true,"href":"https:\/\/esp.andalucia.com\/blog\/wp-json\/wp\/v2\/tags?post=755"}],"curies":[{"name":"wp","href":"https:\/\/api.w.org\/{rel}","templated":true}]}}