{"id":750,"date":"2011-09-13T11:44:30","date_gmt":"2011-09-13T11:44:30","guid":{"rendered":"http:\/\/esp.andalucia.com\/blog\/?p=750"},"modified":"2011-09-13T11:44:30","modified_gmt":"2011-09-13T11:44:30","slug":"conciertos-tenis-y-gastronomia","status":"publish","type":"post","link":"https:\/\/esp.andalucia.com\/blog\/conciertos-tenis-y-gastronomia\/","title":{"rendered":"Conciertos, tenis y gastronom\u00eda"},"content":{"rendered":"<p>El municipio malague\u00f1o de Guaro retoma este fin de semana su <a href=\"http:\/\/www.esp.andalucia.com\/ocio\/fiestaslocales\/malaga\/festival-luna-mora.htm\" target=\"_blank\"><strong>XV Festival de la Luna Mora<\/strong><\/a>. Al igual que el fin de semana anterior, las calles de este pueblo andaluz se iluminar\u00e1n con 20.000 velas y acoger\u00e1n el Zoco Morisco de Artesanos. Y en su Auditorio de La Luna Mora actuar\u00e1n M\u00f3nica Naranjo (el viernes 16) y <a href=\"http:\/\/www.esp.andalucia.com\/sociedad\/personajes\/pablo-alboran.htm\" target=\"_blank\">Pablo Albor\u00e1n<\/a> (el s\u00e1bado 17) a partir de las once de la noche.<\/p>\n<p>En la <a href=\"http:\/\/www.esp.andalucia.com\/ciudades\/malaga\/home.htm\" target=\"_blank\">capital malague\u00f1a<\/a>, el cantante <a href=\"http:\/\/www.esp.andalucia.com\/sociedad\/musica\/javier-ojeda.htm\" target=\"_blank\">Javier Ojeda<\/a> ofrecer\u00e1 el primer concierto de su segundo disco en solitario &#8216;Re-versos&#8217;. Ser\u00e1 este viernes, en el Auditorio de la Diputaci\u00f3n, a partir de las nueve de la noche.<\/p>\n<p>Tambi\u00e9n a las nueve de la noche de este viernes la ciudad de M\u00e1laga retomar\u00e1 una de sus principales actividades en el \u00e1mbito de la moda: la <strong>Pasarela Larios M\u00e1laga Fashion<\/strong>. Por una alfombra de 300 metros de longitud instalada en la calle Larios, desfilar\u00e1n las propuestas de nueve dise\u00f1adores. El evento culminar\u00e1 con la entrega del Alfiler de Oro al dise\u00f1ador malague\u00f1o Paco Ruiz.<\/p>\n<p><strong>Tenis y gastronom\u00eda<\/strong><\/p>\n<p>La <a href=\"http:\/\/www.esp.andalucia.com\/ciudades\/cordoba\/home.htm\" target=\"_blank\">ciudad de C\u00f3rdoba<\/a> es otro de los destinos de inter\u00e9s para este fin de semana. Desde el viernes al domingo, su Plaza de Toros ser\u00e1 el escenario de las semifinales de la <strong>Copa Davis<\/strong>. Y desde el viernes (y hasta el 23 de septiembre), la capital cordobesa celebrar\u00e1 el <strong>VI Festival Internacional de la Creaci\u00f3n Joven<\/strong>. Los amantes de la gastronom\u00eda no deben faltar a la cita del s\u00e1bado en las Caballerizas Reales de la ciudad. Bajo el t\u00edtulo &#8216;A qu\u00e9 sabe Eutop\u00eda&#8217;, el festival re\u00fane a 15 restaurantes cordobeses que elaborar\u00e1n su tapa Eutop\u00eda 2011. Al mismo tiempo, cocineros andaluces como Kisko Garc\u00eda, \u00c1ngel Le\u00f3n y Celia Jim\u00e9nez participar\u00e1n en diferentes <em>Show-cooking<\/em>.<\/p>\n","protected":false},"excerpt":{"rendered":"<p>El municipio malague\u00f1o de Guaro retoma este fin de semana su XV Festival de la Luna Mora. Al igual que el fin de semana anterior, las calles de este pueblo andaluz se iluminar\u00e1n con 20.000 velas y acoger\u00e1n el Zoco Morisco de Artesanos. Y en su Auditorio de La Luna Mora actuar\u00e1n M\u00f3nica Naranjo (el [&hellip;]<\/p>\n","protected":false},"author":1,"featured_media":0,"comment_status":"open","ping_status":"open","sticky":false,"template":"","format":"standard","meta":{"_genesis_hide_title":false,"_genesis_hide_breadcrumbs":false,"_genesis_hide_singular_image":false,"_genesis_hide_footer_widgets":false,"_genesis_custom_body_class":"","_genesis_custom_post_class":"","_genesis_layout":"","spay_email":"","jetpack_publicize_message":"","jetpack_is_tweetstorm":false},"categories":[15,3,16,21,29,13,23,14,5,11,22],"tags":[],"yoast_head":"<!-- This site is optimized with the Yoast SEO plugin v16.1 - https:\/\/yoast.com\/wordpress\/plugins\/seo\/ -->\n<title>Conciertos, tenis y gastronom\u00eda - Blog de Andalucia.com<\/title>\n<link rel=\"canonical\" href=\"https:\/\/esp.andalucia.com\/blog\/conciertos-tenis-y-gastronomia\/\" \/>\n<meta property=\"og:locale\" content=\"en_US\" \/>\n<meta property=\"og:type\" content=\"article\" \/>\n<meta property=\"og:title\" content=\"Conciertos, tenis y gastronom\u00eda - Blog de Andalucia.com\" \/>\n<meta property=\"og:description\" content=\"El municipio malague\u00f1o de Guaro retoma este fin de semana su XV Festival de la Luna Mora. Al igual que el fin de semana anterior, las calles de este pueblo andaluz se iluminar\u00e1n con 20.000 velas y acoger\u00e1n el Zoco Morisco de Artesanos. Y en su Auditorio de La Luna Mora actuar\u00e1n M\u00f3nica Naranjo (el [&hellip;]\" \/>\n<meta property=\"og:url\" content=\"https:\/\/esp.andalucia.com\/blog\/conciertos-tenis-y-gastronomia\/\" \/>\n<meta property=\"og:site_name\" content=\"Blog de Andalucia.com\" \/>\n<meta property=\"article:published_time\" content=\"2011-09-13T11:44:30+00:00\" \/>\n<meta name=\"twitter:card\" content=\"summary\" \/>\n<meta name=\"twitter:label1\" content=\"Est. reading time\">\n\t<meta name=\"twitter:data1\" content=\"2 minutes\">\n<script type=\"application\/ld+json\" class=\"yoast-schema-graph\">{\"@context\":\"https:\/\/schema.org\",\"@graph\":[{\"@type\":\"WebSite\",\"@id\":\"https:\/\/esp.andalucia.com\/blog\/#website\",\"url\":\"https:\/\/esp.andalucia.com\/blog\/\",\"name\":\"Blog de Andalucia.com\",\"description\":\"Blog de Andalucia\",\"potentialAction\":[{\"@type\":\"SearchAction\",\"target\":\"https:\/\/esp.andalucia.com\/blog\/?s={search_term_string}\",\"query-input\":\"required name=search_term_string\"}],\"inLanguage\":\"en-US\"},{\"@type\":\"WebPage\",\"@id\":\"https:\/\/esp.andalucia.com\/blog\/conciertos-tenis-y-gastronomia\/#webpage\",\"url\":\"https:\/\/esp.andalucia.com\/blog\/conciertos-tenis-y-gastronomia\/\",\"name\":\"Conciertos, tenis y gastronom\\u00eda - Blog de Andalucia.com\",\"isPartOf\":{\"@id\":\"https:\/\/esp.andalucia.com\/blog\/#website\"},\"datePublished\":\"2011-09-13T11:44:30+00:00\",\"dateModified\":\"2011-09-13T11:44:30+00:00\",\"author\":{\"@id\":\"https:\/\/esp.andalucia.com\/blog\/#\/schema\/person\/764d18c08907ea2026c6652dbaa06aeb\"},\"breadcrumb\":{\"@id\":\"https:\/\/esp.andalucia.com\/blog\/conciertos-tenis-y-gastronomia\/#breadcrumb\"},\"inLanguage\":\"en-US\",\"potentialAction\":[{\"@type\":\"ReadAction\",\"target\":[\"https:\/\/esp.andalucia.com\/blog\/conciertos-tenis-y-gastronomia\/\"]}]},{\"@type\":\"BreadcrumbList\",\"@id\":\"https:\/\/esp.andalucia.com\/blog\/conciertos-tenis-y-gastronomia\/#breadcrumb\",\"itemListElement\":[{\"@type\":\"ListItem\",\"position\":1,\"item\":{\"@type\":\"WebPage\",\"@id\":\"https:\/\/esp.andalucia.com\/blog\/\",\"url\":\"https:\/\/esp.andalucia.com\/blog\/\",\"name\":\"Portada\"}},{\"@type\":\"ListItem\",\"position\":2,\"item\":{\"@type\":\"WebPage\",\"@id\":\"https:\/\/esp.andalucia.com\/blog\/conciertos-tenis-y-gastronomia\/\",\"url\":\"https:\/\/esp.andalucia.com\/blog\/conciertos-tenis-y-gastronomia\/\",\"name\":\"Conciertos, tenis y gastronom\\u00eda\"}}]},{\"@type\":\"Person\",\"@id\":\"https:\/\/esp.andalucia.com\/blog\/#\/schema\/person\/764d18c08907ea2026c6652dbaa06aeb\",\"name\":\"admin\",\"image\":{\"@type\":\"ImageObject\",\"@id\":\"https:\/\/esp.andalucia.com\/blog\/#personlogo\",\"inLanguage\":\"en-US\",\"url\":\"https:\/\/secure.gravatar.com\/avatar\/483f554353dd1f8b3b9ac7b28ff59e21?s=96&d=mm&r=g\",\"contentUrl\":\"https:\/\/secure.gravatar.com\/avatar\/483f554353dd1f8b3b9ac7b28ff59e21?s=96&d=mm&r=g\",\"caption\":\"admin\"}}]}<\/script>\n<!-- \/ Yoast SEO plugin. -->","jetpack_featured_media_url":"","jetpack_publicize_connections":[],"jetpack_sharing_enabled":true,"jetpack_shortlink":"https:\/\/wp.me\/p7VLto-c6","_links":{"self":[{"href":"https:\/\/esp.andalucia.com\/blog\/wp-json\/wp\/v2\/posts\/750"}],"collection":[{"href":"https:\/\/esp.andalucia.com\/blog\/wp-json\/wp\/v2\/posts"}],"about":[{"href":"https:\/\/esp.andalucia.com\/blog\/wp-json\/wp\/v2\/types\/post"}],"author":[{"embeddable":true,"href":"https:\/\/esp.andalucia.com\/blog\/wp-json\/wp\/v2\/users\/1"}],"replies":[{"embeddable":true,"href":"https:\/\/esp.andalucia.com\/blog\/wp-json\/wp\/v2\/comments?post=750"}],"version-history":[{"count":4,"href":"https:\/\/esp.andalucia.com\/blog\/wp-json\/wp\/v2\/posts\/750\/revisions"}],"predecessor-version":[{"id":754,"href":"https:\/\/esp.andalucia.com\/blog\/wp-json\/wp\/v2\/posts\/750\/revisions\/754"}],"wp:attachment":[{"href":"https:\/\/esp.andalucia.com\/blog\/wp-json\/wp\/v2\/media?parent=750"}],"wp:term":[{"taxonomy":"category","embeddable":true,"href":"https:\/\/esp.andalucia.com\/blog\/wp-json\/wp\/v2\/categories?post=750"},{"taxonomy":"post_tag","embeddable":true,"href":"https:\/\/esp.andalucia.com\/blog\/wp-json\/wp\/v2\/tags?post=750"}],"curies":[{"name":"wp","href":"https:\/\/api.w.org\/{rel}","templated":true}]}}