{"id":747,"date":"2011-09-02T17:00:18","date_gmt":"2011-09-02T17:00:18","guid":{"rendered":"http:\/\/esp.andalucia.com\/blog\/?p=747"},"modified":"2011-09-02T17:00:18","modified_gmt":"2011-09-02T17:00:18","slug":"flamenco-toros-vino-y-fiestas-populares","status":"publish","type":"post","link":"https:\/\/esp.andalucia.com\/blog\/flamenco-toros-vino-y-fiestas-populares\/","title":{"rendered":"Flamenco, toros, vino y fiestas populares"},"content":{"rendered":"<p>Este s\u00e1bado, 3 de agosto, tendr\u00e1 lugar el <strong><a href=\"http:\/\/www.esp.andalucia.com\/provincia\/sevilla\/la-campina\/mairena-del-alcor.htm\" target=\"_blank\">L Festival de Cante Jondo Antonio Mairena<\/a><\/strong>, uno de los festivales flamencos m\u00e1s importantes de Andaluc\u00eda. El festival celebra sus bodas de oro con la actuaci\u00f3n al cante de Calixto S\u00e1nchez (Giraldillo de la Bienal de Sevilla), La Macanita, Jos\u00e9 de la Mena y Pedro Cintas. Al baile estar\u00e1 Javier Bar\u00f3n (Giraldillo de la Bienal de Sevilla), y a la guitarra, Manolo Franco (Giraldillo de la Bienal de Sevilla) y Eduardo Rebollar.<\/p>\n<p>Tambi\u00e9n este s\u00e1bado tendr\u00e1 lugar en <strong><a href=\"http:\/\/www.esp.andalucia.com\/ocio\/fiestaslocales\/malaga\/corrida-goyesca.htm\" target=\"_blank\">Ronda la Tradicional Corrida Goyesca<\/a><\/strong> que, como siempre, es uno de los temas del momento en la agenda &#8220;del coraz\u00f3n&#8221;. Este a\u00f1o, por el traje dise\u00f1ado por la Duquesa de Alba que lucir\u00e1 Cayetano, uno de los tres matadores de toros que intervendr\u00e1 en la corrida. Tambi\u00e9n porque la Duquesa, adem\u00e1s de otros muchos famosos, ser\u00e1 una de las espectadoras de lujo este esperado evento.<\/p>\n<p><a href=\"http:\/\/www.esp.andalucia.com\/provincia\/malaga\/serrania_de_ronda\/ronda.htm\" target=\"_blank\">Ronda<\/a> tambi\u00e9n est\u00e1 estos d\u00edas de enhorabuena por el premio que ha conseguido el <strong>vino Pinot Noir de Cortijo Los Aguilares 2010<\/strong>. Nada m\u00e1s y nada menos que la Medalla de Oro del decimocuarto Mondial Pinot Noir (MPN) celebrado en agosto en Suiza. El Pinot Noir de Cortijo Los Aguilares 2008 ya obtuvo la Gran Medalla de Oro del MPN 2009. Es el \u00fanico vino de Espa\u00f1a que cuenta con estos prestigiosos premios.<\/p>\n<p><strong>Fiestas populares<\/strong><\/p>\n<p>En el municipio malague\u00f1o de Carratraca, celebran este fin de semana el <strong><a href=\"http:\/\/www.esp.andalucia.com\/provincia\/malaga\/guadalteba\/carratraca.htm\" target=\"_blank\">I Encuentro Intercultural Embrujo Andalus\u00ed<\/a><\/strong> (el antiguo Festival del Embrujo de la Luna Mora). El programa del encuentro, que comienza hoy viernes y finaliza el domingo, incluye m\u00e1s de 60 actividades: teatro de calle, zoco, conciertos, degustaciones gastron\u00f3micas, talleres y exhibiciones de cetrer\u00eda, entre otras.<\/p>\n<p>Y los que est\u00e9n de vacaciones, pueden irse de fiesta desde el lunes 5 al jueves 8 de agosto a <a href=\"http:\/\/www.esp.andalucia.com\/ciudades\/huelva\/fiestas-ferias.htm\" target=\"_blank\">Huelva<\/a>. En esta capital andaluza celebran durante esos d\u00edas las <strong>Fiestas Patronales en Honor a la Virgen de La Cinta<\/strong>. De su programa destacan los conciertos de <strong>Andy y Lucas<\/strong> y <a href=\"http:\/\/www.esp.andalucia.com\/sociedad\/personajes\/tamara.htm\" target=\"_blank\"><strong>Tamara<\/strong><\/a>, que tendr\u00e1n lugar el lunes y el mi\u00e9rcoles respectivamente, a las once de la noche en la Barriada de La Orden, uno de los centros neur\u00e1lgicos de las fiestas. En la Plaza de Toros de La Merced actuar\u00e1n <strong>La Uni\u00f3n,<\/strong> el lunes a las diez de la noche, y <strong>Diego Mart\u00edn<\/strong>, el mi\u00e9rcoles a las once y media de la noche.<\/p>\n","protected":false},"excerpt":{"rendered":"<p>Este s\u00e1bado, 3 de agosto, tendr\u00e1 lugar el L Festival de Cante Jondo Antonio Mairena, uno de los festivales flamencos m\u00e1s importantes de Andaluc\u00eda. El festival celebra sus bodas de oro con la actuaci\u00f3n al cante de Calixto S\u00e1nchez (Giraldillo de la Bienal de Sevilla), La Macanita, Jos\u00e9 de la Mena y Pedro Cintas. Al [&hellip;]<\/p>\n","protected":false},"author":1,"featured_media":0,"comment_status":"open","ping_status":"open","sticky":false,"template":"","format":"standard","meta":{"_genesis_hide_title":false,"_genesis_hide_breadcrumbs":false,"_genesis_hide_singular_image":false,"_genesis_hide_footer_widgets":false,"_genesis_custom_body_class":"","_genesis_custom_post_class":"","_genesis_layout":"","spay_email":"","jetpack_publicize_message":"","jetpack_is_tweetstorm":false},"categories":[15,3,13,9,8,5,11,22],"tags":[],"yoast_head":"<!-- This site is optimized with the Yoast SEO plugin v16.1 - https:\/\/yoast.com\/wordpress\/plugins\/seo\/ -->\n<title>Flamenco, toros, vino y fiestas populares - Blog de Andalucia.com<\/title>\n<link rel=\"canonical\" href=\"https:\/\/esp.andalucia.com\/blog\/flamenco-toros-vino-y-fiestas-populares\/\" \/>\n<meta property=\"og:locale\" content=\"en_US\" \/>\n<meta property=\"og:type\" content=\"article\" \/>\n<meta property=\"og:title\" content=\"Flamenco, toros, vino y fiestas populares - Blog de Andalucia.com\" \/>\n<meta property=\"og:description\" content=\"Este s\u00e1bado, 3 de agosto, tendr\u00e1 lugar el L Festival de Cante Jondo Antonio Mairena, uno de los festivales flamencos m\u00e1s importantes de Andaluc\u00eda. El festival celebra sus bodas de oro con la actuaci\u00f3n al cante de Calixto S\u00e1nchez (Giraldillo de la Bienal de Sevilla), La Macanita, Jos\u00e9 de la Mena y Pedro Cintas. Al [&hellip;]\" \/>\n<meta property=\"og:url\" content=\"https:\/\/esp.andalucia.com\/blog\/flamenco-toros-vino-y-fiestas-populares\/\" \/>\n<meta property=\"og:site_name\" content=\"Blog de Andalucia.com\" \/>\n<meta property=\"article:published_time\" content=\"2011-09-02T17:00:18+00:00\" \/>\n<meta name=\"twitter:card\" content=\"summary\" \/>\n<meta name=\"twitter:label1\" content=\"Est. reading time\">\n\t<meta name=\"twitter:data1\" content=\"2 minutes\">\n<script type=\"application\/ld+json\" class=\"yoast-schema-graph\">{\"@context\":\"https:\/\/schema.org\",\"@graph\":[{\"@type\":\"WebSite\",\"@id\":\"https:\/\/esp.andalucia.com\/blog\/#website\",\"url\":\"https:\/\/esp.andalucia.com\/blog\/\",\"name\":\"Blog de Andalucia.com\",\"description\":\"Blog de Andalucia\",\"potentialAction\":[{\"@type\":\"SearchAction\",\"target\":\"https:\/\/esp.andalucia.com\/blog\/?s={search_term_string}\",\"query-input\":\"required name=search_term_string\"}],\"inLanguage\":\"en-US\"},{\"@type\":\"WebPage\",\"@id\":\"https:\/\/esp.andalucia.com\/blog\/flamenco-toros-vino-y-fiestas-populares\/#webpage\",\"url\":\"https:\/\/esp.andalucia.com\/blog\/flamenco-toros-vino-y-fiestas-populares\/\",\"name\":\"Flamenco, toros, vino y fiestas populares - Blog de Andalucia.com\",\"isPartOf\":{\"@id\":\"https:\/\/esp.andalucia.com\/blog\/#website\"},\"datePublished\":\"2011-09-02T17:00:18+00:00\",\"dateModified\":\"2011-09-02T17:00:18+00:00\",\"author\":{\"@id\":\"https:\/\/esp.andalucia.com\/blog\/#\/schema\/person\/764d18c08907ea2026c6652dbaa06aeb\"},\"breadcrumb\":{\"@id\":\"https:\/\/esp.andalucia.com\/blog\/flamenco-toros-vino-y-fiestas-populares\/#breadcrumb\"},\"inLanguage\":\"en-US\",\"potentialAction\":[{\"@type\":\"ReadAction\",\"target\":[\"https:\/\/esp.andalucia.com\/blog\/flamenco-toros-vino-y-fiestas-populares\/\"]}]},{\"@type\":\"BreadcrumbList\",\"@id\":\"https:\/\/esp.andalucia.com\/blog\/flamenco-toros-vino-y-fiestas-populares\/#breadcrumb\",\"itemListElement\":[{\"@type\":\"ListItem\",\"position\":1,\"item\":{\"@type\":\"WebPage\",\"@id\":\"https:\/\/esp.andalucia.com\/blog\/\",\"url\":\"https:\/\/esp.andalucia.com\/blog\/\",\"name\":\"Portada\"}},{\"@type\":\"ListItem\",\"position\":2,\"item\":{\"@type\":\"WebPage\",\"@id\":\"https:\/\/esp.andalucia.com\/blog\/flamenco-toros-vino-y-fiestas-populares\/\",\"url\":\"https:\/\/esp.andalucia.com\/blog\/flamenco-toros-vino-y-fiestas-populares\/\",\"name\":\"Flamenco, toros, vino y fiestas populares\"}}]},{\"@type\":\"Person\",\"@id\":\"https:\/\/esp.andalucia.com\/blog\/#\/schema\/person\/764d18c08907ea2026c6652dbaa06aeb\",\"name\":\"admin\",\"image\":{\"@type\":\"ImageObject\",\"@id\":\"https:\/\/esp.andalucia.com\/blog\/#personlogo\",\"inLanguage\":\"en-US\",\"url\":\"https:\/\/secure.gravatar.com\/avatar\/483f554353dd1f8b3b9ac7b28ff59e21?s=96&d=mm&r=g\",\"contentUrl\":\"https:\/\/secure.gravatar.com\/avatar\/483f554353dd1f8b3b9ac7b28ff59e21?s=96&d=mm&r=g\",\"caption\":\"admin\"}}]}<\/script>\n<!-- \/ Yoast SEO plugin. -->","jetpack_featured_media_url":"","jetpack_publicize_connections":[],"jetpack_sharing_enabled":true,"jetpack_shortlink":"https:\/\/wp.me\/p7VLto-c3","_links":{"self":[{"href":"https:\/\/esp.andalucia.com\/blog\/wp-json\/wp\/v2\/posts\/747"}],"collection":[{"href":"https:\/\/esp.andalucia.com\/blog\/wp-json\/wp\/v2\/posts"}],"about":[{"href":"https:\/\/esp.andalucia.com\/blog\/wp-json\/wp\/v2\/types\/post"}],"author":[{"embeddable":true,"href":"https:\/\/esp.andalucia.com\/blog\/wp-json\/wp\/v2\/users\/1"}],"replies":[{"embeddable":true,"href":"https:\/\/esp.andalucia.com\/blog\/wp-json\/wp\/v2\/comments?post=747"}],"version-history":[{"count":2,"href":"https:\/\/esp.andalucia.com\/blog\/wp-json\/wp\/v2\/posts\/747\/revisions"}],"predecessor-version":[{"id":749,"href":"https:\/\/esp.andalucia.com\/blog\/wp-json\/wp\/v2\/posts\/747\/revisions\/749"}],"wp:attachment":[{"href":"https:\/\/esp.andalucia.com\/blog\/wp-json\/wp\/v2\/media?parent=747"}],"wp:term":[{"taxonomy":"category","embeddable":true,"href":"https:\/\/esp.andalucia.com\/blog\/wp-json\/wp\/v2\/categories?post=747"},{"taxonomy":"post_tag","embeddable":true,"href":"https:\/\/esp.andalucia.com\/blog\/wp-json\/wp\/v2\/tags?post=747"}],"curies":[{"name":"wp","href":"https:\/\/api.w.org\/{rel}","templated":true}]}}