{"id":735,"date":"2011-07-13T11:47:32","date_gmt":"2011-07-13T11:47:32","guid":{"rendered":"http:\/\/esp.andalucia.com\/blog\/?p=735"},"modified":"2011-07-13T11:47:32","modified_gmt":"2011-07-13T11:47:32","slug":"mariscal-picasso-segun-d-douglas-duncan-teatro-y-danza","status":"publish","type":"post","link":"https:\/\/esp.andalucia.com\/blog\/mariscal-picasso-segun-d-douglas-duncan-teatro-y-danza\/","title":{"rendered":"Mariscal, Picasso seg\u00fan D. Douglas Duncan, teatro y danza"},"content":{"rendered":"<p>Los devotos del dibujante y dise\u00f1ador valenciano <strong>Javier Mariscal<\/strong> tienen una cita en la Casa de la Provincia de <a href=\"http:\/\/www.esp.andalucia.com\/ciudades\/sevilla\/home.htm\" target=\"_blank\">Sevilla<\/a>. Hasta el 28 de agosto pueden contemplar la exposici\u00f3n antol\u00f3gica de este artista, que muestra el trabajo de 40 a\u00f1os: comic, muebles y otros objetos de decoraci\u00f3n, trabajos audiovisuales. La exposici\u00f3n se divide en distintos espacios como la cueva de los bocetos, el muro de las letras y gr\u00e1fica en la calle, entre otros. El horario de visitas es de martes a domingo, de 10 a 14 y de 18 a 21 horas.<\/p>\n<p>Conocer a <strong>Picasso<\/strong> a trav\u00e9s de la c\u00e1mara del fotoperiodista <strong>David Douglas Duncan<\/strong> es la propuesta de la <a href=\"http:\/\/www2.museopicassomalaga.org\/03_1frameset.htm\" target=\"_blank\">exposici\u00f3n temporal del Museo Picasso M\u00e1laga<\/a>, que puede visitarse hasta el 25 de septiembre. Entre las numerosas fotograf\u00edas que Duncan tom\u00f3 al artista desde que lo conoci\u00f3, en 1956, hasta la muerte de Picasso, en 1973, la exposici\u00f3n re\u00fane un total de 115 realizadas entre 1956 y 1961, y en las que aparecen 77 obras del artista malague\u00f1o. As\u00ed, la exposici\u00f3n <em>Picasso Crea. A trav\u00e9s de la c\u00e1mara de David Douglas Duncan<\/em>, permite una visita a la intimidad de Picasso, el contexto en el que creaba sus obras, sus amigos, su familia&#8230; Y tambi\u00e9n invita a visionar un documental en el que el propio Duncan cuenta su experiencia con Picasso, la confianza y libertad con la que puedo realizar su trabajo como fotoperiodista.<\/p>\n<p><strong>Teatro y Danza<\/strong><\/p>\n<p>Para los aficionados al teatro y la danza, las citas son en el municipio onubense de <a href=\"http:\/\/www.esp.andalucia.com\/provincia\/huelva\/el-condado\/niebla.htm\" target=\"_blank\">Niebla<\/a> y en el municipio sevillano de <a href=\"http:\/\/www.esp.andalucia.com\/provincia\/sevilla\/aljarafe\/santiponce.htm\" target=\"_blank\">Santiponce<\/a>.<\/p>\n<p>Hasta el 28 de agosto, se est\u00e1 celebrando la 27 edici\u00f3n del <strong>Festival de Teatro y Danza Castillo de Niebla<\/strong>. El 16 de julio actuar\u00e1 la Compa\u00f1\u00eda Nacional de Danza, el 23 se llevar\u00e1 a escena la obra <em>El invisible pr\u00edncipe del ba\u00fal<\/em> adaptada por el director y dramaturgo andaluz Juan Dolores Caballero, el 30 actuar\u00e1 el Ballet Nacional de Uruguay; y en agosto se representar\u00e1n obras cl\u00e1sicas como <em>La celestina<\/em>, con Gemma Cuervo, <em>El amor enamorado<\/em>, <em>Macbeth<\/em> y <em>La violaci\u00f3n de Lucrecia<\/em>.<\/p>\n<p>El <a href=\"http:\/\/www.festivalitalica.es\/es\/programacion\/\" target=\"_blank\"><strong>Festival Internacional de Danza<\/strong><\/a> en las <a href=\"http:\/\/www.esp.andalucia.com\/ciudades\/sevilla\/italica.htm\" target=\"_blank\">ruinas de It\u00e1lica<\/a> se est\u00e1 celebrando hasta el pr\u00f3ximo d\u00eda 28. Todas las funciones pendientes hasta la fecha (d\u00edas 15, 16, 19, 20, 22, 23, 27 y 28) tendr\u00e1n lugar en el Teatro Romano de It\u00e1lica a partir de las 22.30 horas. Los d\u00edas 19 y 20, se llevar\u00e1 a escena el estreno mundial del espect\u00e1culo Chinabaus Danza Upper, obra del director y dramaturgo andaluz Juan Dolores Caballero.<\/p>\n","protected":false},"excerpt":{"rendered":"<p>Los devotos del dibujante y dise\u00f1ador valenciano Javier Mariscal tienen una cita en la Casa de la Provincia de Sevilla. Hasta el 28 de agosto pueden contemplar la exposici\u00f3n antol\u00f3gica de este artista, que muestra el trabajo de 40 a\u00f1os: comic, muebles y otros objetos de decoraci\u00f3n, trabajos audiovisuales. La exposici\u00f3n se divide en distintos [&hellip;]<\/p>\n","protected":false},"author":1,"featured_media":0,"comment_status":"open","ping_status":"open","sticky":false,"template":"","format":"standard","meta":{"_genesis_hide_title":false,"_genesis_hide_breadcrumbs":false,"_genesis_hide_singular_image":false,"_genesis_hide_footer_widgets":false,"_genesis_custom_body_class":"","_genesis_custom_post_class":"","_genesis_layout":"","spay_email":"","jetpack_publicize_message":"","jetpack_is_tweetstorm":false},"categories":[15,3,16,29,13,27,25,11,22],"tags":[],"yoast_head":"<!-- This site is optimized with the Yoast SEO plugin v16.1 - https:\/\/yoast.com\/wordpress\/plugins\/seo\/ -->\n<title>Mariscal, Picasso seg\u00fan D. Douglas Duncan, teatro y danza - Blog de Andalucia.com<\/title>\n<link rel=\"canonical\" href=\"https:\/\/esp.andalucia.com\/blog\/mariscal-picasso-segun-d-douglas-duncan-teatro-y-danza\/\" \/>\n<meta property=\"og:locale\" content=\"en_US\" \/>\n<meta property=\"og:type\" content=\"article\" \/>\n<meta property=\"og:title\" content=\"Mariscal, Picasso seg\u00fan D. Douglas Duncan, teatro y danza - Blog de Andalucia.com\" \/>\n<meta property=\"og:description\" content=\"Los devotos del dibujante y dise\u00f1ador valenciano Javier Mariscal tienen una cita en la Casa de la Provincia de Sevilla. Hasta el 28 de agosto pueden contemplar la exposici\u00f3n antol\u00f3gica de este artista, que muestra el trabajo de 40 a\u00f1os: comic, muebles y otros objetos de decoraci\u00f3n, trabajos audiovisuales. La exposici\u00f3n se divide en distintos [&hellip;]\" \/>\n<meta property=\"og:url\" content=\"https:\/\/esp.andalucia.com\/blog\/mariscal-picasso-segun-d-douglas-duncan-teatro-y-danza\/\" \/>\n<meta property=\"og:site_name\" content=\"Blog de Andalucia.com\" \/>\n<meta property=\"article:published_time\" content=\"2011-07-13T11:47:32+00:00\" \/>\n<meta name=\"twitter:card\" content=\"summary\" \/>\n<meta name=\"twitter:label1\" content=\"Est. reading time\">\n\t<meta name=\"twitter:data1\" content=\"2 minutes\">\n<script type=\"application\/ld+json\" class=\"yoast-schema-graph\">{\"@context\":\"https:\/\/schema.org\",\"@graph\":[{\"@type\":\"WebSite\",\"@id\":\"https:\/\/esp.andalucia.com\/blog\/#website\",\"url\":\"https:\/\/esp.andalucia.com\/blog\/\",\"name\":\"Blog de Andalucia.com\",\"description\":\"Blog de Andalucia\",\"potentialAction\":[{\"@type\":\"SearchAction\",\"target\":\"https:\/\/esp.andalucia.com\/blog\/?s={search_term_string}\",\"query-input\":\"required name=search_term_string\"}],\"inLanguage\":\"en-US\"},{\"@type\":\"WebPage\",\"@id\":\"https:\/\/esp.andalucia.com\/blog\/mariscal-picasso-segun-d-douglas-duncan-teatro-y-danza\/#webpage\",\"url\":\"https:\/\/esp.andalucia.com\/blog\/mariscal-picasso-segun-d-douglas-duncan-teatro-y-danza\/\",\"name\":\"Mariscal, Picasso seg\\u00fan D. Douglas Duncan, teatro y danza - Blog de Andalucia.com\",\"isPartOf\":{\"@id\":\"https:\/\/esp.andalucia.com\/blog\/#website\"},\"datePublished\":\"2011-07-13T11:47:32+00:00\",\"dateModified\":\"2011-07-13T11:47:32+00:00\",\"author\":{\"@id\":\"https:\/\/esp.andalucia.com\/blog\/#\/schema\/person\/764d18c08907ea2026c6652dbaa06aeb\"},\"breadcrumb\":{\"@id\":\"https:\/\/esp.andalucia.com\/blog\/mariscal-picasso-segun-d-douglas-duncan-teatro-y-danza\/#breadcrumb\"},\"inLanguage\":\"en-US\",\"potentialAction\":[{\"@type\":\"ReadAction\",\"target\":[\"https:\/\/esp.andalucia.com\/blog\/mariscal-picasso-segun-d-douglas-duncan-teatro-y-danza\/\"]}]},{\"@type\":\"BreadcrumbList\",\"@id\":\"https:\/\/esp.andalucia.com\/blog\/mariscal-picasso-segun-d-douglas-duncan-teatro-y-danza\/#breadcrumb\",\"itemListElement\":[{\"@type\":\"ListItem\",\"position\":1,\"item\":{\"@type\":\"WebPage\",\"@id\":\"https:\/\/esp.andalucia.com\/blog\/\",\"url\":\"https:\/\/esp.andalucia.com\/blog\/\",\"name\":\"Portada\"}},{\"@type\":\"ListItem\",\"position\":2,\"item\":{\"@type\":\"WebPage\",\"@id\":\"https:\/\/esp.andalucia.com\/blog\/mariscal-picasso-segun-d-douglas-duncan-teatro-y-danza\/\",\"url\":\"https:\/\/esp.andalucia.com\/blog\/mariscal-picasso-segun-d-douglas-duncan-teatro-y-danza\/\",\"name\":\"Mariscal, Picasso seg\\u00fan D. Douglas Duncan, teatro y danza\"}}]},{\"@type\":\"Person\",\"@id\":\"https:\/\/esp.andalucia.com\/blog\/#\/schema\/person\/764d18c08907ea2026c6652dbaa06aeb\",\"name\":\"admin\",\"image\":{\"@type\":\"ImageObject\",\"@id\":\"https:\/\/esp.andalucia.com\/blog\/#personlogo\",\"inLanguage\":\"en-US\",\"url\":\"https:\/\/secure.gravatar.com\/avatar\/483f554353dd1f8b3b9ac7b28ff59e21?s=96&d=mm&r=g\",\"contentUrl\":\"https:\/\/secure.gravatar.com\/avatar\/483f554353dd1f8b3b9ac7b28ff59e21?s=96&d=mm&r=g\",\"caption\":\"admin\"}}]}<\/script>\n<!-- \/ Yoast SEO plugin. -->","jetpack_featured_media_url":"","jetpack_publicize_connections":[],"jetpack_sharing_enabled":true,"jetpack_shortlink":"https:\/\/wp.me\/p7VLto-bR","_links":{"self":[{"href":"https:\/\/esp.andalucia.com\/blog\/wp-json\/wp\/v2\/posts\/735"}],"collection":[{"href":"https:\/\/esp.andalucia.com\/blog\/wp-json\/wp\/v2\/posts"}],"about":[{"href":"https:\/\/esp.andalucia.com\/blog\/wp-json\/wp\/v2\/types\/post"}],"author":[{"embeddable":true,"href":"https:\/\/esp.andalucia.com\/blog\/wp-json\/wp\/v2\/users\/1"}],"replies":[{"embeddable":true,"href":"https:\/\/esp.andalucia.com\/blog\/wp-json\/wp\/v2\/comments?post=735"}],"version-history":[{"count":3,"href":"https:\/\/esp.andalucia.com\/blog\/wp-json\/wp\/v2\/posts\/735\/revisions"}],"predecessor-version":[{"id":738,"href":"https:\/\/esp.andalucia.com\/blog\/wp-json\/wp\/v2\/posts\/735\/revisions\/738"}],"wp:attachment":[{"href":"https:\/\/esp.andalucia.com\/blog\/wp-json\/wp\/v2\/media?parent=735"}],"wp:term":[{"taxonomy":"category","embeddable":true,"href":"https:\/\/esp.andalucia.com\/blog\/wp-json\/wp\/v2\/categories?post=735"},{"taxonomy":"post_tag","embeddable":true,"href":"https:\/\/esp.andalucia.com\/blog\/wp-json\/wp\/v2\/tags?post=735"}],"curies":[{"name":"wp","href":"https:\/\/api.w.org\/{rel}","templated":true}]}}