{"id":730,"date":"2011-07-01T18:06:05","date_gmt":"2011-07-01T18:06:05","guid":{"rendered":"http:\/\/esp.andalucia.com\/blog\/?p=730"},"modified":"2011-07-01T18:07:05","modified_gmt":"2011-07-01T18:07:05","slug":"conciertos-y-festivales-de-verano-en-andalucia","status":"publish","type":"post","link":"https:\/\/esp.andalucia.com\/blog\/conciertos-y-festivales-de-verano-en-andalucia\/","title":{"rendered":"Conciertos y festivales de verano en Andaluc\u00eda"},"content":{"rendered":"<p>Desde el pasado mi\u00e9rcoles y hasta el 30 de septiembre, los jardines del <a href=\"http:\/\/www.esp.andalucia.com\/ciudades\/sevilla\/alcazar.htm\" target=\"_blank\">Alc\u00e1zar de Sevilla<\/a> vuelven a ser, un a\u00f1o m\u00e1s, el escenario de conciertos de m\u00fasica antigua, cl\u00e1sica, flamenca, jazz, blues y otros estilos. En total, 75 conciertos programados para la XI edici\u00f3n del ciclo<a href=\"http:\/\/www.patronato-alcazarsevilla.es\/index.php?modo=noticias&amp;id=123\" target=\"_blank\"> &#8216;Noche en los Jardines del Alc\u00e1zar&#8217;<\/a>.<\/p>\n<p>En el municipio malague\u00f1o de <a href=\"http:\/\/www.esp.andalucia.com\/provincia\/malaga\/sierra_de_las_nieves\/ojen.htm\" target=\"_blank\">Oj\u00e9n<\/a>, comienza hoy el festival de m\u00fasica pop-rock independiente <a href=\"www.ojen.es\/es\/Ojeando_festival\/\" target=\"_blank\">Ojeando 2011<\/a>. En la sexta edici\u00f3n de este festival, que culmina este domingo, participan artistas y bandas como Nacho Vegas, Sexi Sadie, Dorian, supersubmarina y Pony Bravo, entre otros.<\/p>\n<p>Tambi\u00e9n hoy comienza en la ciudad de <a href=\"http:\/\/www.esp.andalucia.com\/ciudades\/malaga\/home.htm\" target=\"_blank\">M\u00e1laga<\/a> el festival <a href=\"http:\/\/www.teatrocervantes.com\/es\/genero\/musica\/ciclo\/78\/espectaculo\/1032\" target=\"_blank\">Terral 2001<\/a>, en el que intervendr\u00e1n artistas como Luz Casal, M\u00f3nica Naranjo, Pablo Milan\u00e9s, Ni\u00f1a Pastori y <a href=\"http:\/\/www.esp.andalucia.com\/sociedad\/flamenco\/artistas\/danielcasares.htm\" target=\"_blank\">Daniel Casares<\/a>, entre otros. Los conciertos tendr\u00e1n lugar en el Teatro Cervantes y en el Teatro Echegaray.<\/p>\n<p>En municipios de la <a href=\"http:\/\/www.esp.andalucia.com\/provincia\/jaen\/home.htm\" target=\"_blank\">provincia de Ja\u00e9n<\/a> como La Carolina, Ba\u00f1os de la Encina o Alcaudete, se celebrar\u00e1 hasta el pr\u00f3ximo mi\u00e9rcoles el <a href=\"http:\/\/www.dipujaen.es\/export\/sites\/default\/galerias\/galeriaDescargas\/diputacion\/dipujaen\/actualidad\/2011-junio\/Datos_de_interes_Folk_del_Mundo_2011.pdf\" target=\"_blank\">XXVI Festival Internacional de M\u00fasica, Danza y Canciones Populares Folk del Mundo 2011<\/a>. Un total de 135 grupos procedentes de 66 pa\u00edses de los cinco continentes son los protagonistas de esta nueva edici\u00f3n del festival.<\/p>\n<p>El pr\u00f3ximo mi\u00e9rcoles dar\u00e1 comienzo en la ciudad de C\u00f3rdoba el <a href=\"http:\/\/www.guitarracordoba.com\/index.php\/inicio.html\" target=\"_blank\">31 Festival de la Guitarra de C\u00f3rdoba<\/a>. Adem\u00e1s de su programa formativo, el festival incluye conciertos y espect\u00e1culos que se desarrollar\u00e1n en diferentes plazas y recintos de la <a href=\"http:\/\/www.esp.andalucia.com\/ciudades\/cordoba\/home.htm\" target=\"_blank\">ciudad<\/a>. Entre los artistas que actuar\u00e1n en el festival: Pablo Milan\u00e9s, Vicente Amigo, Roc\u00edo Molina, Andr\u00e9s Calamaro, Ariel Rot&#8230;<\/p>\n","protected":false},"excerpt":{"rendered":"<p>Desde el pasado mi\u00e9rcoles y hasta el 30 de septiembre, los jardines del Alc\u00e1zar de Sevilla vuelven a ser, un a\u00f1o m\u00e1s, el escenario de conciertos de m\u00fasica antigua, cl\u00e1sica, flamenca, jazz, blues y otros estilos. En total, 75 conciertos programados para la XI edici\u00f3n del ciclo &#8216;Noche en los Jardines del Alc\u00e1zar&#8217;. En el [&hellip;]<\/p>\n","protected":false},"author":1,"featured_media":0,"comment_status":"open","ping_status":"open","sticky":false,"template":"","format":"standard","meta":{"_genesis_hide_title":false,"_genesis_hide_breadcrumbs":false,"_genesis_hide_singular_image":false,"_genesis_hide_footer_widgets":false,"_genesis_custom_body_class":"","_genesis_custom_post_class":"","_genesis_layout":"","spay_email":"","jetpack_publicize_message":"","jetpack_is_tweetstorm":false},"categories":[15,3,16,29,13,8,5,32,22,1],"tags":[],"yoast_head":"<!-- This site is optimized with the Yoast SEO plugin v16.1 - https:\/\/yoast.com\/wordpress\/plugins\/seo\/ -->\n<title>Conciertos y festivales de verano en Andaluc\u00eda - Blog de Andalucia.com<\/title>\n<link rel=\"canonical\" href=\"https:\/\/esp.andalucia.com\/blog\/conciertos-y-festivales-de-verano-en-andalucia\/\" \/>\n<meta property=\"og:locale\" content=\"en_US\" \/>\n<meta property=\"og:type\" content=\"article\" \/>\n<meta property=\"og:title\" content=\"Conciertos y festivales de verano en Andaluc\u00eda - Blog de Andalucia.com\" \/>\n<meta property=\"og:description\" content=\"Desde el pasado mi\u00e9rcoles y hasta el 30 de septiembre, los jardines del Alc\u00e1zar de Sevilla vuelven a ser, un a\u00f1o m\u00e1s, el escenario de conciertos de m\u00fasica antigua, cl\u00e1sica, flamenca, jazz, blues y otros estilos. En total, 75 conciertos programados para la XI edici\u00f3n del ciclo &#8216;Noche en los Jardines del Alc\u00e1zar&#8217;. En el [&hellip;]\" \/>\n<meta property=\"og:url\" content=\"https:\/\/esp.andalucia.com\/blog\/conciertos-y-festivales-de-verano-en-andalucia\/\" \/>\n<meta property=\"og:site_name\" content=\"Blog de Andalucia.com\" \/>\n<meta property=\"article:published_time\" content=\"2011-07-01T18:06:05+00:00\" \/>\n<meta property=\"article:modified_time\" content=\"2011-07-01T18:07:05+00:00\" \/>\n<meta name=\"twitter:card\" content=\"summary\" \/>\n<meta name=\"twitter:label1\" content=\"Est. reading time\">\n\t<meta name=\"twitter:data1\" content=\"1 minute\">\n<script type=\"application\/ld+json\" class=\"yoast-schema-graph\">{\"@context\":\"https:\/\/schema.org\",\"@graph\":[{\"@type\":\"WebSite\",\"@id\":\"https:\/\/esp.andalucia.com\/blog\/#website\",\"url\":\"https:\/\/esp.andalucia.com\/blog\/\",\"name\":\"Blog de Andalucia.com\",\"description\":\"Blog de Andalucia\",\"potentialAction\":[{\"@type\":\"SearchAction\",\"target\":\"https:\/\/esp.andalucia.com\/blog\/?s={search_term_string}\",\"query-input\":\"required name=search_term_string\"}],\"inLanguage\":\"en-US\"},{\"@type\":\"WebPage\",\"@id\":\"https:\/\/esp.andalucia.com\/blog\/conciertos-y-festivales-de-verano-en-andalucia\/#webpage\",\"url\":\"https:\/\/esp.andalucia.com\/blog\/conciertos-y-festivales-de-verano-en-andalucia\/\",\"name\":\"Conciertos y festivales de verano en Andaluc\\u00eda - Blog de Andalucia.com\",\"isPartOf\":{\"@id\":\"https:\/\/esp.andalucia.com\/blog\/#website\"},\"datePublished\":\"2011-07-01T18:06:05+00:00\",\"dateModified\":\"2011-07-01T18:07:05+00:00\",\"author\":{\"@id\":\"https:\/\/esp.andalucia.com\/blog\/#\/schema\/person\/764d18c08907ea2026c6652dbaa06aeb\"},\"breadcrumb\":{\"@id\":\"https:\/\/esp.andalucia.com\/blog\/conciertos-y-festivales-de-verano-en-andalucia\/#breadcrumb\"},\"inLanguage\":\"en-US\",\"potentialAction\":[{\"@type\":\"ReadAction\",\"target\":[\"https:\/\/esp.andalucia.com\/blog\/conciertos-y-festivales-de-verano-en-andalucia\/\"]}]},{\"@type\":\"BreadcrumbList\",\"@id\":\"https:\/\/esp.andalucia.com\/blog\/conciertos-y-festivales-de-verano-en-andalucia\/#breadcrumb\",\"itemListElement\":[{\"@type\":\"ListItem\",\"position\":1,\"item\":{\"@type\":\"WebPage\",\"@id\":\"https:\/\/esp.andalucia.com\/blog\/\",\"url\":\"https:\/\/esp.andalucia.com\/blog\/\",\"name\":\"Portada\"}},{\"@type\":\"ListItem\",\"position\":2,\"item\":{\"@type\":\"WebPage\",\"@id\":\"https:\/\/esp.andalucia.com\/blog\/conciertos-y-festivales-de-verano-en-andalucia\/\",\"url\":\"https:\/\/esp.andalucia.com\/blog\/conciertos-y-festivales-de-verano-en-andalucia\/\",\"name\":\"Conciertos y festivales de verano en Andaluc\\u00eda\"}}]},{\"@type\":\"Person\",\"@id\":\"https:\/\/esp.andalucia.com\/blog\/#\/schema\/person\/764d18c08907ea2026c6652dbaa06aeb\",\"name\":\"admin\",\"image\":{\"@type\":\"ImageObject\",\"@id\":\"https:\/\/esp.andalucia.com\/blog\/#personlogo\",\"inLanguage\":\"en-US\",\"url\":\"https:\/\/secure.gravatar.com\/avatar\/483f554353dd1f8b3b9ac7b28ff59e21?s=96&d=mm&r=g\",\"contentUrl\":\"https:\/\/secure.gravatar.com\/avatar\/483f554353dd1f8b3b9ac7b28ff59e21?s=96&d=mm&r=g\",\"caption\":\"admin\"}}]}<\/script>\n<!-- \/ Yoast SEO plugin. -->","jetpack_featured_media_url":"","jetpack_publicize_connections":[],"jetpack_sharing_enabled":true,"jetpack_shortlink":"https:\/\/wp.me\/p7VLto-bM","_links":{"self":[{"href":"https:\/\/esp.andalucia.com\/blog\/wp-json\/wp\/v2\/posts\/730"}],"collection":[{"href":"https:\/\/esp.andalucia.com\/blog\/wp-json\/wp\/v2\/posts"}],"about":[{"href":"https:\/\/esp.andalucia.com\/blog\/wp-json\/wp\/v2\/types\/post"}],"author":[{"embeddable":true,"href":"https:\/\/esp.andalucia.com\/blog\/wp-json\/wp\/v2\/users\/1"}],"replies":[{"embeddable":true,"href":"https:\/\/esp.andalucia.com\/blog\/wp-json\/wp\/v2\/comments?post=730"}],"version-history":[{"count":4,"href":"https:\/\/esp.andalucia.com\/blog\/wp-json\/wp\/v2\/posts\/730\/revisions"}],"predecessor-version":[{"id":734,"href":"https:\/\/esp.andalucia.com\/blog\/wp-json\/wp\/v2\/posts\/730\/revisions\/734"}],"wp:attachment":[{"href":"https:\/\/esp.andalucia.com\/blog\/wp-json\/wp\/v2\/media?parent=730"}],"wp:term":[{"taxonomy":"category","embeddable":true,"href":"https:\/\/esp.andalucia.com\/blog\/wp-json\/wp\/v2\/categories?post=730"},{"taxonomy":"post_tag","embeddable":true,"href":"https:\/\/esp.andalucia.com\/blog\/wp-json\/wp\/v2\/tags?post=730"}],"curies":[{"name":"wp","href":"https:\/\/api.w.org\/{rel}","templated":true}]}}