{"id":676,"date":"2011-02-21T12:39:37","date_gmt":"2011-02-21T12:39:37","guid":{"rendered":"http:\/\/esp.andalucia.com\/blog\/?p=676"},"modified":"2011-02-21T12:39:37","modified_gmt":"2011-02-21T12:39:37","slug":"cartier-bresson-jean-jacques-levy-carlos-saura","status":"publish","type":"post","link":"https:\/\/esp.andalucia.com\/blog\/cartier-bresson-jean-jacques-levy-carlos-saura\/","title":{"rendered":"Cartier-Bresson, Jean-Jacques L\u00e8vy, Carlos Saura&#8230;"},"content":{"rendered":"<p>A partir hoy y hasta el 3 de abril, la ciudad de Huelva acoger\u00e1 exposiciones fotogr\u00e1ficas de figuras tan destacadas como Henri Cartier-Bersson, Jean-Jacques L\u00e8vy, Carlos Saura, Cristina Garc\u00eda Rodero y Pablo Genov\u00e9s. M\u00e1s de 400 fotograf\u00edas de distintos estilos y tendencia art\u00edsticas colgar\u00e1n en espacios culturales como el Museo Provincial, la Casa Col\u00f3n o la sala de exposiciones del Rectorado de la Universidad de Huelva, con motivo de la tercera edici\u00f3n de Latitudes Festival de Fotograf\u00eda de Huelva.<\/p>\n<p>La programaci\u00f3n de este festival tambi\u00e9n incluye tres ciclos dedicados al cine franc\u00e9s, ruso e hind\u00fa, con proyecciones en el Gran Teatro y en el sal\u00f3n de actos de la Fundaci\u00f3n Caja Rural del Sur.<\/p>\n<p>El fotoperiodista Pablo Juli\u00e1 ofrecer\u00e1 la conferencia inaugural de Latitudes 2011. Ser\u00e1 a las seis y media de esta tarde, en el sal\u00f3n de actos del Campus Universitario de La Merced. Juli\u00e1, director del Centro Andaluz de Fotograf\u00eda, hablar\u00e1 de la fotograf\u00eda espa\u00f1ola actual.<\/p>\n<p>Luis Eduardo Aute cerrar\u00e1 la programaci\u00f3n de Latitudes el 7 de abril, con la presentaci\u00f3n de su \u00faltimo disco &#8216;Intemperie&#8217; en el Gran Teatro de <a href=\"http:\/\/www.esp.andalucia.com\/ciudades\/huelva\/home.htm\" target=\"_blank\">Huelva<\/a>.<\/p>\n<p><strong>Nueva exposici\u00f3n en el Picasso de M\u00e1laga<\/strong><\/p>\n<p>A partir de ma\u00f1ana, en el Museo Picasso de M\u00e1laga se podr\u00e1 contemplar una nueva exposici\u00f3n: &#8216;Kippenberger mir\u00f3 a Picasso&#8217;. La muestra re\u00fane 55 obras entre pinturas de gran formato, dibujos y esculturas; 48 libros, 73 carteles y tarjetas de invitaci\u00f3n. Obras del controvertido y multidisciplinar creador alem\u00e1n, inspiradas en la admiraci\u00f3n y el inter\u00e9s que sinti\u00f3 a lo largo de toda su vida por la figura de Pablo Picasso.<\/p>\n<p>&#8216;Kippenberger mira a Picasso&#8217; incluye tambi\u00e9n una selecci\u00f3n de im\u00e1genes, comentarios y entrevistas en v\u00eddeo realizadas entre 1979 y 1997, que documentan las obras expuestas en el citado museo de <a href=\"http:\/\/www.esp.andalucia.com\/ciudades\/malaga\/home.htm\" target=\"_blank\">M\u00e1laga<\/a>.<\/p>\n","protected":false},"excerpt":{"rendered":"<p>A partir hoy y hasta el 3 de abril, la ciudad de Huelva acoger\u00e1 exposiciones fotogr\u00e1ficas de figuras tan destacadas como Henri Cartier-Bersson, Jean-Jacques L\u00e8vy, Carlos Saura, Cristina Garc\u00eda Rodero y Pablo Genov\u00e9s. M\u00e1s de 400 fotograf\u00edas de distintos estilos y tendencia art\u00edsticas colgar\u00e1n en espacios culturales como el Museo Provincial, la Casa Col\u00f3n o [&hellip;]<\/p>\n","protected":false},"author":1,"featured_media":0,"comment_status":"open","ping_status":"open","sticky":false,"template":"","format":"standard","meta":{"_genesis_hide_title":false,"_genesis_hide_breadcrumbs":false,"_genesis_hide_singular_image":false,"_genesis_hide_footer_widgets":false,"_genesis_custom_body_class":"","_genesis_custom_post_class":"","_genesis_layout":"","spay_email":"","jetpack_publicize_message":"","jetpack_is_tweetstorm":false},"categories":[1],"tags":[],"yoast_head":"<!-- This site is optimized with the Yoast SEO plugin v16.1 - https:\/\/yoast.com\/wordpress\/plugins\/seo\/ -->\n<title>Cartier-Bresson, Jean-Jacques L\u00e8vy, Carlos Saura... - Blog de Andalucia.com<\/title>\n<link rel=\"canonical\" href=\"https:\/\/esp.andalucia.com\/blog\/cartier-bresson-jean-jacques-levy-carlos-saura\/\" \/>\n<meta property=\"og:locale\" content=\"en_US\" \/>\n<meta property=\"og:type\" content=\"article\" \/>\n<meta property=\"og:title\" content=\"Cartier-Bresson, Jean-Jacques L\u00e8vy, Carlos Saura... - Blog de Andalucia.com\" \/>\n<meta property=\"og:description\" content=\"A partir hoy y hasta el 3 de abril, la ciudad de Huelva acoger\u00e1 exposiciones fotogr\u00e1ficas de figuras tan destacadas como Henri Cartier-Bersson, Jean-Jacques L\u00e8vy, Carlos Saura, Cristina Garc\u00eda Rodero y Pablo Genov\u00e9s. M\u00e1s de 400 fotograf\u00edas de distintos estilos y tendencia art\u00edsticas colgar\u00e1n en espacios culturales como el Museo Provincial, la Casa Col\u00f3n o [&hellip;]\" \/>\n<meta property=\"og:url\" content=\"https:\/\/esp.andalucia.com\/blog\/cartier-bresson-jean-jacques-levy-carlos-saura\/\" \/>\n<meta property=\"og:site_name\" content=\"Blog de Andalucia.com\" \/>\n<meta property=\"article:published_time\" content=\"2011-02-21T12:39:37+00:00\" \/>\n<meta name=\"twitter:card\" content=\"summary\" \/>\n<meta name=\"twitter:label1\" content=\"Est. reading time\">\n\t<meta name=\"twitter:data1\" content=\"2 minutes\">\n<script type=\"application\/ld+json\" class=\"yoast-schema-graph\">{\"@context\":\"https:\/\/schema.org\",\"@graph\":[{\"@type\":\"WebSite\",\"@id\":\"https:\/\/esp.andalucia.com\/blog\/#website\",\"url\":\"https:\/\/esp.andalucia.com\/blog\/\",\"name\":\"Blog de Andalucia.com\",\"description\":\"Blog de Andalucia\",\"potentialAction\":[{\"@type\":\"SearchAction\",\"target\":\"https:\/\/esp.andalucia.com\/blog\/?s={search_term_string}\",\"query-input\":\"required name=search_term_string\"}],\"inLanguage\":\"en-US\"},{\"@type\":\"WebPage\",\"@id\":\"https:\/\/esp.andalucia.com\/blog\/cartier-bresson-jean-jacques-levy-carlos-saura\/#webpage\",\"url\":\"https:\/\/esp.andalucia.com\/blog\/cartier-bresson-jean-jacques-levy-carlos-saura\/\",\"name\":\"Cartier-Bresson, Jean-Jacques L\\u00e8vy, Carlos Saura... - Blog de Andalucia.com\",\"isPartOf\":{\"@id\":\"https:\/\/esp.andalucia.com\/blog\/#website\"},\"datePublished\":\"2011-02-21T12:39:37+00:00\",\"dateModified\":\"2011-02-21T12:39:37+00:00\",\"author\":{\"@id\":\"https:\/\/esp.andalucia.com\/blog\/#\/schema\/person\/764d18c08907ea2026c6652dbaa06aeb\"},\"breadcrumb\":{\"@id\":\"https:\/\/esp.andalucia.com\/blog\/cartier-bresson-jean-jacques-levy-carlos-saura\/#breadcrumb\"},\"inLanguage\":\"en-US\",\"potentialAction\":[{\"@type\":\"ReadAction\",\"target\":[\"https:\/\/esp.andalucia.com\/blog\/cartier-bresson-jean-jacques-levy-carlos-saura\/\"]}]},{\"@type\":\"BreadcrumbList\",\"@id\":\"https:\/\/esp.andalucia.com\/blog\/cartier-bresson-jean-jacques-levy-carlos-saura\/#breadcrumb\",\"itemListElement\":[{\"@type\":\"ListItem\",\"position\":1,\"item\":{\"@type\":\"WebPage\",\"@id\":\"https:\/\/esp.andalucia.com\/blog\/\",\"url\":\"https:\/\/esp.andalucia.com\/blog\/\",\"name\":\"Portada\"}},{\"@type\":\"ListItem\",\"position\":2,\"item\":{\"@type\":\"WebPage\",\"@id\":\"https:\/\/esp.andalucia.com\/blog\/cartier-bresson-jean-jacques-levy-carlos-saura\/\",\"url\":\"https:\/\/esp.andalucia.com\/blog\/cartier-bresson-jean-jacques-levy-carlos-saura\/\",\"name\":\"Cartier-Bresson, Jean-Jacques L\\u00e8vy, Carlos Saura&#8230;\"}}]},{\"@type\":\"Person\",\"@id\":\"https:\/\/esp.andalucia.com\/blog\/#\/schema\/person\/764d18c08907ea2026c6652dbaa06aeb\",\"name\":\"admin\",\"image\":{\"@type\":\"ImageObject\",\"@id\":\"https:\/\/esp.andalucia.com\/blog\/#personlogo\",\"inLanguage\":\"en-US\",\"url\":\"https:\/\/secure.gravatar.com\/avatar\/483f554353dd1f8b3b9ac7b28ff59e21?s=96&d=mm&r=g\",\"contentUrl\":\"https:\/\/secure.gravatar.com\/avatar\/483f554353dd1f8b3b9ac7b28ff59e21?s=96&d=mm&r=g\",\"caption\":\"admin\"}}]}<\/script>\n<!-- \/ Yoast SEO plugin. -->","jetpack_featured_media_url":"","jetpack_publicize_connections":[],"jetpack_sharing_enabled":true,"jetpack_shortlink":"https:\/\/wp.me\/p7VLto-aU","_links":{"self":[{"href":"https:\/\/esp.andalucia.com\/blog\/wp-json\/wp\/v2\/posts\/676"}],"collection":[{"href":"https:\/\/esp.andalucia.com\/blog\/wp-json\/wp\/v2\/posts"}],"about":[{"href":"https:\/\/esp.andalucia.com\/blog\/wp-json\/wp\/v2\/types\/post"}],"author":[{"embeddable":true,"href":"https:\/\/esp.andalucia.com\/blog\/wp-json\/wp\/v2\/users\/1"}],"replies":[{"embeddable":true,"href":"https:\/\/esp.andalucia.com\/blog\/wp-json\/wp\/v2\/comments?post=676"}],"version-history":[{"count":2,"href":"https:\/\/esp.andalucia.com\/blog\/wp-json\/wp\/v2\/posts\/676\/revisions"}],"predecessor-version":[{"id":678,"href":"https:\/\/esp.andalucia.com\/blog\/wp-json\/wp\/v2\/posts\/676\/revisions\/678"}],"wp:attachment":[{"href":"https:\/\/esp.andalucia.com\/blog\/wp-json\/wp\/v2\/media?parent=676"}],"wp:term":[{"taxonomy":"category","embeddable":true,"href":"https:\/\/esp.andalucia.com\/blog\/wp-json\/wp\/v2\/categories?post=676"},{"taxonomy":"post_tag","embeddable":true,"href":"https:\/\/esp.andalucia.com\/blog\/wp-json\/wp\/v2\/tags?post=676"}],"curies":[{"name":"wp","href":"https:\/\/api.w.org\/{rel}","templated":true}]}}