{"id":546,"date":"2010-04-30T11:29:30","date_gmt":"2010-04-30T11:29:30","guid":{"rendered":"http:\/\/esp.andalucia.com\/blog\/?p=546"},"modified":"2010-04-30T11:32:41","modified_gmt":"2010-04-30T11:32:41","slug":"andaluces-honoris-causa","status":"publish","type":"post","link":"https:\/\/esp.andalucia.com\/blog\/andaluces-honoris-causa\/","title":{"rendered":"Andaluces honoris causa"},"content":{"rendered":"<p>El anuncio tuvo lugar hace ya varias semanas, pero ser\u00e1 en la pr\u00f3xima cuando se lleve a efecto. Nos referimos a las investiduras de doctor honoris causa del famoso malague\u00f1o <a href=\"http:\/\/www.esp.andalucia.com\/sociedad\/personajes\/banderas.htm\" target=\"_blank\">Antonio Banderas<\/a> y del no menos conocido mundialmente <a href=\"http:\/\/www.esp.andalucia.com\/sociedad\/personajes\/pacodelucia.htm\" target=\"_blank\">Paco de Luc\u00eda<\/a>.<\/p>\n<p>Antonio Banderas ser\u00e1 investido con tal t\u00edtulo el mi\u00e9rcoles, 5 de mayo, en el sal\u00f3n de actos de las Escuelas de Inform\u00e1tica y Telecomunicaci\u00f3n de la <a href=\"http:\/\/www.uma.es\/\" target=\"_blank\">Universidad de M\u00e1laga<\/a>. El evento dar\u00e1 comienzo a las ocho de la tarde, y con \u00e9l se pretende reconocer la larga y exitosa carrera del actor malague\u00f1o.<\/p>\n<p>Banderas ya ha sido nombrado doctor honoris causa por el Dickinson College de Pennsylvania, y la Universidad de Veracruz, en M\u00e9xico, ya ha iniciado los tr\u00e1mites necesarios para pronunciarse en este mismo sentido.<\/p>\n<p>Por su parte, el guitarrista gaditano Paco de Luc\u00eda ser\u00e1 investido doctor honoris causa del Berklee College of Music de Boston el s\u00e1bado, 8 de mayo. Es el primer espa\u00f1ol que logra este reconocimiento, que se fundamenta en el hecho de ser considerado el m\u00fasico m\u00e1s completo e internacional de Espa\u00f1a. Un artista que ha influido en varias generaciones de m\u00fasicos y que ha difundido el flamenco en todo el mundo.<\/p>\n<p>La ceremonia de investidura del guitarrita gaditano tendr\u00e1 lugar en el Agganis de la Universidad de Boston.<\/p>\n","protected":false},"excerpt":{"rendered":"<p>El anuncio tuvo lugar hace ya varias semanas, pero ser\u00e1 en la pr\u00f3xima cuando se lleve a efecto. Nos referimos a las investiduras de doctor honoris causa del famoso malague\u00f1o Antonio Banderas y del no menos conocido mundialmente Paco de Luc\u00eda. Antonio Banderas ser\u00e1 investido con tal t\u00edtulo el mi\u00e9rcoles, 5 de mayo, en el [&hellip;]<\/p>\n","protected":false},"author":1,"featured_media":0,"comment_status":"open","ping_status":"open","sticky":false,"template":"","format":"standard","meta":{"_genesis_hide_title":false,"_genesis_hide_breadcrumbs":false,"_genesis_hide_singular_image":false,"_genesis_hide_footer_widgets":false,"_genesis_custom_body_class":"","_genesis_custom_post_class":"","_genesis_layout":"","spay_email":"","jetpack_publicize_message":"","jetpack_is_tweetstorm":false},"categories":[15,10,3,8,5],"tags":[],"yoast_head":"<!-- This site is optimized with the Yoast SEO plugin v16.1 - https:\/\/yoast.com\/wordpress\/plugins\/seo\/ -->\n<title>Andaluces honoris causa - Blog de Andalucia.com<\/title>\n<link rel=\"canonical\" href=\"https:\/\/esp.andalucia.com\/blog\/andaluces-honoris-causa\/\" \/>\n<meta property=\"og:locale\" content=\"en_US\" \/>\n<meta property=\"og:type\" content=\"article\" \/>\n<meta property=\"og:title\" content=\"Andaluces honoris causa - Blog de Andalucia.com\" \/>\n<meta property=\"og:description\" content=\"El anuncio tuvo lugar hace ya varias semanas, pero ser\u00e1 en la pr\u00f3xima cuando se lleve a efecto. Nos referimos a las investiduras de doctor honoris causa del famoso malague\u00f1o Antonio Banderas y del no menos conocido mundialmente Paco de Luc\u00eda. Antonio Banderas ser\u00e1 investido con tal t\u00edtulo el mi\u00e9rcoles, 5 de mayo, en el [&hellip;]\" \/>\n<meta property=\"og:url\" content=\"https:\/\/esp.andalucia.com\/blog\/andaluces-honoris-causa\/\" \/>\n<meta property=\"og:site_name\" content=\"Blog de Andalucia.com\" \/>\n<meta property=\"article:published_time\" content=\"2010-04-30T11:29:30+00:00\" \/>\n<meta property=\"article:modified_time\" content=\"2010-04-30T11:32:41+00:00\" \/>\n<meta name=\"twitter:card\" content=\"summary\" \/>\n<meta name=\"twitter:label1\" content=\"Est. reading time\">\n\t<meta name=\"twitter:data1\" content=\"1 minute\">\n<script type=\"application\/ld+json\" class=\"yoast-schema-graph\">{\"@context\":\"https:\/\/schema.org\",\"@graph\":[{\"@type\":\"WebSite\",\"@id\":\"https:\/\/esp.andalucia.com\/blog\/#website\",\"url\":\"https:\/\/esp.andalucia.com\/blog\/\",\"name\":\"Blog de Andalucia.com\",\"description\":\"Blog de Andalucia\",\"potentialAction\":[{\"@type\":\"SearchAction\",\"target\":\"https:\/\/esp.andalucia.com\/blog\/?s={search_term_string}\",\"query-input\":\"required name=search_term_string\"}],\"inLanguage\":\"en-US\"},{\"@type\":\"WebPage\",\"@id\":\"https:\/\/esp.andalucia.com\/blog\/andaluces-honoris-causa\/#webpage\",\"url\":\"https:\/\/esp.andalucia.com\/blog\/andaluces-honoris-causa\/\",\"name\":\"Andaluces honoris causa - Blog de Andalucia.com\",\"isPartOf\":{\"@id\":\"https:\/\/esp.andalucia.com\/blog\/#website\"},\"datePublished\":\"2010-04-30T11:29:30+00:00\",\"dateModified\":\"2010-04-30T11:32:41+00:00\",\"author\":{\"@id\":\"https:\/\/esp.andalucia.com\/blog\/#\/schema\/person\/764d18c08907ea2026c6652dbaa06aeb\"},\"breadcrumb\":{\"@id\":\"https:\/\/esp.andalucia.com\/blog\/andaluces-honoris-causa\/#breadcrumb\"},\"inLanguage\":\"en-US\",\"potentialAction\":[{\"@type\":\"ReadAction\",\"target\":[\"https:\/\/esp.andalucia.com\/blog\/andaluces-honoris-causa\/\"]}]},{\"@type\":\"BreadcrumbList\",\"@id\":\"https:\/\/esp.andalucia.com\/blog\/andaluces-honoris-causa\/#breadcrumb\",\"itemListElement\":[{\"@type\":\"ListItem\",\"position\":1,\"item\":{\"@type\":\"WebPage\",\"@id\":\"https:\/\/esp.andalucia.com\/blog\/\",\"url\":\"https:\/\/esp.andalucia.com\/blog\/\",\"name\":\"Portada\"}},{\"@type\":\"ListItem\",\"position\":2,\"item\":{\"@type\":\"WebPage\",\"@id\":\"https:\/\/esp.andalucia.com\/blog\/andaluces-honoris-causa\/\",\"url\":\"https:\/\/esp.andalucia.com\/blog\/andaluces-honoris-causa\/\",\"name\":\"Andaluces honoris causa\"}}]},{\"@type\":\"Person\",\"@id\":\"https:\/\/esp.andalucia.com\/blog\/#\/schema\/person\/764d18c08907ea2026c6652dbaa06aeb\",\"name\":\"admin\",\"image\":{\"@type\":\"ImageObject\",\"@id\":\"https:\/\/esp.andalucia.com\/blog\/#personlogo\",\"inLanguage\":\"en-US\",\"url\":\"https:\/\/secure.gravatar.com\/avatar\/483f554353dd1f8b3b9ac7b28ff59e21?s=96&d=mm&r=g\",\"contentUrl\":\"https:\/\/secure.gravatar.com\/avatar\/483f554353dd1f8b3b9ac7b28ff59e21?s=96&d=mm&r=g\",\"caption\":\"admin\"}}]}<\/script>\n<!-- \/ Yoast SEO plugin. -->","jetpack_featured_media_url":"","jetpack_publicize_connections":[],"jetpack_sharing_enabled":true,"jetpack_shortlink":"https:\/\/wp.me\/p7VLto-8O","_links":{"self":[{"href":"https:\/\/esp.andalucia.com\/blog\/wp-json\/wp\/v2\/posts\/546"}],"collection":[{"href":"https:\/\/esp.andalucia.com\/blog\/wp-json\/wp\/v2\/posts"}],"about":[{"href":"https:\/\/esp.andalucia.com\/blog\/wp-json\/wp\/v2\/types\/post"}],"author":[{"embeddable":true,"href":"https:\/\/esp.andalucia.com\/blog\/wp-json\/wp\/v2\/users\/1"}],"replies":[{"embeddable":true,"href":"https:\/\/esp.andalucia.com\/blog\/wp-json\/wp\/v2\/comments?post=546"}],"version-history":[{"count":8,"href":"https:\/\/esp.andalucia.com\/blog\/wp-json\/wp\/v2\/posts\/546\/revisions"}],"predecessor-version":[{"id":554,"href":"https:\/\/esp.andalucia.com\/blog\/wp-json\/wp\/v2\/posts\/546\/revisions\/554"}],"wp:attachment":[{"href":"https:\/\/esp.andalucia.com\/blog\/wp-json\/wp\/v2\/media?parent=546"}],"wp:term":[{"taxonomy":"category","embeddable":true,"href":"https:\/\/esp.andalucia.com\/blog\/wp-json\/wp\/v2\/categories?post=546"},{"taxonomy":"post_tag","embeddable":true,"href":"https:\/\/esp.andalucia.com\/blog\/wp-json\/wp\/v2\/tags?post=546"}],"curies":[{"name":"wp","href":"https:\/\/api.w.org\/{rel}","templated":true}]}}