{"id":533,"date":"2010-03-25T18:15:23","date_gmt":"2010-03-25T18:15:23","guid":{"rendered":"http:\/\/esp.andalucia.com\/blog\/?p=533"},"modified":"2010-03-25T18:15:23","modified_gmt":"2010-03-25T18:15:23","slug":"pasion-en-los-pueblos-de-malaga","status":"publish","type":"post","link":"https:\/\/esp.andalucia.com\/blog\/pasion-en-los-pueblos-de-malaga\/","title":{"rendered":"Pasi\u00f3n en los pueblos de M\u00e1laga"},"content":{"rendered":"<p>A partir del Domingo de Ramos podremos disfrutar de la representaci\u00f3n de la Pasi\u00f3n y Muerte de Cristo que escenifican los habitantes de diferentes pueblos de la provincia de <a href=\"http:\/\/www.esp.andalucia.com\/provincia\/home.htm\" target=\"_blank\">M\u00e1laga<\/a>. Una tradici\u00f3n que en muchos casos se remonta al siglo XVII y que hoy en d\u00eda goza, en algunos municipios, del reconocimiento de Fiesta de Inter\u00e9s Tur\u00edstico Nacional de Andaluc\u00eda.<\/p>\n<p>Cincuenta actores vecinos de <strong>Casarabonela<\/strong> ser\u00e1n los protagonistas de La Pasi\u00f3n el Domingo de Ramos y el Lunes y Martes santos, a partir de las 21 horas en la Iglesia de Santiago Ap\u00f3stol.<\/p>\n<p>En <strong>Alhaur\u00edn el Grande<\/strong> la representaci\u00f3n en vivo de La Pasi\u00f3n tendr\u00e1 lugar el Mi\u00e9rcoles y Viernes santo, adem\u00e1s del S\u00e1bado de Gloria.<\/p>\n<p>El Paso en <strong>Ist\u00e1n<\/strong> lo llevar\u00e1n a escena cien vecinos del municipio el Jueves y Viernes santos, adem\u00e1s del S\u00e1bado de Gloria. Ser\u00e1 a partir de las 17:30 horas, en el polideportivo del pueblo.<\/p>\n<p>El famoso Paso de <strong>Riogordo<\/strong> se desarrollar\u00e1 el Viernes Santo y S\u00e1bado de Gloria. Para ello, m\u00e1s de 400 vecinos del municipio representar\u00e1n un total de catorce escenas de la Pasi\u00f3n. Ser\u00e1 en un escenario al aire libre conocido como el Recinto del Paso Riogordo.<\/p>\n<p>La Pasi\u00f3n de <strong>Carratraca<\/strong> tiene lugar en su plaza de toros el Viernes Santo y el S\u00e1bado de Gloria.<\/p>\n<p>El S\u00e1bado de Gloria la representaci\u00f3n de La Pasi\u00f3n se llevar\u00e1 a cabo en los municipios de <strong>Igualeja<\/strong> y <strong>Alozaina<\/strong>.<\/p>\n<p>Por \u00faltimo, el Paso de <strong>Cajiz<\/strong> se desarrollar\u00e1 el Viernes Santo y el S\u00e1bado de Gloria.<\/p>\n","protected":false},"excerpt":{"rendered":"<p>A partir del Domingo de Ramos podremos disfrutar de la representaci\u00f3n de la Pasi\u00f3n y Muerte de Cristo que escenifican los habitantes de diferentes pueblos de la provincia de M\u00e1laga. Una tradici\u00f3n que en muchos casos se remonta al siglo XVII y que hoy en d\u00eda goza, en algunos municipios, del reconocimiento de Fiesta de [&hellip;]<\/p>\n","protected":false},"author":1,"featured_media":0,"comment_status":"open","ping_status":"open","sticky":false,"template":"","format":"standard","meta":{"_genesis_hide_title":false,"_genesis_hide_breadcrumbs":false,"_genesis_hide_singular_image":false,"_genesis_hide_footer_widgets":false,"_genesis_custom_body_class":"","_genesis_custom_post_class":"","_genesis_layout":"","spay_email":"","jetpack_publicize_message":"","jetpack_is_tweetstorm":false},"categories":[3,9,11,22],"tags":[],"yoast_head":"<!-- This site is optimized with the Yoast SEO plugin v16.1 - https:\/\/yoast.com\/wordpress\/plugins\/seo\/ -->\n<title>Pasi\u00f3n en los pueblos de M\u00e1laga - Blog de Andalucia.com<\/title>\n<link rel=\"canonical\" href=\"https:\/\/esp.andalucia.com\/blog\/pasion-en-los-pueblos-de-malaga\/\" \/>\n<meta property=\"og:locale\" content=\"en_US\" \/>\n<meta property=\"og:type\" content=\"article\" \/>\n<meta property=\"og:title\" content=\"Pasi\u00f3n en los pueblos de M\u00e1laga - Blog de Andalucia.com\" \/>\n<meta property=\"og:description\" content=\"A partir del Domingo de Ramos podremos disfrutar de la representaci\u00f3n de la Pasi\u00f3n y Muerte de Cristo que escenifican los habitantes de diferentes pueblos de la provincia de M\u00e1laga. Una tradici\u00f3n que en muchos casos se remonta al siglo XVII y que hoy en d\u00eda goza, en algunos municipios, del reconocimiento de Fiesta de [&hellip;]\" \/>\n<meta property=\"og:url\" content=\"https:\/\/esp.andalucia.com\/blog\/pasion-en-los-pueblos-de-malaga\/\" \/>\n<meta property=\"og:site_name\" content=\"Blog de Andalucia.com\" \/>\n<meta property=\"article:published_time\" content=\"2010-03-25T18:15:23+00:00\" \/>\n<meta name=\"twitter:card\" content=\"summary\" \/>\n<meta name=\"twitter:label1\" content=\"Est. reading time\">\n\t<meta name=\"twitter:data1\" content=\"1 minute\">\n<script type=\"application\/ld+json\" class=\"yoast-schema-graph\">{\"@context\":\"https:\/\/schema.org\",\"@graph\":[{\"@type\":\"WebSite\",\"@id\":\"https:\/\/esp.andalucia.com\/blog\/#website\",\"url\":\"https:\/\/esp.andalucia.com\/blog\/\",\"name\":\"Blog de Andalucia.com\",\"description\":\"Blog de Andalucia\",\"potentialAction\":[{\"@type\":\"SearchAction\",\"target\":\"https:\/\/esp.andalucia.com\/blog\/?s={search_term_string}\",\"query-input\":\"required name=search_term_string\"}],\"inLanguage\":\"en-US\"},{\"@type\":\"WebPage\",\"@id\":\"https:\/\/esp.andalucia.com\/blog\/pasion-en-los-pueblos-de-malaga\/#webpage\",\"url\":\"https:\/\/esp.andalucia.com\/blog\/pasion-en-los-pueblos-de-malaga\/\",\"name\":\"Pasi\\u00f3n en los pueblos de M\\u00e1laga - Blog de Andalucia.com\",\"isPartOf\":{\"@id\":\"https:\/\/esp.andalucia.com\/blog\/#website\"},\"datePublished\":\"2010-03-25T18:15:23+00:00\",\"dateModified\":\"2010-03-25T18:15:23+00:00\",\"author\":{\"@id\":\"https:\/\/esp.andalucia.com\/blog\/#\/schema\/person\/764d18c08907ea2026c6652dbaa06aeb\"},\"breadcrumb\":{\"@id\":\"https:\/\/esp.andalucia.com\/blog\/pasion-en-los-pueblos-de-malaga\/#breadcrumb\"},\"inLanguage\":\"en-US\",\"potentialAction\":[{\"@type\":\"ReadAction\",\"target\":[\"https:\/\/esp.andalucia.com\/blog\/pasion-en-los-pueblos-de-malaga\/\"]}]},{\"@type\":\"BreadcrumbList\",\"@id\":\"https:\/\/esp.andalucia.com\/blog\/pasion-en-los-pueblos-de-malaga\/#breadcrumb\",\"itemListElement\":[{\"@type\":\"ListItem\",\"position\":1,\"item\":{\"@type\":\"WebPage\",\"@id\":\"https:\/\/esp.andalucia.com\/blog\/\",\"url\":\"https:\/\/esp.andalucia.com\/blog\/\",\"name\":\"Portada\"}},{\"@type\":\"ListItem\",\"position\":2,\"item\":{\"@type\":\"WebPage\",\"@id\":\"https:\/\/esp.andalucia.com\/blog\/pasion-en-los-pueblos-de-malaga\/\",\"url\":\"https:\/\/esp.andalucia.com\/blog\/pasion-en-los-pueblos-de-malaga\/\",\"name\":\"Pasi\\u00f3n en los pueblos de M\\u00e1laga\"}}]},{\"@type\":\"Person\",\"@id\":\"https:\/\/esp.andalucia.com\/blog\/#\/schema\/person\/764d18c08907ea2026c6652dbaa06aeb\",\"name\":\"admin\",\"image\":{\"@type\":\"ImageObject\",\"@id\":\"https:\/\/esp.andalucia.com\/blog\/#personlogo\",\"inLanguage\":\"en-US\",\"url\":\"https:\/\/secure.gravatar.com\/avatar\/483f554353dd1f8b3b9ac7b28ff59e21?s=96&d=mm&r=g\",\"contentUrl\":\"https:\/\/secure.gravatar.com\/avatar\/483f554353dd1f8b3b9ac7b28ff59e21?s=96&d=mm&r=g\",\"caption\":\"admin\"}}]}<\/script>\n<!-- \/ Yoast SEO plugin. -->","jetpack_featured_media_url":"","jetpack_publicize_connections":[],"jetpack_sharing_enabled":true,"jetpack_shortlink":"https:\/\/wp.me\/p7VLto-8B","_links":{"self":[{"href":"https:\/\/esp.andalucia.com\/blog\/wp-json\/wp\/v2\/posts\/533"}],"collection":[{"href":"https:\/\/esp.andalucia.com\/blog\/wp-json\/wp\/v2\/posts"}],"about":[{"href":"https:\/\/esp.andalucia.com\/blog\/wp-json\/wp\/v2\/types\/post"}],"author":[{"embeddable":true,"href":"https:\/\/esp.andalucia.com\/blog\/wp-json\/wp\/v2\/users\/1"}],"replies":[{"embeddable":true,"href":"https:\/\/esp.andalucia.com\/blog\/wp-json\/wp\/v2\/comments?post=533"}],"version-history":[{"count":3,"href":"https:\/\/esp.andalucia.com\/blog\/wp-json\/wp\/v2\/posts\/533\/revisions"}],"predecessor-version":[{"id":536,"href":"https:\/\/esp.andalucia.com\/blog\/wp-json\/wp\/v2\/posts\/533\/revisions\/536"}],"wp:attachment":[{"href":"https:\/\/esp.andalucia.com\/blog\/wp-json\/wp\/v2\/media?parent=533"}],"wp:term":[{"taxonomy":"category","embeddable":true,"href":"https:\/\/esp.andalucia.com\/blog\/wp-json\/wp\/v2\/categories?post=533"},{"taxonomy":"post_tag","embeddable":true,"href":"https:\/\/esp.andalucia.com\/blog\/wp-json\/wp\/v2\/tags?post=533"}],"curies":[{"name":"wp","href":"https:\/\/api.w.org\/{rel}","templated":true}]}}