{"id":49,"date":"2008-10-30T18:20:18","date_gmt":"2008-10-30T18:20:18","guid":{"rendered":"http:\/\/esp.andalucia.com\/blog\/?p=49"},"modified":"2008-10-30T18:20:18","modified_gmt":"2008-10-30T18:20:18","slug":"jazz-internacional-en-malaga","status":"publish","type":"post","link":"https:\/\/esp.andalucia.com\/blog\/jazz-internacional-en-malaga\/","title":{"rendered":"Jazz internacional en M\u00e1laga"},"content":{"rendered":"<p>Desde el d\u00eda 10 y hasta el 17 de este mes de noviembre, el Teatro Cervantes de M\u00e1laga acoger\u00e1 en su escenario el 23 Festival Internacional de Jazz. La nueva edici\u00f3n del festival incluye en su programa las actuaciones de: <a href=\"http:\/\/www.joshuaredman.com\" target=\"_blank\">Joshua Redman Trio<\/a> (10-11-08), <a href=\"http:\/\/www.richardgalliano.com\" target=\"_blank\">Richard Galliano Cuarteto (<\/a>12-11-08), <a href=\"http:\/\/www.lizzwright.net\" target=\"_blank\">Lizz Wright<\/a> (13-11-08), <a href=\"http:\/\/www.arturosandoval.com\" target=\"_blank\">Arturo Sandoval Sexteto<\/a> (14-11-08), <a href=\"http:\/\/www.avishaimusic.com\" target=\"_blank\">Avishai Cohen Eastern Unit<\/a> (15-11-08), <a href=\"http:\/\/www.stevewinwood.com\" target=\"_blank\">Steve Winwood (100%) <\/a>(16-11-08) y <a href=\"http:\/\/www.johnmclaughlin.com\" target=\"_blank\">Chick Corea y John Mclaughlin Five Peace Band<\/a> (17-111-08).<\/p>\n<p>Cada uno de los conciertos dar\u00e1n comienzo a las 21 horas, en el Teatro Cervantes de M\u00e1laga, instituci\u00f3n que organiza anualmente este festival internacional dedicado al jazz.<\/p>\n<p>Las entradas para el festival se encuentran disponisbles en la taquilla del Teatro Cervantes, en el sitio <a href=\"http:\/\/www.teatrocervantes.es\" target=\"_blank\">web del teatro<\/a>, y llamando al tel\u00e9fono 902360295. Existen abonos para tres conciertos con un 15% de descuento que s\u00f3lo se pueden adquirir en los puntos de venta del teatro organizador del festival.<\/p>\n","protected":false},"excerpt":{"rendered":"<p>Desde el d\u00eda 10 y hasta el 17 de este mes de noviembre, el Teatro Cervantes de M\u00e1laga acoger\u00e1 en su escenario el 23 Festival Internacional de Jazz. La nueva edici\u00f3n del festival incluye en su programa las actuaciones de: Joshua Redman Trio (10-11-08), Richard Galliano Cuarteto (12-11-08), Lizz Wright (13-11-08), Arturo Sandoval Sexteto (14-11-08), [&hellip;]<\/p>\n","protected":false},"author":1,"featured_media":0,"comment_status":"open","ping_status":"open","sticky":false,"template":"","format":"standard","meta":{"_genesis_hide_title":false,"_genesis_hide_breadcrumbs":false,"_genesis_hide_singular_image":false,"_genesis_hide_footer_widgets":false,"_genesis_custom_body_class":"","_genesis_custom_post_class":"","_genesis_layout":"","spay_email":"","jetpack_publicize_message":"","jetpack_is_tweetstorm":false},"categories":[13,5],"tags":[],"yoast_head":"<!-- This site is optimized with the Yoast SEO plugin v16.1 - https:\/\/yoast.com\/wordpress\/plugins\/seo\/ -->\n<title>Jazz internacional en M\u00e1laga - Blog de Andalucia.com<\/title>\n<link rel=\"canonical\" href=\"https:\/\/esp.andalucia.com\/blog\/jazz-internacional-en-malaga\/\" \/>\n<meta property=\"og:locale\" content=\"en_US\" \/>\n<meta property=\"og:type\" content=\"article\" \/>\n<meta property=\"og:title\" content=\"Jazz internacional en M\u00e1laga - Blog de Andalucia.com\" \/>\n<meta property=\"og:description\" content=\"Desde el d\u00eda 10 y hasta el 17 de este mes de noviembre, el Teatro Cervantes de M\u00e1laga acoger\u00e1 en su escenario el 23 Festival Internacional de Jazz. La nueva edici\u00f3n del festival incluye en su programa las actuaciones de: Joshua Redman Trio (10-11-08), Richard Galliano Cuarteto (12-11-08), Lizz Wright (13-11-08), Arturo Sandoval Sexteto (14-11-08), [&hellip;]\" \/>\n<meta property=\"og:url\" content=\"https:\/\/esp.andalucia.com\/blog\/jazz-internacional-en-malaga\/\" \/>\n<meta property=\"og:site_name\" content=\"Blog de Andalucia.com\" \/>\n<meta property=\"article:published_time\" content=\"2008-10-30T18:20:18+00:00\" \/>\n<meta name=\"twitter:card\" content=\"summary\" \/>\n<meta name=\"twitter:label1\" content=\"Est. reading time\">\n\t<meta name=\"twitter:data1\" content=\"1 minute\">\n<script type=\"application\/ld+json\" class=\"yoast-schema-graph\">{\"@context\":\"https:\/\/schema.org\",\"@graph\":[{\"@type\":\"WebSite\",\"@id\":\"https:\/\/esp.andalucia.com\/blog\/#website\",\"url\":\"https:\/\/esp.andalucia.com\/blog\/\",\"name\":\"Blog de Andalucia.com\",\"description\":\"Blog de Andalucia\",\"potentialAction\":[{\"@type\":\"SearchAction\",\"target\":\"https:\/\/esp.andalucia.com\/blog\/?s={search_term_string}\",\"query-input\":\"required name=search_term_string\"}],\"inLanguage\":\"en-US\"},{\"@type\":\"WebPage\",\"@id\":\"https:\/\/esp.andalucia.com\/blog\/jazz-internacional-en-malaga\/#webpage\",\"url\":\"https:\/\/esp.andalucia.com\/blog\/jazz-internacional-en-malaga\/\",\"name\":\"Jazz internacional en M\\u00e1laga - Blog de Andalucia.com\",\"isPartOf\":{\"@id\":\"https:\/\/esp.andalucia.com\/blog\/#website\"},\"datePublished\":\"2008-10-30T18:20:18+00:00\",\"dateModified\":\"2008-10-30T18:20:18+00:00\",\"author\":{\"@id\":\"https:\/\/esp.andalucia.com\/blog\/#\/schema\/person\/764d18c08907ea2026c6652dbaa06aeb\"},\"breadcrumb\":{\"@id\":\"https:\/\/esp.andalucia.com\/blog\/jazz-internacional-en-malaga\/#breadcrumb\"},\"inLanguage\":\"en-US\",\"potentialAction\":[{\"@type\":\"ReadAction\",\"target\":[\"https:\/\/esp.andalucia.com\/blog\/jazz-internacional-en-malaga\/\"]}]},{\"@type\":\"BreadcrumbList\",\"@id\":\"https:\/\/esp.andalucia.com\/blog\/jazz-internacional-en-malaga\/#breadcrumb\",\"itemListElement\":[{\"@type\":\"ListItem\",\"position\":1,\"item\":{\"@type\":\"WebPage\",\"@id\":\"https:\/\/esp.andalucia.com\/blog\/\",\"url\":\"https:\/\/esp.andalucia.com\/blog\/\",\"name\":\"Portada\"}},{\"@type\":\"ListItem\",\"position\":2,\"item\":{\"@type\":\"WebPage\",\"@id\":\"https:\/\/esp.andalucia.com\/blog\/jazz-internacional-en-malaga\/\",\"url\":\"https:\/\/esp.andalucia.com\/blog\/jazz-internacional-en-malaga\/\",\"name\":\"Jazz internacional en M\\u00e1laga\"}}]},{\"@type\":\"Person\",\"@id\":\"https:\/\/esp.andalucia.com\/blog\/#\/schema\/person\/764d18c08907ea2026c6652dbaa06aeb\",\"name\":\"admin\",\"image\":{\"@type\":\"ImageObject\",\"@id\":\"https:\/\/esp.andalucia.com\/blog\/#personlogo\",\"inLanguage\":\"en-US\",\"url\":\"https:\/\/secure.gravatar.com\/avatar\/483f554353dd1f8b3b9ac7b28ff59e21?s=96&d=mm&r=g\",\"contentUrl\":\"https:\/\/secure.gravatar.com\/avatar\/483f554353dd1f8b3b9ac7b28ff59e21?s=96&d=mm&r=g\",\"caption\":\"admin\"}}]}<\/script>\n<!-- \/ Yoast SEO plugin. -->","jetpack_featured_media_url":"","jetpack_publicize_connections":[],"jetpack_sharing_enabled":true,"jetpack_shortlink":"https:\/\/wp.me\/p7VLto-N","_links":{"self":[{"href":"https:\/\/esp.andalucia.com\/blog\/wp-json\/wp\/v2\/posts\/49"}],"collection":[{"href":"https:\/\/esp.andalucia.com\/blog\/wp-json\/wp\/v2\/posts"}],"about":[{"href":"https:\/\/esp.andalucia.com\/blog\/wp-json\/wp\/v2\/types\/post"}],"author":[{"embeddable":true,"href":"https:\/\/esp.andalucia.com\/blog\/wp-json\/wp\/v2\/users\/1"}],"replies":[{"embeddable":true,"href":"https:\/\/esp.andalucia.com\/blog\/wp-json\/wp\/v2\/comments?post=49"}],"version-history":[{"count":2,"href":"https:\/\/esp.andalucia.com\/blog\/wp-json\/wp\/v2\/posts\/49\/revisions"}],"predecessor-version":[{"id":51,"href":"https:\/\/esp.andalucia.com\/blog\/wp-json\/wp\/v2\/posts\/49\/revisions\/51"}],"wp:attachment":[{"href":"https:\/\/esp.andalucia.com\/blog\/wp-json\/wp\/v2\/media?parent=49"}],"wp:term":[{"taxonomy":"category","embeddable":true,"href":"https:\/\/esp.andalucia.com\/blog\/wp-json\/wp\/v2\/categories?post=49"},{"taxonomy":"post_tag","embeddable":true,"href":"https:\/\/esp.andalucia.com\/blog\/wp-json\/wp\/v2\/tags?post=49"}],"curies":[{"name":"wp","href":"https:\/\/api.w.org\/{rel}","templated":true}]}}