{"id":445,"date":"2009-12-16T09:26:32","date_gmt":"2009-12-16T09:26:32","guid":{"rendered":"http:\/\/esp.andalucia.com\/blog\/?p=445"},"modified":"2009-12-16T09:33:13","modified_gmt":"2009-12-16T09:33:13","slug":"navidad-musical-en-malaga","status":"publish","type":"post","link":"https:\/\/esp.andalucia.com\/blog\/navidad-musical-en-malaga\/","title":{"rendered":"Navidad musical en M\u00e1laga"},"content":{"rendered":"<p>La m\u00fasica va a tener una presencia especial en la navidad malague\u00f1a, a trav\u00e9s del ciclo <em>M\u00fasica en Navidad<\/em>. Dicho ciclo se desarrolla en la Plaza de la Constituci\u00f3n y otros escenarios del 21 de diciembre al 3 de enero. En este marco se podr\u00e1 o\u00edr, entre otras, a la Orquesta Ceem, la Insostenible Big Band o la Banda Trinidad Sinf\u00f3nica.<\/p>\n<p>Asimismo, el 20 de diciembre la Banda Municipal de M\u00fasica, en la Iglesia de San Juan, nos deleitar\u00e1 con el <em>Concierto Extraordinario de Navidad<\/em>. El <em>Concierto para la Paz<\/em> correr\u00e1 a cargo de la Escolan\u00eda Santa Mar\u00eda de la Victoria, en el marco de la Iglesia de San Agust\u00edn el 26 de diciembre.<\/p>\n<p>El encuentro m\u00e1s esperado se dar\u00e1 en el Teatro Cervantes, donde actuar\u00e1 la Orquesta Filarm\u00f3nica de M\u00e1laga los d\u00edas 18 y 19 de diciembre. Interpretar\u00e1n el <em>Concierto de Navidad de Haendel<\/em>, as\u00ed como la obra <em>El Cascanueces<\/em> junto a la Compa\u00f1\u00eda de T\u00edteres Per Poc, en un ambiente netamente familiar.<\/p>\n<p>No podemos olvidarnos de la <a href=\"http:\/\/www.esp.andalucia.com\/sociedad\/flamenco\/palos\/palosporprovincias\/fiestaverdiales.html\" target=\"_blank\"><em>Fiesta Mayor de Verdiales<\/em><\/a> que, como cada a\u00f1o, tendr\u00e1 lugar en la Venta San Cayetano el 28 de diciembre. Durante todo el d\u00eda se podr\u00e1 disfrutar de los mejores verdiales y del mejor <a href=\"http:\/\/www.esp.andalucia.com\/gastronomia\/vinosdeandalucia\/vinosmalaga.htm\" target=\"_blank\">vino de M\u00e1laga<\/a>.<\/p>\n<p>En el Museo Interactivo de la M\u00fasica se desarrollar\u00e1n cuenta cuentos musicales para los peques, y en el CAC M\u00e1laga y Fundaci\u00f3n Picasso-Casa Natal habr\u00e1 talleres. El 31 de diciembre los malague\u00f1os podr\u00e1n despedir el 2009 al ritmo de la Orquesta \u201cD\u201d V\u00e9rtigo y un espect\u00e1culo multimedia en la Plaza de la Constituci\u00f3n.<\/p>\n<p>En definitiva m\u00e1s de un veintena de actuaciones que pondr\u00e1n la banda sonora a una navidad malague\u00f1a, que acabar\u00e1 con la Cabalgata de Reyes el 5 de enero, donde la m\u00fasica tambi\u00e9n ser\u00e1 protagonista con la voces de una escolan\u00eda malague\u00f1a, que nos advertir\u00e1 de la visita de los Reyes Magos desde la escalinata de la Catedral.<\/p>\n<p>Os deseamos desde <a href=\"http:\/\/www.esp.andalucia.com\/\" target=\"_blank\">andalucia.com<\/a> unas felices fiestas con sabor andaluz.<\/p>\n","protected":false},"excerpt":{"rendered":"<p>La m\u00fasica va a tener una presencia especial en la navidad malague\u00f1a, a trav\u00e9s del ciclo M\u00fasica en Navidad. Dicho ciclo se desarrolla en la Plaza de la Constituci\u00f3n y otros escenarios del 21 de diciembre al 3 de enero. En este marco se podr\u00e1 o\u00edr, entre otras, a la Orquesta Ceem, la Insostenible Big [&hellip;]<\/p>\n","protected":false},"author":1,"featured_media":0,"comment_status":"open","ping_status":"open","sticky":false,"template":"","format":"standard","meta":{"_genesis_hide_title":false,"_genesis_hide_breadcrumbs":false,"_genesis_hide_singular_image":false,"_genesis_hide_footer_widgets":false,"_genesis_custom_body_class":"","_genesis_custom_post_class":"","_genesis_layout":"","spay_email":"","jetpack_publicize_message":"","jetpack_is_tweetstorm":false},"categories":[15,3,9,23,5,11,22],"tags":[],"yoast_head":"<!-- This site is optimized with the Yoast SEO plugin v16.1 - https:\/\/yoast.com\/wordpress\/plugins\/seo\/ -->\n<title>Navidad musical en M\u00e1laga - Blog de Andalucia.com<\/title>\n<link rel=\"canonical\" href=\"https:\/\/esp.andalucia.com\/blog\/navidad-musical-en-malaga\/\" \/>\n<meta property=\"og:locale\" content=\"en_US\" \/>\n<meta property=\"og:type\" content=\"article\" \/>\n<meta property=\"og:title\" content=\"Navidad musical en M\u00e1laga - Blog de Andalucia.com\" \/>\n<meta property=\"og:description\" content=\"La m\u00fasica va a tener una presencia especial en la navidad malague\u00f1a, a trav\u00e9s del ciclo M\u00fasica en Navidad. Dicho ciclo se desarrolla en la Plaza de la Constituci\u00f3n y otros escenarios del 21 de diciembre al 3 de enero. En este marco se podr\u00e1 o\u00edr, entre otras, a la Orquesta Ceem, la Insostenible Big [&hellip;]\" \/>\n<meta property=\"og:url\" content=\"https:\/\/esp.andalucia.com\/blog\/navidad-musical-en-malaga\/\" \/>\n<meta property=\"og:site_name\" content=\"Blog de Andalucia.com\" \/>\n<meta property=\"article:published_time\" content=\"2009-12-16T09:26:32+00:00\" \/>\n<meta property=\"article:modified_time\" content=\"2009-12-16T09:33:13+00:00\" \/>\n<meta name=\"twitter:card\" content=\"summary\" \/>\n<meta name=\"twitter:label1\" content=\"Est. reading time\">\n\t<meta name=\"twitter:data1\" content=\"2 minutes\">\n<script type=\"application\/ld+json\" class=\"yoast-schema-graph\">{\"@context\":\"https:\/\/schema.org\",\"@graph\":[{\"@type\":\"WebSite\",\"@id\":\"https:\/\/esp.andalucia.com\/blog\/#website\",\"url\":\"https:\/\/esp.andalucia.com\/blog\/\",\"name\":\"Blog de Andalucia.com\",\"description\":\"Blog de Andalucia\",\"potentialAction\":[{\"@type\":\"SearchAction\",\"target\":\"https:\/\/esp.andalucia.com\/blog\/?s={search_term_string}\",\"query-input\":\"required name=search_term_string\"}],\"inLanguage\":\"en-US\"},{\"@type\":\"WebPage\",\"@id\":\"https:\/\/esp.andalucia.com\/blog\/navidad-musical-en-malaga\/#webpage\",\"url\":\"https:\/\/esp.andalucia.com\/blog\/navidad-musical-en-malaga\/\",\"name\":\"Navidad musical en M\\u00e1laga - Blog de Andalucia.com\",\"isPartOf\":{\"@id\":\"https:\/\/esp.andalucia.com\/blog\/#website\"},\"datePublished\":\"2009-12-16T09:26:32+00:00\",\"dateModified\":\"2009-12-16T09:33:13+00:00\",\"author\":{\"@id\":\"https:\/\/esp.andalucia.com\/blog\/#\/schema\/person\/764d18c08907ea2026c6652dbaa06aeb\"},\"breadcrumb\":{\"@id\":\"https:\/\/esp.andalucia.com\/blog\/navidad-musical-en-malaga\/#breadcrumb\"},\"inLanguage\":\"en-US\",\"potentialAction\":[{\"@type\":\"ReadAction\",\"target\":[\"https:\/\/esp.andalucia.com\/blog\/navidad-musical-en-malaga\/\"]}]},{\"@type\":\"BreadcrumbList\",\"@id\":\"https:\/\/esp.andalucia.com\/blog\/navidad-musical-en-malaga\/#breadcrumb\",\"itemListElement\":[{\"@type\":\"ListItem\",\"position\":1,\"item\":{\"@type\":\"WebPage\",\"@id\":\"https:\/\/esp.andalucia.com\/blog\/\",\"url\":\"https:\/\/esp.andalucia.com\/blog\/\",\"name\":\"Portada\"}},{\"@type\":\"ListItem\",\"position\":2,\"item\":{\"@type\":\"WebPage\",\"@id\":\"https:\/\/esp.andalucia.com\/blog\/navidad-musical-en-malaga\/\",\"url\":\"https:\/\/esp.andalucia.com\/blog\/navidad-musical-en-malaga\/\",\"name\":\"Navidad musical en M\\u00e1laga\"}}]},{\"@type\":\"Person\",\"@id\":\"https:\/\/esp.andalucia.com\/blog\/#\/schema\/person\/764d18c08907ea2026c6652dbaa06aeb\",\"name\":\"admin\",\"image\":{\"@type\":\"ImageObject\",\"@id\":\"https:\/\/esp.andalucia.com\/blog\/#personlogo\",\"inLanguage\":\"en-US\",\"url\":\"https:\/\/secure.gravatar.com\/avatar\/483f554353dd1f8b3b9ac7b28ff59e21?s=96&d=mm&r=g\",\"contentUrl\":\"https:\/\/secure.gravatar.com\/avatar\/483f554353dd1f8b3b9ac7b28ff59e21?s=96&d=mm&r=g\",\"caption\":\"admin\"}}]}<\/script>\n<!-- \/ Yoast SEO plugin. -->","jetpack_featured_media_url":"","jetpack_publicize_connections":[],"jetpack_sharing_enabled":true,"jetpack_shortlink":"https:\/\/wp.me\/p7VLto-7b","_links":{"self":[{"href":"https:\/\/esp.andalucia.com\/blog\/wp-json\/wp\/v2\/posts\/445"}],"collection":[{"href":"https:\/\/esp.andalucia.com\/blog\/wp-json\/wp\/v2\/posts"}],"about":[{"href":"https:\/\/esp.andalucia.com\/blog\/wp-json\/wp\/v2\/types\/post"}],"author":[{"embeddable":true,"href":"https:\/\/esp.andalucia.com\/blog\/wp-json\/wp\/v2\/users\/1"}],"replies":[{"embeddable":true,"href":"https:\/\/esp.andalucia.com\/blog\/wp-json\/wp\/v2\/comments?post=445"}],"version-history":[{"count":14,"href":"https:\/\/esp.andalucia.com\/blog\/wp-json\/wp\/v2\/posts\/445\/revisions"}],"predecessor-version":[{"id":455,"href":"https:\/\/esp.andalucia.com\/blog\/wp-json\/wp\/v2\/posts\/445\/revisions\/455"}],"wp:attachment":[{"href":"https:\/\/esp.andalucia.com\/blog\/wp-json\/wp\/v2\/media?parent=445"}],"wp:term":[{"taxonomy":"category","embeddable":true,"href":"https:\/\/esp.andalucia.com\/blog\/wp-json\/wp\/v2\/categories?post=445"},{"taxonomy":"post_tag","embeddable":true,"href":"https:\/\/esp.andalucia.com\/blog\/wp-json\/wp\/v2\/tags?post=445"}],"curies":[{"name":"wp","href":"https:\/\/api.w.org\/{rel}","templated":true}]}}