{"id":42,"date":"2008-10-24T17:06:16","date_gmt":"2008-10-24T17:06:16","guid":{"rendered":"http:\/\/esp.andalucia.com\/blog\/?p=42"},"modified":"2008-10-24T17:06:16","modified_gmt":"2008-10-24T17:06:16","slug":"celebracion-del-127-aniversario-de-picasso","status":"publish","type":"post","link":"https:\/\/esp.andalucia.com\/blog\/celebracion-del-127-aniversario-de-picasso\/","title":{"rendered":"Celebraci\u00f3n del 127 aniversario de Picasso"},"content":{"rendered":"<p>Con motivo del aniversario del nacimiento de Pablo Picasso (25 de octubre), la ciudad que vio nacer a este genial artista llevar\u00e1 a cabo, este fin de semana ,diferentes actividades de ocio y cultura, y para todos los p\u00fablicos.<\/p>\n<p>Adem\u00e1s de las exposiciones y visitas guiadas a la Casa Natal, la <a href=\"http:\/\/fundacionpicasso.malaga.eu\/opencms\/opencms\/fundacionpicasso\/portal_es\/portada\" target=\"_blank\">Funcaci\u00f3n Picasso<\/a> ha organizado una Gymkhana para los alumnos de los colegios malague\u00f1os, en la Plaza de la Merced el s\u00e1bado 25, de 11 a 13 horas y de 17 a 19; y el domingo 26, de 11 a 13 horas. Tambi\u00e9n forma parte de este programa el concierto en la Plaza de la Merced de la Orquesta La Insostenible Big Band, que dar\u00e1 comienzo a las 19.30 horas del s\u00e1bado.<\/p>\n<p>Por su parte, el <a href=\"http:\/\/www.museopicassomalaga.org\" target=\"_blank\">Museo Picasso M\u00e1laga<\/a> celebrar\u00e1 el aniversario del nacimiento del artista y el de su apertura al p\u00fablico. Para conmemorar el primer aniversario, el s\u00e1bado 25 y el domingo 26, la entrada al museo ser\u00e1 gratuita, manteniendo el horario de visitas habitual. Para celebrar el quinto aniversario de la apertura del museo, el lunes 26 abrir\u00e1 al p\u00fablico desde las 10 a las 20 horas y tambi\u00e9n la entrada ser\u00e1 gratuita. Adem\u00e1s, se llevar\u00e1n a cabo actividades complementarias como visitas guiadas y m\u00fasica en vivo de la mano Andr\u00e9s Cansino y su guitarra flamenca, entre las 11.30 y las 17.30. Y los primeros visitantes del museo ese d\u00eda ser\u00e1n recibidos personalmente por la consejera de Cultura de la Junta de Andaluc\u00eda, Rosa Torres, y por el director del museo, Bernardo Laniado-Romero.<\/p>\n","protected":false},"excerpt":{"rendered":"<p>Con motivo del aniversario del nacimiento de Pablo Picasso (25 de octubre), la ciudad que vio nacer a este genial artista llevar\u00e1 a cabo, este fin de semana ,diferentes actividades de ocio y cultura, y para todos los p\u00fablicos. Adem\u00e1s de las exposiciones y visitas guiadas a la Casa Natal, la Funcaci\u00f3n Picasso ha organizado [&hellip;]<\/p>\n","protected":false},"author":1,"featured_media":0,"comment_status":"open","ping_status":"open","sticky":false,"template":"","format":"standard","meta":{"_genesis_hide_title":false,"_genesis_hide_breadcrumbs":false,"_genesis_hide_singular_image":false,"_genesis_hide_footer_widgets":false,"_genesis_custom_body_class":"","_genesis_custom_post_class":"","_genesis_layout":"","spay_email":"","jetpack_publicize_message":"","jetpack_is_tweetstorm":false},"categories":[3,11],"tags":[],"yoast_head":"<!-- This site is optimized with the Yoast SEO plugin v16.1 - https:\/\/yoast.com\/wordpress\/plugins\/seo\/ -->\n<title>Celebraci\u00f3n del 127 aniversario de Picasso - Blog de Andalucia.com<\/title>\n<link rel=\"canonical\" href=\"https:\/\/esp.andalucia.com\/blog\/celebracion-del-127-aniversario-de-picasso\/\" \/>\n<meta property=\"og:locale\" content=\"en_US\" \/>\n<meta property=\"og:type\" content=\"article\" \/>\n<meta property=\"og:title\" content=\"Celebraci\u00f3n del 127 aniversario de Picasso - Blog de Andalucia.com\" \/>\n<meta property=\"og:description\" content=\"Con motivo del aniversario del nacimiento de Pablo Picasso (25 de octubre), la ciudad que vio nacer a este genial artista llevar\u00e1 a cabo, este fin de semana ,diferentes actividades de ocio y cultura, y para todos los p\u00fablicos. Adem\u00e1s de las exposiciones y visitas guiadas a la Casa Natal, la Funcaci\u00f3n Picasso ha organizado [&hellip;]\" \/>\n<meta property=\"og:url\" content=\"https:\/\/esp.andalucia.com\/blog\/celebracion-del-127-aniversario-de-picasso\/\" \/>\n<meta property=\"og:site_name\" content=\"Blog de Andalucia.com\" \/>\n<meta property=\"article:published_time\" content=\"2008-10-24T17:06:16+00:00\" \/>\n<meta name=\"twitter:card\" content=\"summary\" \/>\n<meta name=\"twitter:label1\" content=\"Est. reading time\">\n\t<meta name=\"twitter:data1\" content=\"1 minute\">\n<script type=\"application\/ld+json\" class=\"yoast-schema-graph\">{\"@context\":\"https:\/\/schema.org\",\"@graph\":[{\"@type\":\"WebSite\",\"@id\":\"https:\/\/esp.andalucia.com\/blog\/#website\",\"url\":\"https:\/\/esp.andalucia.com\/blog\/\",\"name\":\"Blog de Andalucia.com\",\"description\":\"Blog de Andalucia\",\"potentialAction\":[{\"@type\":\"SearchAction\",\"target\":\"https:\/\/esp.andalucia.com\/blog\/?s={search_term_string}\",\"query-input\":\"required name=search_term_string\"}],\"inLanguage\":\"en-US\"},{\"@type\":\"WebPage\",\"@id\":\"https:\/\/esp.andalucia.com\/blog\/celebracion-del-127-aniversario-de-picasso\/#webpage\",\"url\":\"https:\/\/esp.andalucia.com\/blog\/celebracion-del-127-aniversario-de-picasso\/\",\"name\":\"Celebraci\\u00f3n del 127 aniversario de Picasso - Blog de Andalucia.com\",\"isPartOf\":{\"@id\":\"https:\/\/esp.andalucia.com\/blog\/#website\"},\"datePublished\":\"2008-10-24T17:06:16+00:00\",\"dateModified\":\"2008-10-24T17:06:16+00:00\",\"author\":{\"@id\":\"https:\/\/esp.andalucia.com\/blog\/#\/schema\/person\/764d18c08907ea2026c6652dbaa06aeb\"},\"breadcrumb\":{\"@id\":\"https:\/\/esp.andalucia.com\/blog\/celebracion-del-127-aniversario-de-picasso\/#breadcrumb\"},\"inLanguage\":\"en-US\",\"potentialAction\":[{\"@type\":\"ReadAction\",\"target\":[\"https:\/\/esp.andalucia.com\/blog\/celebracion-del-127-aniversario-de-picasso\/\"]}]},{\"@type\":\"BreadcrumbList\",\"@id\":\"https:\/\/esp.andalucia.com\/blog\/celebracion-del-127-aniversario-de-picasso\/#breadcrumb\",\"itemListElement\":[{\"@type\":\"ListItem\",\"position\":1,\"item\":{\"@type\":\"WebPage\",\"@id\":\"https:\/\/esp.andalucia.com\/blog\/\",\"url\":\"https:\/\/esp.andalucia.com\/blog\/\",\"name\":\"Portada\"}},{\"@type\":\"ListItem\",\"position\":2,\"item\":{\"@type\":\"WebPage\",\"@id\":\"https:\/\/esp.andalucia.com\/blog\/celebracion-del-127-aniversario-de-picasso\/\",\"url\":\"https:\/\/esp.andalucia.com\/blog\/celebracion-del-127-aniversario-de-picasso\/\",\"name\":\"Celebraci\\u00f3n del 127 aniversario de Picasso\"}}]},{\"@type\":\"Person\",\"@id\":\"https:\/\/esp.andalucia.com\/blog\/#\/schema\/person\/764d18c08907ea2026c6652dbaa06aeb\",\"name\":\"admin\",\"image\":{\"@type\":\"ImageObject\",\"@id\":\"https:\/\/esp.andalucia.com\/blog\/#personlogo\",\"inLanguage\":\"en-US\",\"url\":\"https:\/\/secure.gravatar.com\/avatar\/483f554353dd1f8b3b9ac7b28ff59e21?s=96&d=mm&r=g\",\"contentUrl\":\"https:\/\/secure.gravatar.com\/avatar\/483f554353dd1f8b3b9ac7b28ff59e21?s=96&d=mm&r=g\",\"caption\":\"admin\"}}]}<\/script>\n<!-- \/ Yoast SEO plugin. -->","jetpack_featured_media_url":"","jetpack_publicize_connections":[],"jetpack_sharing_enabled":true,"jetpack_shortlink":"https:\/\/wp.me\/p7VLto-G","_links":{"self":[{"href":"https:\/\/esp.andalucia.com\/blog\/wp-json\/wp\/v2\/posts\/42"}],"collection":[{"href":"https:\/\/esp.andalucia.com\/blog\/wp-json\/wp\/v2\/posts"}],"about":[{"href":"https:\/\/esp.andalucia.com\/blog\/wp-json\/wp\/v2\/types\/post"}],"author":[{"embeddable":true,"href":"https:\/\/esp.andalucia.com\/blog\/wp-json\/wp\/v2\/users\/1"}],"replies":[{"embeddable":true,"href":"https:\/\/esp.andalucia.com\/blog\/wp-json\/wp\/v2\/comments?post=42"}],"version-history":[{"count":1,"href":"https:\/\/esp.andalucia.com\/blog\/wp-json\/wp\/v2\/posts\/42\/revisions"}],"predecessor-version":[{"id":43,"href":"https:\/\/esp.andalucia.com\/blog\/wp-json\/wp\/v2\/posts\/42\/revisions\/43"}],"wp:attachment":[{"href":"https:\/\/esp.andalucia.com\/blog\/wp-json\/wp\/v2\/media?parent=42"}],"wp:term":[{"taxonomy":"category","embeddable":true,"href":"https:\/\/esp.andalucia.com\/blog\/wp-json\/wp\/v2\/categories?post=42"},{"taxonomy":"post_tag","embeddable":true,"href":"https:\/\/esp.andalucia.com\/blog\/wp-json\/wp\/v2\/tags?post=42"}],"curies":[{"name":"wp","href":"https:\/\/api.w.org\/{rel}","templated":true}]}}