{"id":383,"date":"2009-11-21T10:37:08","date_gmt":"2009-11-21T10:37:08","guid":{"rendered":"http:\/\/esp.andalucia.com\/blog\/?p=383"},"modified":"2009-11-23T07:44:51","modified_gmt":"2009-11-23T07:44:51","slug":"medalla-de-oro-de-sevilla-para-triana","status":"publish","type":"post","link":"https:\/\/esp.andalucia.com\/blog\/medalla-de-oro-de-sevilla-para-triana\/","title":{"rendered":"Triana"},"content":{"rendered":"<p>Nos unimos a la iniciativa de la <a href=\"http:\/\/www.hijosdelagobio.es\" target=\"_blank\">Asociaci\u00f3n Cultural Hijos del Agobio<\/a>.\u00a0 Solicitar al Ayuntamiento de Sevilla la concesi\u00f3n de la Medalla de Oro de la ciudad al grupo de rock andaluz <em><strong>Triana<\/strong><\/em>, en reconocimiento a su aportaci\u00f3n a la m\u00fasica andaluza, espa\u00f1ola y mundial.<\/p>\n<p>Para lograr este objetivo, la citada asociaci\u00f3n ha iniciado una campa\u00f1a de recogida de firmas (no menos de 1000 de aqu\u00ed a enero), mediante el modelo que encontramos en el siguiente enlace: <a href=\" http:\/\/www.hijosdelagobio.es\/images\/medalla_oro_ciudad.zip\" target=\"_blank\">http:\/\/www.hijosdelagobio.es\/images\/medalla_oro_ciudad.zip<\/a>.<\/p>\n<p>La Medalla de Oro de <a href=\"http:\/\/www.esp.andalucia.com\/provincia\/sevilla\/home.htm\" target=\"_blank\">Sevilla<\/a> se concede cada a\u00f1o el d\u00eda del patr\u00f3n de la ciudad, San Fernando, a personalidades de la m\u00fasica, la cultura, la sociedad, la pol\u00edtica&#8230; que han destacado por su contribuci\u00f3n al conocimiento universal del patrimonio esta ciudad andaluza.<\/p>\n<p>El grupo sevillano<em><strong> Triana<\/strong><\/em> debut\u00f3 en el panorama musical espa\u00f1ol con <em>El Patio<\/em>, su primer \u00e1lbum editado en 1975, en el que se incluyen dos de sus temas m\u00e1s emblem\u00e1ticos: <em>Abre la puerta<\/em> y <em>El lago<\/em>. La fusi\u00f3n de flamenco y rock progresivo son las se\u00f1as de identidad en \u00e9ste y los dos discos siguientes: <em>Hijos del Agobio<\/em> (1977) y <em>Sombra y luz<\/em> (1979), con las que este m\u00edtico grupo cre\u00f3 escuela. En la m\u00fasica de <em><strong>Triana<\/strong><\/em> se encuentra gran parte de los or\u00edgenes del rock andaluz y espa\u00f1ol.<\/p>\n","protected":false},"excerpt":{"rendered":"<p>Nos unimos a la iniciativa de la Asociaci\u00f3n Cultural Hijos del Agobio.\u00a0 Solicitar al Ayuntamiento de Sevilla la concesi\u00f3n de la Medalla de Oro de la ciudad al grupo de rock andaluz Triana, en reconocimiento a su aportaci\u00f3n a la m\u00fasica andaluza, espa\u00f1ola y mundial. Para lograr este objetivo, la citada asociaci\u00f3n ha iniciado una [&hellip;]<\/p>\n","protected":false},"author":1,"featured_media":0,"comment_status":"open","ping_status":"open","sticky":false,"template":"","format":"standard","meta":{"_genesis_hide_title":false,"_genesis_hide_breadcrumbs":false,"_genesis_hide_singular_image":false,"_genesis_hide_footer_widgets":false,"_genesis_custom_body_class":"","_genesis_custom_post_class":"","_genesis_layout":"","spay_email":"","jetpack_publicize_message":"","jetpack_is_tweetstorm":false},"categories":[15,3,5,11],"tags":[],"yoast_head":"<!-- This site is optimized with the Yoast SEO plugin v16.1 - https:\/\/yoast.com\/wordpress\/plugins\/seo\/ -->\n<title>Triana - Blog de Andalucia.com<\/title>\n<link rel=\"canonical\" href=\"https:\/\/esp.andalucia.com\/blog\/medalla-de-oro-de-sevilla-para-triana\/\" \/>\n<meta property=\"og:locale\" content=\"en_US\" \/>\n<meta property=\"og:type\" content=\"article\" \/>\n<meta property=\"og:title\" content=\"Triana - Blog de Andalucia.com\" \/>\n<meta property=\"og:description\" content=\"Nos unimos a la iniciativa de la Asociaci\u00f3n Cultural Hijos del Agobio.\u00a0 Solicitar al Ayuntamiento de Sevilla la concesi\u00f3n de la Medalla de Oro de la ciudad al grupo de rock andaluz Triana, en reconocimiento a su aportaci\u00f3n a la m\u00fasica andaluza, espa\u00f1ola y mundial. Para lograr este objetivo, la citada asociaci\u00f3n ha iniciado una [&hellip;]\" \/>\n<meta property=\"og:url\" content=\"https:\/\/esp.andalucia.com\/blog\/medalla-de-oro-de-sevilla-para-triana\/\" \/>\n<meta property=\"og:site_name\" content=\"Blog de Andalucia.com\" \/>\n<meta property=\"article:published_time\" content=\"2009-11-21T10:37:08+00:00\" \/>\n<meta property=\"article:modified_time\" content=\"2009-11-23T07:44:51+00:00\" \/>\n<meta name=\"twitter:card\" content=\"summary\" \/>\n<meta name=\"twitter:label1\" content=\"Est. reading time\">\n\t<meta name=\"twitter:data1\" content=\"1 minute\">\n<script type=\"application\/ld+json\" class=\"yoast-schema-graph\">{\"@context\":\"https:\/\/schema.org\",\"@graph\":[{\"@type\":\"WebSite\",\"@id\":\"https:\/\/esp.andalucia.com\/blog\/#website\",\"url\":\"https:\/\/esp.andalucia.com\/blog\/\",\"name\":\"Blog de Andalucia.com\",\"description\":\"Blog de Andalucia\",\"potentialAction\":[{\"@type\":\"SearchAction\",\"target\":\"https:\/\/esp.andalucia.com\/blog\/?s={search_term_string}\",\"query-input\":\"required name=search_term_string\"}],\"inLanguage\":\"en-US\"},{\"@type\":\"WebPage\",\"@id\":\"https:\/\/esp.andalucia.com\/blog\/medalla-de-oro-de-sevilla-para-triana\/#webpage\",\"url\":\"https:\/\/esp.andalucia.com\/blog\/medalla-de-oro-de-sevilla-para-triana\/\",\"name\":\"Triana - Blog de Andalucia.com\",\"isPartOf\":{\"@id\":\"https:\/\/esp.andalucia.com\/blog\/#website\"},\"datePublished\":\"2009-11-21T10:37:08+00:00\",\"dateModified\":\"2009-11-23T07:44:51+00:00\",\"author\":{\"@id\":\"https:\/\/esp.andalucia.com\/blog\/#\/schema\/person\/764d18c08907ea2026c6652dbaa06aeb\"},\"breadcrumb\":{\"@id\":\"https:\/\/esp.andalucia.com\/blog\/medalla-de-oro-de-sevilla-para-triana\/#breadcrumb\"},\"inLanguage\":\"en-US\",\"potentialAction\":[{\"@type\":\"ReadAction\",\"target\":[\"https:\/\/esp.andalucia.com\/blog\/medalla-de-oro-de-sevilla-para-triana\/\"]}]},{\"@type\":\"BreadcrumbList\",\"@id\":\"https:\/\/esp.andalucia.com\/blog\/medalla-de-oro-de-sevilla-para-triana\/#breadcrumb\",\"itemListElement\":[{\"@type\":\"ListItem\",\"position\":1,\"item\":{\"@type\":\"WebPage\",\"@id\":\"https:\/\/esp.andalucia.com\/blog\/\",\"url\":\"https:\/\/esp.andalucia.com\/blog\/\",\"name\":\"Portada\"}},{\"@type\":\"ListItem\",\"position\":2,\"item\":{\"@type\":\"WebPage\",\"@id\":\"https:\/\/esp.andalucia.com\/blog\/medalla-de-oro-de-sevilla-para-triana\/\",\"url\":\"https:\/\/esp.andalucia.com\/blog\/medalla-de-oro-de-sevilla-para-triana\/\",\"name\":\"Triana\"}}]},{\"@type\":\"Person\",\"@id\":\"https:\/\/esp.andalucia.com\/blog\/#\/schema\/person\/764d18c08907ea2026c6652dbaa06aeb\",\"name\":\"admin\",\"image\":{\"@type\":\"ImageObject\",\"@id\":\"https:\/\/esp.andalucia.com\/blog\/#personlogo\",\"inLanguage\":\"en-US\",\"url\":\"https:\/\/secure.gravatar.com\/avatar\/483f554353dd1f8b3b9ac7b28ff59e21?s=96&d=mm&r=g\",\"contentUrl\":\"https:\/\/secure.gravatar.com\/avatar\/483f554353dd1f8b3b9ac7b28ff59e21?s=96&d=mm&r=g\",\"caption\":\"admin\"}}]}<\/script>\n<!-- \/ Yoast SEO plugin. -->","jetpack_featured_media_url":"","jetpack_publicize_connections":[],"jetpack_sharing_enabled":true,"jetpack_shortlink":"https:\/\/wp.me\/p7VLto-6b","_links":{"self":[{"href":"https:\/\/esp.andalucia.com\/blog\/wp-json\/wp\/v2\/posts\/383"}],"collection":[{"href":"https:\/\/esp.andalucia.com\/blog\/wp-json\/wp\/v2\/posts"}],"about":[{"href":"https:\/\/esp.andalucia.com\/blog\/wp-json\/wp\/v2\/types\/post"}],"author":[{"embeddable":true,"href":"https:\/\/esp.andalucia.com\/blog\/wp-json\/wp\/v2\/users\/1"}],"replies":[{"embeddable":true,"href":"https:\/\/esp.andalucia.com\/blog\/wp-json\/wp\/v2\/comments?post=383"}],"version-history":[{"count":8,"href":"https:\/\/esp.andalucia.com\/blog\/wp-json\/wp\/v2\/posts\/383\/revisions"}],"predecessor-version":[{"id":389,"href":"https:\/\/esp.andalucia.com\/blog\/wp-json\/wp\/v2\/posts\/383\/revisions\/389"}],"wp:attachment":[{"href":"https:\/\/esp.andalucia.com\/blog\/wp-json\/wp\/v2\/media?parent=383"}],"wp:term":[{"taxonomy":"category","embeddable":true,"href":"https:\/\/esp.andalucia.com\/blog\/wp-json\/wp\/v2\/categories?post=383"},{"taxonomy":"post_tag","embeddable":true,"href":"https:\/\/esp.andalucia.com\/blog\/wp-json\/wp\/v2\/tags?post=383"}],"curies":[{"name":"wp","href":"https:\/\/api.w.org\/{rel}","templated":true}]}}