{"id":377,"date":"2009-11-10T19:03:58","date_gmt":"2009-11-10T19:03:58","guid":{"rendered":"http:\/\/esp.andalucia.com\/blog\/?p=377"},"modified":"2009-11-11T13:05:00","modified_gmt":"2009-11-11T13:05:00","slug":"%c2%a1enhorabuena-gervasio","status":"publish","type":"post","link":"https:\/\/esp.andalucia.com\/blog\/%c2%a1enhorabuena-gervasio\/","title":{"rendered":"\u00a1Enhorabuena, Gervasio!"},"content":{"rendered":"<p>Desde este espacio en el que pretendemos resaltar todo lo mucho y bueno que ofrece Andaluc\u00eda y los andaluces, queremos en esta ocasi\u00f3n felicitar, dar nuestra enhorabuena a Gervasio S\u00e1nchez, un cordob\u00e9s, periodista que lleva 25 a\u00f1os desempe\u00f1ado su profesi\u00f3n en zonas de conflicto, como reportero de grandes conflictos b\u00e9licos, y como enviado especial de la Unesco por la paz desde 1998.<\/p>\n<p>Gervasio S\u00e1nchez recibi\u00f3 el pasado 6 de octubre el Premio Nacional de Fotograf\u00eda, que concede el Ministerio de Cultura. Un galard\u00f3n que, dice, le ha sorprendido y llenado de orgullo porque por primera vez recae sobre un fotoperiodista y porque reconoce un trabajo que los propios medios de comunicaci\u00f3n valoran poco. Porque considera que no se premia s\u00f3lo su trabajo, sino tambi\u00e9n el oficio de fotoperiodista.<\/p>\n<p>Licenciado en Periodismo por la Universidad Aut\u00f3noma de Barcelona, este cordob\u00e9s cuenta en su haber con otros galardones como el Premio Internacional de Periodismo Rey de Espa\u00f1a en la categor\u00eda de Fotograf\u00eda 2009, el Premio Ortega y Gasset del diario El Pa\u00eds 2008, el Premio Javier Bueno de la Asociaci\u00f3n de la Prensa de Madrid 2006, el Premio LiberPress 2005, la Medalla al M\u00e9rito Profesional del Gobierno de Arag\u00f3n 2004 y el Premio C\u00f3rdoba de Periodismo, entre otros.<\/p>\n<p>Actualmente trabaja en el Heraldo de Arag\u00f3n y colabora con La Vanguardia, la Cadena Ser y la BBC, adem\u00e1s de implicarse de lleno en otros proyectos relacionados con su profesi\u00f3n de fot\u00f3grafo: seminarios, exposiciones, publicaci\u00f3n de libros&#8230;<\/p>\n","protected":false},"excerpt":{"rendered":"<p>Desde este espacio en el que pretendemos resaltar todo lo mucho y bueno que ofrece Andaluc\u00eda y los andaluces, queremos en esta ocasi\u00f3n felicitar, dar nuestra enhorabuena a Gervasio S\u00e1nchez, un cordob\u00e9s, periodista que lleva 25 a\u00f1os desempe\u00f1ado su profesi\u00f3n en zonas de conflicto, como reportero de grandes conflictos b\u00e9licos, y como enviado especial de [&hellip;]<\/p>\n","protected":false},"author":1,"featured_media":0,"comment_status":"open","ping_status":"open","sticky":false,"template":"","format":"standard","meta":{"_genesis_hide_title":false,"_genesis_hide_breadcrumbs":false,"_genesis_hide_singular_image":false,"_genesis_hide_footer_widgets":false,"_genesis_custom_body_class":"","_genesis_custom_post_class":"","_genesis_layout":"","spay_email":"","jetpack_publicize_message":"","jetpack_is_tweetstorm":false},"categories":[15,3],"tags":[],"yoast_head":"<!-- This site is optimized with the Yoast SEO plugin v16.1 - https:\/\/yoast.com\/wordpress\/plugins\/seo\/ -->\n<title>\u00a1Enhorabuena, Gervasio! - Blog de Andalucia.com<\/title>\n<link rel=\"canonical\" href=\"https:\/\/esp.andalucia.com\/blog\/\u00a1enhorabuena-gervasio\/\" \/>\n<meta property=\"og:locale\" content=\"en_US\" \/>\n<meta property=\"og:type\" content=\"article\" \/>\n<meta property=\"og:title\" content=\"\u00a1Enhorabuena, Gervasio! - Blog de Andalucia.com\" \/>\n<meta property=\"og:description\" content=\"Desde este espacio en el que pretendemos resaltar todo lo mucho y bueno que ofrece Andaluc\u00eda y los andaluces, queremos en esta ocasi\u00f3n felicitar, dar nuestra enhorabuena a Gervasio S\u00e1nchez, un cordob\u00e9s, periodista que lleva 25 a\u00f1os desempe\u00f1ado su profesi\u00f3n en zonas de conflicto, como reportero de grandes conflictos b\u00e9licos, y como enviado especial de [&hellip;]\" \/>\n<meta property=\"og:url\" content=\"https:\/\/esp.andalucia.com\/blog\/\u00a1enhorabuena-gervasio\/\" \/>\n<meta property=\"og:site_name\" content=\"Blog de Andalucia.com\" \/>\n<meta property=\"article:published_time\" content=\"2009-11-10T19:03:58+00:00\" \/>\n<meta property=\"article:modified_time\" content=\"2009-11-11T13:05:00+00:00\" \/>\n<meta name=\"twitter:card\" content=\"summary\" \/>\n<meta name=\"twitter:label1\" content=\"Est. reading time\">\n\t<meta name=\"twitter:data1\" content=\"1 minute\">\n<script type=\"application\/ld+json\" class=\"yoast-schema-graph\">{\"@context\":\"https:\/\/schema.org\",\"@graph\":[{\"@type\":\"WebSite\",\"@id\":\"https:\/\/esp.andalucia.com\/blog\/#website\",\"url\":\"https:\/\/esp.andalucia.com\/blog\/\",\"name\":\"Blog de Andalucia.com\",\"description\":\"Blog de Andalucia\",\"potentialAction\":[{\"@type\":\"SearchAction\",\"target\":\"https:\/\/esp.andalucia.com\/blog\/?s={search_term_string}\",\"query-input\":\"required name=search_term_string\"}],\"inLanguage\":\"en-US\"},{\"@type\":\"WebPage\",\"@id\":\"https:\/\/esp.andalucia.com\/blog\/%c2%a1enhorabuena-gervasio\/#webpage\",\"url\":\"https:\/\/esp.andalucia.com\/blog\/%c2%a1enhorabuena-gervasio\/\",\"name\":\"\\u00a1Enhorabuena, Gervasio! - Blog de Andalucia.com\",\"isPartOf\":{\"@id\":\"https:\/\/esp.andalucia.com\/blog\/#website\"},\"datePublished\":\"2009-11-10T19:03:58+00:00\",\"dateModified\":\"2009-11-11T13:05:00+00:00\",\"author\":{\"@id\":\"https:\/\/esp.andalucia.com\/blog\/#\/schema\/person\/764d18c08907ea2026c6652dbaa06aeb\"},\"breadcrumb\":{\"@id\":\"https:\/\/esp.andalucia.com\/blog\/%c2%a1enhorabuena-gervasio\/#breadcrumb\"},\"inLanguage\":\"en-US\",\"potentialAction\":[{\"@type\":\"ReadAction\",\"target\":[\"https:\/\/esp.andalucia.com\/blog\/%c2%a1enhorabuena-gervasio\/\"]}]},{\"@type\":\"BreadcrumbList\",\"@id\":\"https:\/\/esp.andalucia.com\/blog\/%c2%a1enhorabuena-gervasio\/#breadcrumb\",\"itemListElement\":[{\"@type\":\"ListItem\",\"position\":1,\"item\":{\"@type\":\"WebPage\",\"@id\":\"https:\/\/esp.andalucia.com\/blog\/\",\"url\":\"https:\/\/esp.andalucia.com\/blog\/\",\"name\":\"Portada\"}},{\"@type\":\"ListItem\",\"position\":2,\"item\":{\"@type\":\"WebPage\",\"@id\":\"https:\/\/esp.andalucia.com\/blog\/%c2%a1enhorabuena-gervasio\/\",\"url\":\"https:\/\/esp.andalucia.com\/blog\/%c2%a1enhorabuena-gervasio\/\",\"name\":\"\\u00a1Enhorabuena, Gervasio!\"}}]},{\"@type\":\"Person\",\"@id\":\"https:\/\/esp.andalucia.com\/blog\/#\/schema\/person\/764d18c08907ea2026c6652dbaa06aeb\",\"name\":\"admin\",\"image\":{\"@type\":\"ImageObject\",\"@id\":\"https:\/\/esp.andalucia.com\/blog\/#personlogo\",\"inLanguage\":\"en-US\",\"url\":\"https:\/\/secure.gravatar.com\/avatar\/483f554353dd1f8b3b9ac7b28ff59e21?s=96&d=mm&r=g\",\"contentUrl\":\"https:\/\/secure.gravatar.com\/avatar\/483f554353dd1f8b3b9ac7b28ff59e21?s=96&d=mm&r=g\",\"caption\":\"admin\"}}]}<\/script>\n<!-- \/ Yoast SEO plugin. -->","jetpack_featured_media_url":"","jetpack_publicize_connections":[],"jetpack_sharing_enabled":true,"jetpack_shortlink":"https:\/\/wp.me\/p7VLto-65","_links":{"self":[{"href":"https:\/\/esp.andalucia.com\/blog\/wp-json\/wp\/v2\/posts\/377"}],"collection":[{"href":"https:\/\/esp.andalucia.com\/blog\/wp-json\/wp\/v2\/posts"}],"about":[{"href":"https:\/\/esp.andalucia.com\/blog\/wp-json\/wp\/v2\/types\/post"}],"author":[{"embeddable":true,"href":"https:\/\/esp.andalucia.com\/blog\/wp-json\/wp\/v2\/users\/1"}],"replies":[{"embeddable":true,"href":"https:\/\/esp.andalucia.com\/blog\/wp-json\/wp\/v2\/comments?post=377"}],"version-history":[{"count":5,"href":"https:\/\/esp.andalucia.com\/blog\/wp-json\/wp\/v2\/posts\/377\/revisions"}],"predecessor-version":[{"id":382,"href":"https:\/\/esp.andalucia.com\/blog\/wp-json\/wp\/v2\/posts\/377\/revisions\/382"}],"wp:attachment":[{"href":"https:\/\/esp.andalucia.com\/blog\/wp-json\/wp\/v2\/media?parent=377"}],"wp:term":[{"taxonomy":"category","embeddable":true,"href":"https:\/\/esp.andalucia.com\/blog\/wp-json\/wp\/v2\/categories?post=377"},{"taxonomy":"post_tag","embeddable":true,"href":"https:\/\/esp.andalucia.com\/blog\/wp-json\/wp\/v2\/tags?post=377"}],"curies":[{"name":"wp","href":"https:\/\/api.w.org\/{rel}","templated":true}]}}