{"id":367,"date":"2009-10-28T19:08:29","date_gmt":"2009-10-28T19:08:29","guid":{"rendered":"http:\/\/esp.andalucia.com\/blog\/?p=367"},"modified":"2009-10-28T19:08:29","modified_gmt":"2009-10-28T19:08:29","slug":"singulares","status":"publish","type":"post","link":"https:\/\/esp.andalucia.com\/blog\/singulares\/","title":{"rendered":"&#8220;Singulares&#8221;"},"content":{"rendered":"<p>Ser\u00e1 en noviembre y todos los jueves, en el Auditorio de la Diputaci\u00f3n de <a href=\"http:\/\/www.esp.andalucia.com\/ciudades\/malaga\/home.htm\" target=\"_blank\">M\u00e1laga<\/a>. Un ramillete de grandes figuras que dar\u00e1n color y calor al ciclo flamenco organizado por la Diputaci\u00f3n de M\u00e1laga.<\/p>\n<p>Estrella Morente, <a href=\"http:\/\/www.esp.andalucia.com\/sociedad\/flamenco\/artistas\/danielcasares.htm\" target=\"_blank\">Daniel Casares<\/a>, La Repompa, La Ca\u00f1eta, Juani Santiago, Cancanilla, Chaparro de M\u00e1laga, Fran Vinuesa, Montoyita, Carrete, Fosforito, Antonio Soto y Luisa Palicio son los artistas que conforman el plantel de &#8220;<em>Singulares<\/em>&#8220;. Cantaoras, bailarines y guitarristas para un espect\u00e1culo \u00fanico de <a href=\"http:\/\/www.esp.andalucia.com\/sociedad\/flamenco\/home.htm\" target=\"_blank\">flamenco<\/a>.<\/p>\n<p>El ciclo comenzar\u00e1 el cinco de noviembre con la actuaci\u00f3n de Juani Santiago, La Ca\u00f1eta y Daniel Casares a la guitarra. Todos los espect\u00e1culos dar\u00e1n comienzo a las 20:00 horas, con una duraci\u00f3n aproximada de dos horas. El jueves doce de noviembre los artistas ser\u00e1n Chaparro de M\u00e1laga, Cancanilla, La Repompa y Fran Vinuesa. El 19 de noviembre les toca a Estrella Morente, Montoyita y, al baile, Carrete. Por \u00faltimo, el jueves 26, Fosforito, Luisa Palicio y Antonio Soto cerrar\u00e1n el ciclo.<\/p>\n<p>Hay que apuntar que las entradas para el espect\u00e1culo donde actuar\u00e1n Estrella Morente, Montoyita y Carrete, ya est\u00e1n agotadas. El coste de las localidades ser\u00e1 de 4\u20ac, y podr\u00e1n adquirirse en la Diputaci\u00f3n, Centro Cultural de Oller\u00edas, por tel\u00e9fono e Internet.<\/p>\n<p>La Diputaci\u00f3n pretende con este <em>&#8220;Singulares<\/em>&#8221; reconocer la dedicaci\u00f3n, el esfuerzo y el trabajo que han aportado estos artistas, as\u00ed como por la dimensi\u00f3n que han dado al flamenco malague\u00f1o fuera de la provincia, por lo que es cada vez m\u00e1s apreciado y reconocido.<\/p>\n","protected":false},"excerpt":{"rendered":"<p>Ser\u00e1 en noviembre y todos los jueves, en el Auditorio de la Diputaci\u00f3n de M\u00e1laga. Un ramillete de grandes figuras que dar\u00e1n color y calor al ciclo flamenco organizado por la Diputaci\u00f3n de M\u00e1laga. Estrella Morente, Daniel Casares, La Repompa, La Ca\u00f1eta, Juani Santiago, Cancanilla, Chaparro de M\u00e1laga, Fran Vinuesa, Montoyita, Carrete, Fosforito, Antonio Soto [&hellip;]<\/p>\n","protected":false},"author":1,"featured_media":0,"comment_status":"open","ping_status":"open","sticky":false,"template":"","format":"standard","meta":{"_genesis_hide_title":false,"_genesis_hide_breadcrumbs":false,"_genesis_hide_singular_image":false,"_genesis_hide_footer_widgets":false,"_genesis_custom_body_class":"","_genesis_custom_post_class":"","_genesis_layout":"","spay_email":"","jetpack_publicize_message":"","jetpack_is_tweetstorm":false},"categories":[15,3,8,5,11,22],"tags":[],"yoast_head":"<!-- This site is optimized with the Yoast SEO plugin v16.1 - https:\/\/yoast.com\/wordpress\/plugins\/seo\/ -->\n<title>&quot;Singulares&quot; - Blog de Andalucia.com<\/title>\n<link rel=\"canonical\" href=\"https:\/\/esp.andalucia.com\/blog\/singulares\/\" \/>\n<meta property=\"og:locale\" content=\"en_US\" \/>\n<meta property=\"og:type\" content=\"article\" \/>\n<meta property=\"og:title\" content=\"&quot;Singulares&quot; - Blog de Andalucia.com\" \/>\n<meta property=\"og:description\" content=\"Ser\u00e1 en noviembre y todos los jueves, en el Auditorio de la Diputaci\u00f3n de M\u00e1laga. Un ramillete de grandes figuras que dar\u00e1n color y calor al ciclo flamenco organizado por la Diputaci\u00f3n de M\u00e1laga. Estrella Morente, Daniel Casares, La Repompa, La Ca\u00f1eta, Juani Santiago, Cancanilla, Chaparro de M\u00e1laga, Fran Vinuesa, Montoyita, Carrete, Fosforito, Antonio Soto [&hellip;]\" \/>\n<meta property=\"og:url\" content=\"https:\/\/esp.andalucia.com\/blog\/singulares\/\" \/>\n<meta property=\"og:site_name\" content=\"Blog de Andalucia.com\" \/>\n<meta property=\"article:published_time\" content=\"2009-10-28T19:08:29+00:00\" \/>\n<meta name=\"twitter:card\" content=\"summary\" \/>\n<meta name=\"twitter:label1\" content=\"Est. reading time\">\n\t<meta name=\"twitter:data1\" content=\"1 minute\">\n<script type=\"application\/ld+json\" class=\"yoast-schema-graph\">{\"@context\":\"https:\/\/schema.org\",\"@graph\":[{\"@type\":\"WebSite\",\"@id\":\"https:\/\/esp.andalucia.com\/blog\/#website\",\"url\":\"https:\/\/esp.andalucia.com\/blog\/\",\"name\":\"Blog de Andalucia.com\",\"description\":\"Blog de Andalucia\",\"potentialAction\":[{\"@type\":\"SearchAction\",\"target\":\"https:\/\/esp.andalucia.com\/blog\/?s={search_term_string}\",\"query-input\":\"required name=search_term_string\"}],\"inLanguage\":\"en-US\"},{\"@type\":\"WebPage\",\"@id\":\"https:\/\/esp.andalucia.com\/blog\/singulares\/#webpage\",\"url\":\"https:\/\/esp.andalucia.com\/blog\/singulares\/\",\"name\":\"\\\"Singulares\\\" - Blog de Andalucia.com\",\"isPartOf\":{\"@id\":\"https:\/\/esp.andalucia.com\/blog\/#website\"},\"datePublished\":\"2009-10-28T19:08:29+00:00\",\"dateModified\":\"2009-10-28T19:08:29+00:00\",\"author\":{\"@id\":\"https:\/\/esp.andalucia.com\/blog\/#\/schema\/person\/764d18c08907ea2026c6652dbaa06aeb\"},\"breadcrumb\":{\"@id\":\"https:\/\/esp.andalucia.com\/blog\/singulares\/#breadcrumb\"},\"inLanguage\":\"en-US\",\"potentialAction\":[{\"@type\":\"ReadAction\",\"target\":[\"https:\/\/esp.andalucia.com\/blog\/singulares\/\"]}]},{\"@type\":\"BreadcrumbList\",\"@id\":\"https:\/\/esp.andalucia.com\/blog\/singulares\/#breadcrumb\",\"itemListElement\":[{\"@type\":\"ListItem\",\"position\":1,\"item\":{\"@type\":\"WebPage\",\"@id\":\"https:\/\/esp.andalucia.com\/blog\/\",\"url\":\"https:\/\/esp.andalucia.com\/blog\/\",\"name\":\"Portada\"}},{\"@type\":\"ListItem\",\"position\":2,\"item\":{\"@type\":\"WebPage\",\"@id\":\"https:\/\/esp.andalucia.com\/blog\/singulares\/\",\"url\":\"https:\/\/esp.andalucia.com\/blog\/singulares\/\",\"name\":\"\\u00abSingulares\\u00bb\"}}]},{\"@type\":\"Person\",\"@id\":\"https:\/\/esp.andalucia.com\/blog\/#\/schema\/person\/764d18c08907ea2026c6652dbaa06aeb\",\"name\":\"admin\",\"image\":{\"@type\":\"ImageObject\",\"@id\":\"https:\/\/esp.andalucia.com\/blog\/#personlogo\",\"inLanguage\":\"en-US\",\"url\":\"https:\/\/secure.gravatar.com\/avatar\/483f554353dd1f8b3b9ac7b28ff59e21?s=96&d=mm&r=g\",\"contentUrl\":\"https:\/\/secure.gravatar.com\/avatar\/483f554353dd1f8b3b9ac7b28ff59e21?s=96&d=mm&r=g\",\"caption\":\"admin\"}}]}<\/script>\n<!-- \/ Yoast SEO plugin. -->","jetpack_featured_media_url":"","jetpack_publicize_connections":[],"jetpack_sharing_enabled":true,"jetpack_shortlink":"https:\/\/wp.me\/p7VLto-5V","_links":{"self":[{"href":"https:\/\/esp.andalucia.com\/blog\/wp-json\/wp\/v2\/posts\/367"}],"collection":[{"href":"https:\/\/esp.andalucia.com\/blog\/wp-json\/wp\/v2\/posts"}],"about":[{"href":"https:\/\/esp.andalucia.com\/blog\/wp-json\/wp\/v2\/types\/post"}],"author":[{"embeddable":true,"href":"https:\/\/esp.andalucia.com\/blog\/wp-json\/wp\/v2\/users\/1"}],"replies":[{"embeddable":true,"href":"https:\/\/esp.andalucia.com\/blog\/wp-json\/wp\/v2\/comments?post=367"}],"version-history":[{"count":3,"href":"https:\/\/esp.andalucia.com\/blog\/wp-json\/wp\/v2\/posts\/367\/revisions"}],"predecessor-version":[{"id":370,"href":"https:\/\/esp.andalucia.com\/blog\/wp-json\/wp\/v2\/posts\/367\/revisions\/370"}],"wp:attachment":[{"href":"https:\/\/esp.andalucia.com\/blog\/wp-json\/wp\/v2\/media?parent=367"}],"wp:term":[{"taxonomy":"category","embeddable":true,"href":"https:\/\/esp.andalucia.com\/blog\/wp-json\/wp\/v2\/categories?post=367"},{"taxonomy":"post_tag","embeddable":true,"href":"https:\/\/esp.andalucia.com\/blog\/wp-json\/wp\/v2\/tags?post=367"}],"curies":[{"name":"wp","href":"https:\/\/api.w.org\/{rel}","templated":true}]}}