{"id":362,"date":"2009-10-22T18:32:14","date_gmt":"2009-10-22T18:32:14","guid":{"rendered":"http:\/\/esp.andalucia.com\/blog\/?p=362"},"modified":"2009-10-22T18:32:14","modified_gmt":"2009-10-22T18:32:14","slug":"sevilla-goya-y-la-duquesa-de-alba","status":"publish","type":"post","link":"https:\/\/esp.andalucia.com\/blog\/sevilla-goya-y-la-duquesa-de-alba\/","title":{"rendered":"Sevilla, Goya y la Duquesa de Alba"},"content":{"rendered":"<p>Hasta el 10 de enero, los amantes del mejor Arte tienen una cita ineludible en el <a href=\"http:\/\/www.juntadeandalucia.es\/cultura\/museos\/MBASE\/?lng=es\" target=\"_blank\">Museo de Bellas Artes de Sevilla<\/a>, donde desde el 16 de octubre se expone una selecci\u00f3n de obras del patrimonio de los Alba, una de las colecciones privadas m\u00e1s importantes de Espa\u00f1a, bajo el t\u00edtulo <em>La Colecci\u00f3n Casa de Alba<\/em>.<\/p>\n<p>Obras de Tiziano, Murillo, Rubens, Goya, Renoir, Sorolla y Zuloaga, entre otros, se pueden contemplar en esta exposici\u00f3n que muestra un total de 40 obras maestras que habitualmente residen en el Palacio de Liria, en Madrid, y en el de las Due\u00f1as, en <a href=\"http:\/\/www.esp.andalucia.com\/ciudades\/sevilla\/home.htm\" target=\"_blank\">Sevilla<\/a>. Entre todas ella, destaca <em>La Duquesa de Alba<\/em> de Goya, que s\u00f3lo ha salido una vez del Palacio de Liria en los \u00faltimos 30 a\u00f1os, debido a su delicado estado de conservaci\u00f3n.<\/p>\n<p>Adem\u00e1s de pinturas, esta fant\u00e1stica exposici\u00f3n, que muchos consideran uno de los acontecimientos culturales m\u00e1s importantes en Sevilla, incluye tapices, esculturas, joyas y documentos hist\u00f3ricos. Es el reflejo de 500 a\u00f1os de historia de una colecci\u00f3n que se ha mantenido pr\u00e1cticamente intacta a lo largo del tiempo, desde que la iniciara el gran Duque de Alba. Precisamente el retrato que le hizo Tiziano a su fundador abre esta exposici\u00f3n.<\/p>\n<p>El horario de visitas es de martes a s\u00e1bados, de 9 a 20:30 horas; y los domingos y festivos, de 9 a 14:30 horas.<\/p>\n","protected":false},"excerpt":{"rendered":"<p>Hasta el 10 de enero, los amantes del mejor Arte tienen una cita ineludible en el Museo de Bellas Artes de Sevilla, donde desde el 16 de octubre se expone una selecci\u00f3n de obras del patrimonio de los Alba, una de las colecciones privadas m\u00e1s importantes de Espa\u00f1a, bajo el t\u00edtulo La Colecci\u00f3n Casa de [&hellip;]<\/p>\n","protected":false},"author":1,"featured_media":0,"comment_status":"open","ping_status":"open","sticky":false,"template":"","format":"standard","meta":{"_genesis_hide_title":false,"_genesis_hide_breadcrumbs":false,"_genesis_hide_singular_image":false,"_genesis_hide_footer_widgets":false,"_genesis_custom_body_class":"","_genesis_custom_post_class":"","_genesis_layout":"","spay_email":"","jetpack_publicize_message":"","jetpack_is_tweetstorm":false},"categories":[15,3,11,22],"tags":[],"yoast_head":"<!-- This site is optimized with the Yoast SEO plugin v16.1 - https:\/\/yoast.com\/wordpress\/plugins\/seo\/ -->\n<title>Sevilla, Goya y la Duquesa de Alba - Blog de Andalucia.com<\/title>\n<link rel=\"canonical\" href=\"https:\/\/esp.andalucia.com\/blog\/sevilla-goya-y-la-duquesa-de-alba\/\" \/>\n<meta property=\"og:locale\" content=\"en_US\" \/>\n<meta property=\"og:type\" content=\"article\" \/>\n<meta property=\"og:title\" content=\"Sevilla, Goya y la Duquesa de Alba - Blog de Andalucia.com\" \/>\n<meta property=\"og:description\" content=\"Hasta el 10 de enero, los amantes del mejor Arte tienen una cita ineludible en el Museo de Bellas Artes de Sevilla, donde desde el 16 de octubre se expone una selecci\u00f3n de obras del patrimonio de los Alba, una de las colecciones privadas m\u00e1s importantes de Espa\u00f1a, bajo el t\u00edtulo La Colecci\u00f3n Casa de [&hellip;]\" \/>\n<meta property=\"og:url\" content=\"https:\/\/esp.andalucia.com\/blog\/sevilla-goya-y-la-duquesa-de-alba\/\" \/>\n<meta property=\"og:site_name\" content=\"Blog de Andalucia.com\" \/>\n<meta property=\"article:published_time\" content=\"2009-10-22T18:32:14+00:00\" \/>\n<meta name=\"twitter:card\" content=\"summary\" \/>\n<meta name=\"twitter:label1\" content=\"Est. reading time\">\n\t<meta name=\"twitter:data1\" content=\"1 minute\">\n<script type=\"application\/ld+json\" class=\"yoast-schema-graph\">{\"@context\":\"https:\/\/schema.org\",\"@graph\":[{\"@type\":\"WebSite\",\"@id\":\"https:\/\/esp.andalucia.com\/blog\/#website\",\"url\":\"https:\/\/esp.andalucia.com\/blog\/\",\"name\":\"Blog de Andalucia.com\",\"description\":\"Blog de Andalucia\",\"potentialAction\":[{\"@type\":\"SearchAction\",\"target\":\"https:\/\/esp.andalucia.com\/blog\/?s={search_term_string}\",\"query-input\":\"required name=search_term_string\"}],\"inLanguage\":\"en-US\"},{\"@type\":\"WebPage\",\"@id\":\"https:\/\/esp.andalucia.com\/blog\/sevilla-goya-y-la-duquesa-de-alba\/#webpage\",\"url\":\"https:\/\/esp.andalucia.com\/blog\/sevilla-goya-y-la-duquesa-de-alba\/\",\"name\":\"Sevilla, Goya y la Duquesa de Alba - Blog de Andalucia.com\",\"isPartOf\":{\"@id\":\"https:\/\/esp.andalucia.com\/blog\/#website\"},\"datePublished\":\"2009-10-22T18:32:14+00:00\",\"dateModified\":\"2009-10-22T18:32:14+00:00\",\"author\":{\"@id\":\"https:\/\/esp.andalucia.com\/blog\/#\/schema\/person\/764d18c08907ea2026c6652dbaa06aeb\"},\"breadcrumb\":{\"@id\":\"https:\/\/esp.andalucia.com\/blog\/sevilla-goya-y-la-duquesa-de-alba\/#breadcrumb\"},\"inLanguage\":\"en-US\",\"potentialAction\":[{\"@type\":\"ReadAction\",\"target\":[\"https:\/\/esp.andalucia.com\/blog\/sevilla-goya-y-la-duquesa-de-alba\/\"]}]},{\"@type\":\"BreadcrumbList\",\"@id\":\"https:\/\/esp.andalucia.com\/blog\/sevilla-goya-y-la-duquesa-de-alba\/#breadcrumb\",\"itemListElement\":[{\"@type\":\"ListItem\",\"position\":1,\"item\":{\"@type\":\"WebPage\",\"@id\":\"https:\/\/esp.andalucia.com\/blog\/\",\"url\":\"https:\/\/esp.andalucia.com\/blog\/\",\"name\":\"Portada\"}},{\"@type\":\"ListItem\",\"position\":2,\"item\":{\"@type\":\"WebPage\",\"@id\":\"https:\/\/esp.andalucia.com\/blog\/sevilla-goya-y-la-duquesa-de-alba\/\",\"url\":\"https:\/\/esp.andalucia.com\/blog\/sevilla-goya-y-la-duquesa-de-alba\/\",\"name\":\"Sevilla, Goya y la Duquesa de Alba\"}}]},{\"@type\":\"Person\",\"@id\":\"https:\/\/esp.andalucia.com\/blog\/#\/schema\/person\/764d18c08907ea2026c6652dbaa06aeb\",\"name\":\"admin\",\"image\":{\"@type\":\"ImageObject\",\"@id\":\"https:\/\/esp.andalucia.com\/blog\/#personlogo\",\"inLanguage\":\"en-US\",\"url\":\"https:\/\/secure.gravatar.com\/avatar\/483f554353dd1f8b3b9ac7b28ff59e21?s=96&d=mm&r=g\",\"contentUrl\":\"https:\/\/secure.gravatar.com\/avatar\/483f554353dd1f8b3b9ac7b28ff59e21?s=96&d=mm&r=g\",\"caption\":\"admin\"}}]}<\/script>\n<!-- \/ Yoast SEO plugin. -->","jetpack_featured_media_url":"","jetpack_publicize_connections":[],"jetpack_sharing_enabled":true,"jetpack_shortlink":"https:\/\/wp.me\/p7VLto-5Q","_links":{"self":[{"href":"https:\/\/esp.andalucia.com\/blog\/wp-json\/wp\/v2\/posts\/362"}],"collection":[{"href":"https:\/\/esp.andalucia.com\/blog\/wp-json\/wp\/v2\/posts"}],"about":[{"href":"https:\/\/esp.andalucia.com\/blog\/wp-json\/wp\/v2\/types\/post"}],"author":[{"embeddable":true,"href":"https:\/\/esp.andalucia.com\/blog\/wp-json\/wp\/v2\/users\/1"}],"replies":[{"embeddable":true,"href":"https:\/\/esp.andalucia.com\/blog\/wp-json\/wp\/v2\/comments?post=362"}],"version-history":[{"count":4,"href":"https:\/\/esp.andalucia.com\/blog\/wp-json\/wp\/v2\/posts\/362\/revisions"}],"predecessor-version":[{"id":366,"href":"https:\/\/esp.andalucia.com\/blog\/wp-json\/wp\/v2\/posts\/362\/revisions\/366"}],"wp:attachment":[{"href":"https:\/\/esp.andalucia.com\/blog\/wp-json\/wp\/v2\/media?parent=362"}],"wp:term":[{"taxonomy":"category","embeddable":true,"href":"https:\/\/esp.andalucia.com\/blog\/wp-json\/wp\/v2\/categories?post=362"},{"taxonomy":"post_tag","embeddable":true,"href":"https:\/\/esp.andalucia.com\/blog\/wp-json\/wp\/v2\/tags?post=362"}],"curies":[{"name":"wp","href":"https:\/\/api.w.org\/{rel}","templated":true}]}}