{"id":36,"date":"2008-10-21T18:04:06","date_gmt":"2008-10-21T18:04:06","guid":{"rendered":"http:\/\/esp.andalucia.com\/blog\/?p=36"},"modified":"2008-10-21T18:04:06","modified_gmt":"2008-10-21T18:04:06","slug":"programa-de-ocio-alternativo-para-los-jovenes","status":"publish","type":"post","link":"https:\/\/esp.andalucia.com\/blog\/programa-de-ocio-alternativo-para-los-jovenes\/","title":{"rendered":"Programa de ocio alternativo para los j\u00f3venes"},"content":{"rendered":"<p>Todos los viernes y s\u00e1bados, desde el 24 de octubre hasta el 29 de noviembre, los j\u00f3venes de M\u00e1laga de entre 16 y 35 a\u00f1os podr\u00e1n dusfrutar de un amplio y variado programa de actividades de ocio, organizada por el \u00c1rea de la Juventud del Ayuntamiento de M\u00e1laga, y denominado <em>Alterna en la noche<\/em>. Talleres deportivos, cient\u00edficos, de m\u00fasica, de danza, creativos y de preparaci\u00f3n profesional; conciertos de m\u00fasica, proyecci\u00f3n de pel\u00edculas de estreno, visitas a infraestructuras culturales como la Fundaci\u00f3n Picasso-Casa Natal y la Alcazaba&#8230;<\/p>\n<p>Entre la amplia oferta de actividades alternativas para los j\u00f3venes malague\u00f1os, se encuentran las siguientes:<\/p>\n<p>&#8211; Mon\u00f3logo de Porti en el disco-pub B\u00fakaro\u00b4s Caf\u00e9 de Ciudad Jardin, el 31 de octubre.<\/p>\n<p>&#8211; Taller de Bowlling en Bowlling Alucine de La Cruz de Humilladero.<\/p>\n<p>&#8211; Talleres de bater\u00eda, canto y vocalizaci\u00f3n, percusi\u00f3n latina, caj\u00f3n flamenco y guitarra el\u00e9ctrica en el Centro de Ense\u00f1anza de M\u00fasica Moderna.<\/p>\n<p>&#8211; Estrenos de cine en Yelm Cineplex del M\u00e1laga Plaza.<\/p>\n","protected":false},"excerpt":{"rendered":"<p>Todos los viernes y s\u00e1bados, desde el 24 de octubre hasta el 29 de noviembre, los j\u00f3venes de M\u00e1laga de entre 16 y 35 a\u00f1os podr\u00e1n dusfrutar de un amplio y variado programa de actividades de ocio, organizada por el \u00c1rea de la Juventud del Ayuntamiento de M\u00e1laga, y denominado Alterna en la noche. Talleres [&hellip;]<\/p>\n","protected":false},"author":1,"featured_media":0,"comment_status":"open","ping_status":"open","sticky":false,"template":"","format":"standard","meta":{"_genesis_hide_title":false,"_genesis_hide_breadcrumbs":false,"_genesis_hide_singular_image":false,"_genesis_hide_footer_widgets":false,"_genesis_custom_body_class":"","_genesis_custom_post_class":"","_genesis_layout":"","spay_email":"","jetpack_publicize_message":"","jetpack_is_tweetstorm":false},"categories":[11],"tags":[],"yoast_head":"<!-- This site is optimized with the Yoast SEO plugin v16.1 - https:\/\/yoast.com\/wordpress\/plugins\/seo\/ -->\n<title>Programa de ocio alternativo para los j\u00f3venes - Blog de Andalucia.com<\/title>\n<link rel=\"canonical\" href=\"https:\/\/esp.andalucia.com\/blog\/programa-de-ocio-alternativo-para-los-jovenes\/\" \/>\n<meta property=\"og:locale\" content=\"en_US\" \/>\n<meta property=\"og:type\" content=\"article\" \/>\n<meta property=\"og:title\" content=\"Programa de ocio alternativo para los j\u00f3venes - Blog de Andalucia.com\" \/>\n<meta property=\"og:description\" content=\"Todos los viernes y s\u00e1bados, desde el 24 de octubre hasta el 29 de noviembre, los j\u00f3venes de M\u00e1laga de entre 16 y 35 a\u00f1os podr\u00e1n dusfrutar de un amplio y variado programa de actividades de ocio, organizada por el \u00c1rea de la Juventud del Ayuntamiento de M\u00e1laga, y denominado Alterna en la noche. Talleres [&hellip;]\" \/>\n<meta property=\"og:url\" content=\"https:\/\/esp.andalucia.com\/blog\/programa-de-ocio-alternativo-para-los-jovenes\/\" \/>\n<meta property=\"og:site_name\" content=\"Blog de Andalucia.com\" \/>\n<meta property=\"article:published_time\" content=\"2008-10-21T18:04:06+00:00\" \/>\n<meta name=\"twitter:card\" content=\"summary\" \/>\n<meta name=\"twitter:label1\" content=\"Est. reading time\">\n\t<meta name=\"twitter:data1\" content=\"1 minute\">\n<script type=\"application\/ld+json\" class=\"yoast-schema-graph\">{\"@context\":\"https:\/\/schema.org\",\"@graph\":[{\"@type\":\"WebSite\",\"@id\":\"https:\/\/esp.andalucia.com\/blog\/#website\",\"url\":\"https:\/\/esp.andalucia.com\/blog\/\",\"name\":\"Blog de Andalucia.com\",\"description\":\"Blog de Andalucia\",\"potentialAction\":[{\"@type\":\"SearchAction\",\"target\":\"https:\/\/esp.andalucia.com\/blog\/?s={search_term_string}\",\"query-input\":\"required name=search_term_string\"}],\"inLanguage\":\"en-US\"},{\"@type\":\"WebPage\",\"@id\":\"https:\/\/esp.andalucia.com\/blog\/programa-de-ocio-alternativo-para-los-jovenes\/#webpage\",\"url\":\"https:\/\/esp.andalucia.com\/blog\/programa-de-ocio-alternativo-para-los-jovenes\/\",\"name\":\"Programa de ocio alternativo para los j\\u00f3venes - Blog de Andalucia.com\",\"isPartOf\":{\"@id\":\"https:\/\/esp.andalucia.com\/blog\/#website\"},\"datePublished\":\"2008-10-21T18:04:06+00:00\",\"dateModified\":\"2008-10-21T18:04:06+00:00\",\"author\":{\"@id\":\"https:\/\/esp.andalucia.com\/blog\/#\/schema\/person\/764d18c08907ea2026c6652dbaa06aeb\"},\"breadcrumb\":{\"@id\":\"https:\/\/esp.andalucia.com\/blog\/programa-de-ocio-alternativo-para-los-jovenes\/#breadcrumb\"},\"inLanguage\":\"en-US\",\"potentialAction\":[{\"@type\":\"ReadAction\",\"target\":[\"https:\/\/esp.andalucia.com\/blog\/programa-de-ocio-alternativo-para-los-jovenes\/\"]}]},{\"@type\":\"BreadcrumbList\",\"@id\":\"https:\/\/esp.andalucia.com\/blog\/programa-de-ocio-alternativo-para-los-jovenes\/#breadcrumb\",\"itemListElement\":[{\"@type\":\"ListItem\",\"position\":1,\"item\":{\"@type\":\"WebPage\",\"@id\":\"https:\/\/esp.andalucia.com\/blog\/\",\"url\":\"https:\/\/esp.andalucia.com\/blog\/\",\"name\":\"Portada\"}},{\"@type\":\"ListItem\",\"position\":2,\"item\":{\"@type\":\"WebPage\",\"@id\":\"https:\/\/esp.andalucia.com\/blog\/programa-de-ocio-alternativo-para-los-jovenes\/\",\"url\":\"https:\/\/esp.andalucia.com\/blog\/programa-de-ocio-alternativo-para-los-jovenes\/\",\"name\":\"Programa de ocio alternativo para los j\\u00f3venes\"}}]},{\"@type\":\"Person\",\"@id\":\"https:\/\/esp.andalucia.com\/blog\/#\/schema\/person\/764d18c08907ea2026c6652dbaa06aeb\",\"name\":\"admin\",\"image\":{\"@type\":\"ImageObject\",\"@id\":\"https:\/\/esp.andalucia.com\/blog\/#personlogo\",\"inLanguage\":\"en-US\",\"url\":\"https:\/\/secure.gravatar.com\/avatar\/483f554353dd1f8b3b9ac7b28ff59e21?s=96&d=mm&r=g\",\"contentUrl\":\"https:\/\/secure.gravatar.com\/avatar\/483f554353dd1f8b3b9ac7b28ff59e21?s=96&d=mm&r=g\",\"caption\":\"admin\"}}]}<\/script>\n<!-- \/ Yoast SEO plugin. -->","jetpack_featured_media_url":"","jetpack_publicize_connections":[],"jetpack_sharing_enabled":true,"jetpack_shortlink":"https:\/\/wp.me\/p7VLto-A","_links":{"self":[{"href":"https:\/\/esp.andalucia.com\/blog\/wp-json\/wp\/v2\/posts\/36"}],"collection":[{"href":"https:\/\/esp.andalucia.com\/blog\/wp-json\/wp\/v2\/posts"}],"about":[{"href":"https:\/\/esp.andalucia.com\/blog\/wp-json\/wp\/v2\/types\/post"}],"author":[{"embeddable":true,"href":"https:\/\/esp.andalucia.com\/blog\/wp-json\/wp\/v2\/users\/1"}],"replies":[{"embeddable":true,"href":"https:\/\/esp.andalucia.com\/blog\/wp-json\/wp\/v2\/comments?post=36"}],"version-history":[{"count":1,"href":"https:\/\/esp.andalucia.com\/blog\/wp-json\/wp\/v2\/posts\/36\/revisions"}],"predecessor-version":[{"id":37,"href":"https:\/\/esp.andalucia.com\/blog\/wp-json\/wp\/v2\/posts\/36\/revisions\/37"}],"wp:attachment":[{"href":"https:\/\/esp.andalucia.com\/blog\/wp-json\/wp\/v2\/media?parent=36"}],"wp:term":[{"taxonomy":"category","embeddable":true,"href":"https:\/\/esp.andalucia.com\/blog\/wp-json\/wp\/v2\/categories?post=36"},{"taxonomy":"post_tag","embeddable":true,"href":"https:\/\/esp.andalucia.com\/blog\/wp-json\/wp\/v2\/tags?post=36"}],"curies":[{"name":"wp","href":"https:\/\/api.w.org\/{rel}","templated":true}]}}