{"id":350,"date":"2009-10-15T17:04:07","date_gmt":"2009-10-15T17:04:07","guid":{"rendered":"http:\/\/esp.andalucia.com\/blog\/?p=350"},"modified":"2009-10-15T17:04:07","modified_gmt":"2009-10-15T17:04:07","slug":"los-origenes-de-la-musica-flamenca","status":"publish","type":"post","link":"https:\/\/esp.andalucia.com\/blog\/los-origenes-de-la-musica-flamenca\/","title":{"rendered":"Los or\u00edgenes de la m\u00fasica flamenca"},"content":{"rendered":"<p>Para aquellos que quieran conocer los or\u00edgenes m\u00e1s remotos de la m\u00fasica flamenca, desde aqu\u00ed les recomendamos <strong><em>La llave de la m\u00fasica flamenca<\/em><\/strong>, un libro m\u00e1s un disco compacto.<\/p>\n<p>El libro es obra de los profesores, compositores, pianistas y music\u00f3logos Antonio y David Hurtado Torres, sobrinos-nietos de m\u00edtico Juan Valderrama. Editado por <em>Singature Ediciones de Andaluc\u00eda<\/em>, est\u00e1 prologado por el compositor Tom\u00e1s Marco y el cantaor Antonio Fern\u00e1ndez D\u00edaz, &#8216;Fosforito&#8217;.<\/p>\n<p>El CD incluye algunas de las partituras que recoge el libro, procedentes de manuscritos in\u00e9ditos. Los int\u00e9rpretes son, entre otros, adem\u00e1s de los autores del libro haciendo uso del clavic\u00e9mbalo y el fortepiano, An\u00edbal Soriano con las guitarras barroca y rom\u00e1ntica, Beatriz Fanlo con el viol\u00edn barroco, Francisco Castellano como tenor, Mariv\u00ed Blasco y Susana Casas como sopranos, Jes\u00fas Pacheco como percusionista y Esther Falc\u00f3n a las casta\u00f1uelas.<\/p>\n<p><!--[if !mso]>\n<mce:style><!  v\\:* {behavior:url(#default#VML);} o\\:* {behavior:url(#default#VML);} w\\:* {behavior:url(#default#VML);} .shape {behavior:url(#default#VML);} --><\/p>\n<p><!--[endif]-->De esta obra, uno de sus autores, Antonio Hurtado, explica: &#8220;Hemos trazado la l\u00ednea gen\u00e9tica evolutiva que une, a lo largo de los siglos, los vestigios musicales m\u00e1s remotos en donde pueden ya apreciarse de forma embrionaria por primera vez en la historia los rasgos llam\u00e9mosles aflamencados o preflamencos, con el tipo de m\u00fasica que despu\u00e9s, en el siglo XIX, terminar\u00eda convirti\u00e9ndose de forma definitiva en lo que hoy conocemos como <a href=\"http:\/\/www.esp.andalucia.com\/sociedad\/flamenco\/historia.htm\" target=\"_blank\">Flamenco<\/a>&#8220;.<\/p>\n<p><!--[if gte mso 10]>\n<mce:style><!   \/* Style Definitions *\/  table.MsoNormalTable \t{mso-style-name:\"Tabla normal\"; \tmso-tstyle-rowband-size:0; \tmso-tstyle-colband-size:0; \tmso-style-noshow:yes; \tmso-style-priority:99; \tmso-style-qformat:yes; \tmso-style-parent:\"\"; \tmso-padding-alt:0cm 5.4pt 0cm 5.4pt; \tmso-para-margin:0cm; \tmso-para-margin-bottom:.0001pt; \tmso-pagination:widow-orphan; \tfont-size:11.0pt; \tfont-family:\"Calibri\",\"sans-serif\"; \tmso-ascii-font-family:Calibri; \tmso-ascii-theme-font:minor-latin; \tmso-fareast-font-family:\"Times New Roman\"; \tmso-fareast-theme-font:minor-fareast; \tmso-hansi-font-family:Calibri; \tmso-hansi-theme-font:minor-latin; \tmso-bidi-font-family:\"Times New Roman\"; \tmso-bidi-theme-font:minor-bidi;} --><\/p>\n<p><!--[endif]--><span style=\"font-size: 12pt; font-family: &quot;Times New Roman&quot;,&quot;serif&quot;;\"><!--[if gte vml 1]><v:shapetype id=\"_x0000_t75\"  coordsize=\"21600,21600\" o:spt=\"75\" o:preferrelative=\"t\" path=\"m@4@5l@4@11@9@11@9@5xe\"  filled=\"f\" stroked=\"f\"> <v:stroke joinstyle=\"miter\" \/> <v:formulas> <v:f eqn=\"if lineDrawn pixelLineWidth 0\" \/> <v:f eqn=\"sum @0 1 0\" \/> <v:f eqn=\"sum 0 0 @1\" \/> <v:f eqn=\"prod @2 1 2\" \/> <v:f eqn=\"prod @3 21600 pixelWidth\" \/> <v:f eqn=\"prod @3 21600 pixelHeight\" \/> <v:f eqn=\"sum @0 0 1\" \/> <v:f eqn=\"prod @6 1 2\" \/> <v:f eqn=\"prod @7 21600 pixelWidth\" \/> <v:f eqn=\"sum @8 21600 0\" \/> <v:f eqn=\"prod @7 21600 pixelHeight\" \/> <v:f eqn=\"sum @10 21600 0\" \/> <\/v:formulas> <v:path o:extrusionok=\"f\" gradientshapeok=\"t\" o:connecttype=\"rect\" \/> <o:lock v:ext=\"edit\" aspectratio=\"t\" \/> <\/v:shapetype><v:shape id=\"_x0000_i1025\" type=\"#_x0000_t75\" style='width:187.5pt;  height:267pt'> <v:imagedata src=\"file:\/\/\/C:\\Users\\PAZ\\AppData\\Local\\Temp\\msohtmlclip1\\01\\clip_image001.png\" mce_src=\"file:\/\/\/C:\\Users\\PAZ\\AppData\\Local\\Temp\\msohtmlclip1\\01\\clip_image001.png\"   o:title=\"\" \/> <\/v:shape><![endif]--><!--[if !vml]--><!--[endif]--><\/span><\/p>\n","protected":false},"excerpt":{"rendered":"<p>Para aquellos que quieran conocer los or\u00edgenes m\u00e1s remotos de la m\u00fasica flamenca, desde aqu\u00ed les recomendamos La llave de la m\u00fasica flamenca, un libro m\u00e1s un disco compacto. El libro es obra de los profesores, compositores, pianistas y music\u00f3logos Antonio y David Hurtado Torres, sobrinos-nietos de m\u00edtico Juan Valderrama. Editado por Singature Ediciones de [&hellip;]<\/p>\n","protected":false},"author":1,"featured_media":0,"comment_status":"open","ping_status":"open","sticky":false,"template":"","format":"standard","meta":{"_genesis_hide_title":false,"_genesis_hide_breadcrumbs":false,"_genesis_hide_singular_image":false,"_genesis_hide_footer_widgets":false,"_genesis_custom_body_class":"","_genesis_custom_post_class":"","_genesis_layout":"","spay_email":"","jetpack_publicize_message":"","jetpack_is_tweetstorm":false},"categories":[15,3,8,12,5,11],"tags":[],"yoast_head":"<!-- This site is optimized with the Yoast SEO plugin v16.1 - https:\/\/yoast.com\/wordpress\/plugins\/seo\/ -->\n<title>Los or\u00edgenes de la m\u00fasica flamenca - Blog de Andalucia.com<\/title>\n<link rel=\"canonical\" href=\"https:\/\/esp.andalucia.com\/blog\/los-origenes-de-la-musica-flamenca\/\" \/>\n<meta property=\"og:locale\" content=\"en_US\" \/>\n<meta property=\"og:type\" content=\"article\" \/>\n<meta property=\"og:title\" content=\"Los or\u00edgenes de la m\u00fasica flamenca - Blog de Andalucia.com\" \/>\n<meta property=\"og:description\" content=\"Para aquellos que quieran conocer los or\u00edgenes m\u00e1s remotos de la m\u00fasica flamenca, desde aqu\u00ed les recomendamos La llave de la m\u00fasica flamenca, un libro m\u00e1s un disco compacto. El libro es obra de los profesores, compositores, pianistas y music\u00f3logos Antonio y David Hurtado Torres, sobrinos-nietos de m\u00edtico Juan Valderrama. Editado por Singature Ediciones de [&hellip;]\" \/>\n<meta property=\"og:url\" content=\"https:\/\/esp.andalucia.com\/blog\/los-origenes-de-la-musica-flamenca\/\" \/>\n<meta property=\"og:site_name\" content=\"Blog de Andalucia.com\" \/>\n<meta property=\"article:published_time\" content=\"2009-10-15T17:04:07+00:00\" \/>\n<meta name=\"twitter:card\" content=\"summary\" \/>\n<meta name=\"twitter:label1\" content=\"Est. reading time\">\n\t<meta name=\"twitter:data1\" content=\"1 minute\">\n<script type=\"application\/ld+json\" class=\"yoast-schema-graph\">{\"@context\":\"https:\/\/schema.org\",\"@graph\":[{\"@type\":\"WebSite\",\"@id\":\"https:\/\/esp.andalucia.com\/blog\/#website\",\"url\":\"https:\/\/esp.andalucia.com\/blog\/\",\"name\":\"Blog de Andalucia.com\",\"description\":\"Blog de Andalucia\",\"potentialAction\":[{\"@type\":\"SearchAction\",\"target\":\"https:\/\/esp.andalucia.com\/blog\/?s={search_term_string}\",\"query-input\":\"required name=search_term_string\"}],\"inLanguage\":\"en-US\"},{\"@type\":\"WebPage\",\"@id\":\"https:\/\/esp.andalucia.com\/blog\/los-origenes-de-la-musica-flamenca\/#webpage\",\"url\":\"https:\/\/esp.andalucia.com\/blog\/los-origenes-de-la-musica-flamenca\/\",\"name\":\"Los or\\u00edgenes de la m\\u00fasica flamenca - Blog de Andalucia.com\",\"isPartOf\":{\"@id\":\"https:\/\/esp.andalucia.com\/blog\/#website\"},\"datePublished\":\"2009-10-15T17:04:07+00:00\",\"dateModified\":\"2009-10-15T17:04:07+00:00\",\"author\":{\"@id\":\"https:\/\/esp.andalucia.com\/blog\/#\/schema\/person\/764d18c08907ea2026c6652dbaa06aeb\"},\"breadcrumb\":{\"@id\":\"https:\/\/esp.andalucia.com\/blog\/los-origenes-de-la-musica-flamenca\/#breadcrumb\"},\"inLanguage\":\"en-US\",\"potentialAction\":[{\"@type\":\"ReadAction\",\"target\":[\"https:\/\/esp.andalucia.com\/blog\/los-origenes-de-la-musica-flamenca\/\"]}]},{\"@type\":\"BreadcrumbList\",\"@id\":\"https:\/\/esp.andalucia.com\/blog\/los-origenes-de-la-musica-flamenca\/#breadcrumb\",\"itemListElement\":[{\"@type\":\"ListItem\",\"position\":1,\"item\":{\"@type\":\"WebPage\",\"@id\":\"https:\/\/esp.andalucia.com\/blog\/\",\"url\":\"https:\/\/esp.andalucia.com\/blog\/\",\"name\":\"Portada\"}},{\"@type\":\"ListItem\",\"position\":2,\"item\":{\"@type\":\"WebPage\",\"@id\":\"https:\/\/esp.andalucia.com\/blog\/los-origenes-de-la-musica-flamenca\/\",\"url\":\"https:\/\/esp.andalucia.com\/blog\/los-origenes-de-la-musica-flamenca\/\",\"name\":\"Los or\\u00edgenes de la m\\u00fasica flamenca\"}}]},{\"@type\":\"Person\",\"@id\":\"https:\/\/esp.andalucia.com\/blog\/#\/schema\/person\/764d18c08907ea2026c6652dbaa06aeb\",\"name\":\"admin\",\"image\":{\"@type\":\"ImageObject\",\"@id\":\"https:\/\/esp.andalucia.com\/blog\/#personlogo\",\"inLanguage\":\"en-US\",\"url\":\"https:\/\/secure.gravatar.com\/avatar\/483f554353dd1f8b3b9ac7b28ff59e21?s=96&d=mm&r=g\",\"contentUrl\":\"https:\/\/secure.gravatar.com\/avatar\/483f554353dd1f8b3b9ac7b28ff59e21?s=96&d=mm&r=g\",\"caption\":\"admin\"}}]}<\/script>\n<!-- \/ Yoast SEO plugin. -->","jetpack_featured_media_url":"","jetpack_publicize_connections":[],"jetpack_sharing_enabled":true,"jetpack_shortlink":"https:\/\/wp.me\/p7VLto-5E","_links":{"self":[{"href":"https:\/\/esp.andalucia.com\/blog\/wp-json\/wp\/v2\/posts\/350"}],"collection":[{"href":"https:\/\/esp.andalucia.com\/blog\/wp-json\/wp\/v2\/posts"}],"about":[{"href":"https:\/\/esp.andalucia.com\/blog\/wp-json\/wp\/v2\/types\/post"}],"author":[{"embeddable":true,"href":"https:\/\/esp.andalucia.com\/blog\/wp-json\/wp\/v2\/users\/1"}],"replies":[{"embeddable":true,"href":"https:\/\/esp.andalucia.com\/blog\/wp-json\/wp\/v2\/comments?post=350"}],"version-history":[{"count":11,"href":"https:\/\/esp.andalucia.com\/blog\/wp-json\/wp\/v2\/posts\/350\/revisions"}],"predecessor-version":[{"id":361,"href":"https:\/\/esp.andalucia.com\/blog\/wp-json\/wp\/v2\/posts\/350\/revisions\/361"}],"wp:attachment":[{"href":"https:\/\/esp.andalucia.com\/blog\/wp-json\/wp\/v2\/media?parent=350"}],"wp:term":[{"taxonomy":"category","embeddable":true,"href":"https:\/\/esp.andalucia.com\/blog\/wp-json\/wp\/v2\/categories?post=350"},{"taxonomy":"post_tag","embeddable":true,"href":"https:\/\/esp.andalucia.com\/blog\/wp-json\/wp\/v2\/tags?post=350"}],"curies":[{"name":"wp","href":"https:\/\/api.w.org\/{rel}","templated":true}]}}