{"id":343,"date":"2009-10-08T16:42:02","date_gmt":"2009-10-08T16:42:02","guid":{"rendered":"http:\/\/esp.andalucia.com\/blog\/?p=343"},"modified":"2009-10-08T17:34:04","modified_gmt":"2009-10-08T17:34:04","slug":"se-nos-fue-pero-no-para-siempre","status":"publish","type":"post","link":"https:\/\/esp.andalucia.com\/blog\/se-nos-fue-pero-no-para-siempre\/","title":{"rendered":"Se nos fue, pero no para siempre"},"content":{"rendered":"<p>Jos\u00e9 Antonio Mu\u00f1oz Rojas, el poeta andaluz, antequerano para m\u00e1s se\u00f1as, nos ha dejado poco antes de cumplir los 100 a\u00f1os de vida. Se ha ido, pero no para siempre, porque nos queda su obra. Una obra merecedora de reconocimientos como el Premio Nacional de Poes\u00eda por su obra <em>Objetos Perdidos<\/em>,\u00a0 el XI Premio Reina Sof\u00eda de Poes\u00eda Iberoamericana por el conjunto de su obra, Medalla de Honor de la Real Academia de Bellas Artes de San Telmo, Hijo Predilecto de Andaluc\u00eda, Medalla de Oro de la Ciudad de Antequera y, en el 2009, Autor del A\u00f1o, junto a otro poeta andaluz: su tocayo Antonio Machado.<\/p>\n<p>De \u00e9l dijo otro poeta, D\u00e1maso Alonso, en relaci\u00f3n a su obra <em>Las cosas del campo<\/em>, que era &#8220;el libro de prosa m\u00e1s bello y m\u00e1s emocionado que yo he le\u00eddo desde que soy hombre&#8221;. Para muchos otros, esta obra de Mu\u00f1oz Roja publicada en Madrid en 1951, es su obra maestra en prosa.<\/p>\n<p>El &#8216;poeta de lo cotidiano&#8217; de la Generaci\u00f3n del 36 nos ha dejado como legado una extensa obra que encierra, adem\u00e1s de poes\u00eda, ensayos, obras de teatro y traducciones de poetas ingleses como Eliot o Hopkins.<\/p>\n<p>El primer homenaje p\u00f3stumo a Mu\u00f1oz Rojas se est\u00e1 desarrollando estos d\u00edas en su ciudad natal, <a href=\"http:\/\/www.esp.andalucia.com\/provincia\/malaga\/antequera\/antequera.htm\" target=\"_blank\">Antequera<\/a>, con un programa de actos previstos para celebrar el centenario del nacimiento del poeta.\u00a0 Entre otros, el programa incluye un congreso internacional sobre su obra, la exposici\u00f3n <em>Entre otros recuerdos. Jos\u00e9 Antonio Mu\u00f1oz rojas: 100 a\u00f1os<\/em>, en el Centro Cultural Santa Clara y el concierto que la Orquesta Sinf\u00f3nica Provincial de M\u00e1laga ofrecer\u00e1 hoy a las nueve de la noche en la Real Colegiata de Santa Mar\u00eda la Mayor. Tambi\u00e9n en la Real Colegiata, y con el mismo motivo pero ma\u00f1ana, tendr\u00e1 lugar un recital de flamenco de Miguel Poveda.<\/p>\n","protected":false},"excerpt":{"rendered":"<p>Jos\u00e9 Antonio Mu\u00f1oz Rojas, el poeta andaluz, antequerano para m\u00e1s se\u00f1as, nos ha dejado poco antes de cumplir los 100 a\u00f1os de vida. Se ha ido, pero no para siempre, porque nos queda su obra. Una obra merecedora de reconocimientos como el Premio Nacional de Poes\u00eda por su obra Objetos Perdidos,\u00a0 el XI Premio Reina [&hellip;]<\/p>\n","protected":false},"author":1,"featured_media":0,"comment_status":"open","ping_status":"open","sticky":false,"template":"","format":"standard","meta":{"_genesis_hide_title":false,"_genesis_hide_breadcrumbs":false,"_genesis_hide_singular_image":false,"_genesis_hide_footer_widgets":false,"_genesis_custom_body_class":"","_genesis_custom_post_class":"","_genesis_layout":"","spay_email":"","jetpack_publicize_message":"","jetpack_is_tweetstorm":false},"categories":[15,3,12],"tags":[],"yoast_head":"<!-- This site is optimized with the Yoast SEO plugin v16.1 - https:\/\/yoast.com\/wordpress\/plugins\/seo\/ -->\n<title>Se nos fue, pero no para siempre - Blog de Andalucia.com<\/title>\n<link rel=\"canonical\" href=\"https:\/\/esp.andalucia.com\/blog\/se-nos-fue-pero-no-para-siempre\/\" \/>\n<meta property=\"og:locale\" content=\"en_US\" \/>\n<meta property=\"og:type\" content=\"article\" \/>\n<meta property=\"og:title\" content=\"Se nos fue, pero no para siempre - Blog de Andalucia.com\" \/>\n<meta property=\"og:description\" content=\"Jos\u00e9 Antonio Mu\u00f1oz Rojas, el poeta andaluz, antequerano para m\u00e1s se\u00f1as, nos ha dejado poco antes de cumplir los 100 a\u00f1os de vida. Se ha ido, pero no para siempre, porque nos queda su obra. Una obra merecedora de reconocimientos como el Premio Nacional de Poes\u00eda por su obra Objetos Perdidos,\u00a0 el XI Premio Reina [&hellip;]\" \/>\n<meta property=\"og:url\" content=\"https:\/\/esp.andalucia.com\/blog\/se-nos-fue-pero-no-para-siempre\/\" \/>\n<meta property=\"og:site_name\" content=\"Blog de Andalucia.com\" \/>\n<meta property=\"article:published_time\" content=\"2009-10-08T16:42:02+00:00\" \/>\n<meta property=\"article:modified_time\" content=\"2009-10-08T17:34:04+00:00\" \/>\n<meta name=\"twitter:card\" content=\"summary\" \/>\n<meta name=\"twitter:label1\" content=\"Est. reading time\">\n\t<meta name=\"twitter:data1\" content=\"2 minutes\">\n<script type=\"application\/ld+json\" class=\"yoast-schema-graph\">{\"@context\":\"https:\/\/schema.org\",\"@graph\":[{\"@type\":\"WebSite\",\"@id\":\"https:\/\/esp.andalucia.com\/blog\/#website\",\"url\":\"https:\/\/esp.andalucia.com\/blog\/\",\"name\":\"Blog de Andalucia.com\",\"description\":\"Blog de Andalucia\",\"potentialAction\":[{\"@type\":\"SearchAction\",\"target\":\"https:\/\/esp.andalucia.com\/blog\/?s={search_term_string}\",\"query-input\":\"required name=search_term_string\"}],\"inLanguage\":\"en-US\"},{\"@type\":\"WebPage\",\"@id\":\"https:\/\/esp.andalucia.com\/blog\/se-nos-fue-pero-no-para-siempre\/#webpage\",\"url\":\"https:\/\/esp.andalucia.com\/blog\/se-nos-fue-pero-no-para-siempre\/\",\"name\":\"Se nos fue, pero no para siempre - Blog de Andalucia.com\",\"isPartOf\":{\"@id\":\"https:\/\/esp.andalucia.com\/blog\/#website\"},\"datePublished\":\"2009-10-08T16:42:02+00:00\",\"dateModified\":\"2009-10-08T17:34:04+00:00\",\"author\":{\"@id\":\"https:\/\/esp.andalucia.com\/blog\/#\/schema\/person\/764d18c08907ea2026c6652dbaa06aeb\"},\"breadcrumb\":{\"@id\":\"https:\/\/esp.andalucia.com\/blog\/se-nos-fue-pero-no-para-siempre\/#breadcrumb\"},\"inLanguage\":\"en-US\",\"potentialAction\":[{\"@type\":\"ReadAction\",\"target\":[\"https:\/\/esp.andalucia.com\/blog\/se-nos-fue-pero-no-para-siempre\/\"]}]},{\"@type\":\"BreadcrumbList\",\"@id\":\"https:\/\/esp.andalucia.com\/blog\/se-nos-fue-pero-no-para-siempre\/#breadcrumb\",\"itemListElement\":[{\"@type\":\"ListItem\",\"position\":1,\"item\":{\"@type\":\"WebPage\",\"@id\":\"https:\/\/esp.andalucia.com\/blog\/\",\"url\":\"https:\/\/esp.andalucia.com\/blog\/\",\"name\":\"Portada\"}},{\"@type\":\"ListItem\",\"position\":2,\"item\":{\"@type\":\"WebPage\",\"@id\":\"https:\/\/esp.andalucia.com\/blog\/se-nos-fue-pero-no-para-siempre\/\",\"url\":\"https:\/\/esp.andalucia.com\/blog\/se-nos-fue-pero-no-para-siempre\/\",\"name\":\"Se nos fue, pero no para siempre\"}}]},{\"@type\":\"Person\",\"@id\":\"https:\/\/esp.andalucia.com\/blog\/#\/schema\/person\/764d18c08907ea2026c6652dbaa06aeb\",\"name\":\"admin\",\"image\":{\"@type\":\"ImageObject\",\"@id\":\"https:\/\/esp.andalucia.com\/blog\/#personlogo\",\"inLanguage\":\"en-US\",\"url\":\"https:\/\/secure.gravatar.com\/avatar\/483f554353dd1f8b3b9ac7b28ff59e21?s=96&d=mm&r=g\",\"contentUrl\":\"https:\/\/secure.gravatar.com\/avatar\/483f554353dd1f8b3b9ac7b28ff59e21?s=96&d=mm&r=g\",\"caption\":\"admin\"}}]}<\/script>\n<!-- \/ Yoast SEO plugin. -->","jetpack_featured_media_url":"","jetpack_publicize_connections":[],"jetpack_sharing_enabled":true,"jetpack_shortlink":"https:\/\/wp.me\/p7VLto-5x","_links":{"self":[{"href":"https:\/\/esp.andalucia.com\/blog\/wp-json\/wp\/v2\/posts\/343"}],"collection":[{"href":"https:\/\/esp.andalucia.com\/blog\/wp-json\/wp\/v2\/posts"}],"about":[{"href":"https:\/\/esp.andalucia.com\/blog\/wp-json\/wp\/v2\/types\/post"}],"author":[{"embeddable":true,"href":"https:\/\/esp.andalucia.com\/blog\/wp-json\/wp\/v2\/users\/1"}],"replies":[{"embeddable":true,"href":"https:\/\/esp.andalucia.com\/blog\/wp-json\/wp\/v2\/comments?post=343"}],"version-history":[{"count":6,"href":"https:\/\/esp.andalucia.com\/blog\/wp-json\/wp\/v2\/posts\/343\/revisions"}],"predecessor-version":[{"id":349,"href":"https:\/\/esp.andalucia.com\/blog\/wp-json\/wp\/v2\/posts\/343\/revisions\/349"}],"wp:attachment":[{"href":"https:\/\/esp.andalucia.com\/blog\/wp-json\/wp\/v2\/media?parent=343"}],"wp:term":[{"taxonomy":"category","embeddable":true,"href":"https:\/\/esp.andalucia.com\/blog\/wp-json\/wp\/v2\/categories?post=343"},{"taxonomy":"post_tag","embeddable":true,"href":"https:\/\/esp.andalucia.com\/blog\/wp-json\/wp\/v2\/tags?post=343"}],"curies":[{"name":"wp","href":"https:\/\/api.w.org\/{rel}","templated":true}]}}