{"id":265,"date":"2009-08-12T19:21:15","date_gmt":"2009-08-12T19:21:15","guid":{"rendered":"http:\/\/esp.andalucia.com\/blog\/?p=265"},"modified":"2009-08-25T07:43:00","modified_gmt":"2009-08-25T07:43:00","slug":"noche-del-vino-de-competa","status":"publish","type":"post","link":"https:\/\/esp.andalucia.com\/blog\/noche-del-vino-de-competa\/","title":{"rendered":"Noche del vino de C\u00f3mpeta"},"content":{"rendered":"<p>Con esta edici\u00f3n ser\u00e1n 34 a\u00f1os las que se viene celebrando esta fiesta estival en el municipio de <a href=\"http:\/\/www.esp.andalucia.com\/provincia\/malaga\/axarquia\/competa.htm\" target=\"_blank\">C\u00f3mpeta<\/a>, en la <a href=\"http:\/\/www.esp.andalucia.com\/provincia\/malaga\/axarquia.htm\" target=\"_blank\">Axaqu\u00eda<\/a> malague\u00f1a. Ser\u00e1 el pr\u00f3ximo <strong>s\u00e1bado 15 de agosto<\/strong>, y se espera que acudan a la llamada de Baco unas 10.000 personas.<\/p>\n<p>El <a href=\"http:\/\/www.esp.andalucia.com\/gastronomia\/vinosdeandalucia\/vinosandaluces.htm\" target=\"_blank\">vino<\/a> que recorrer\u00e1 las calles compete\u00f1a ser\u00e1 unos 5.000 litros, en una celebraci\u00f3n que es de las m\u00e1s antiguas de la provincia. En este municipio una de las actividades econ\u00f3micas m\u00e1s presentes es, precisamente, la elaboraci\u00f3n de un vino que posee una personalidad propia con un sabor muy caracter\u00edstico.<\/p>\n<p>Se atribuye el origen de este evento a la fiesta que organizaban los agricultores, como despedida, antes de partir a la recolecci\u00f3n de la uva.<\/p>\n<p>En la Plaza de la Vendimia por la ma\u00f1ana del s\u00e1bado se proceder\u00e1 a la pisa de la uva, con Jes\u00fas Mora Calle, diputado del \u00c1rea de Desarrollo y Promoci\u00f3n Territorial, como &#8220;pisador\u00a0 de honor&#8221;. A las 14:00 horas habr\u00e1 un almuerzo a base de migas de harina regadas con vino del lugar y uvas.<\/p>\n<p>Ca\u00edda la noche, Luciano Alonso, consejero de Turismo, Comercio y Deporte, dar\u00e1 el preg\u00f3n de las fiestas. Despu\u00e9s se har\u00e1 entrega de los premios &#8220;Uvas de Plata&#8221; a personas que han sido reconocidas por el municipio. Habr\u00e1 actuaciones de pandas de verdiales de Periana, grupos de baile y Fandangos de C\u00f3mpeta.<\/p>\n<p>La fiesta nocturna tendr\u00e1 un hueco para homenajear a Antonio Jim\u00e9nez Gonz\u00e1lez &#8220;Antonio de Canillas&#8221;, con actuaciones del Cuadro de flamenco Jos\u00e9 Lucena y el cante de Ca\u00f1eta de M\u00e1laga, Antonio Canillas y la Pe\u00f1a Flamenca de Huelva.<\/p>\n<p>Si quieren pasar una agradable noche con, actuaciones, vino y gastronom\u00eda local, en un marco incomparable, nos vemos en la XXXIV &#8220;Noche del Vino&#8221; de C\u00f3mpeta.<\/p>\n<p>Si desea ver el programa completo visite: <a href=\"http:\/\/www.esp.andalucia.com\/eventos\/moreinfo.php?id=10872\" target=\"_blank\">http:\/\/www.esp.andalucia.com\/eventos\/<\/a><\/p>\n","protected":false},"excerpt":{"rendered":"<p>Con esta edici\u00f3n ser\u00e1n 34 a\u00f1os las que se viene celebrando esta fiesta estival en el municipio de C\u00f3mpeta, en la Axaqu\u00eda malague\u00f1a. Ser\u00e1 el pr\u00f3ximo s\u00e1bado 15 de agosto, y se espera que acudan a la llamada de Baco unas 10.000 personas. El vino que recorrer\u00e1 las calles compete\u00f1a ser\u00e1 unos 5.000 litros, en [&hellip;]<\/p>\n","protected":false},"author":1,"featured_media":0,"comment_status":"open","ping_status":"open","sticky":false,"template":"","format":"standard","meta":{"_genesis_hide_title":false,"_genesis_hide_breadcrumbs":false,"_genesis_hide_singular_image":false,"_genesis_hide_footer_widgets":false,"_genesis_custom_body_class":"","_genesis_custom_post_class":"","_genesis_layout":"","spay_email":"","jetpack_publicize_message":"","jetpack_is_tweetstorm":false},"categories":[3,16,9,8,23,11],"tags":[],"yoast_head":"<!-- This site is optimized with the Yoast SEO plugin v16.1 - https:\/\/yoast.com\/wordpress\/plugins\/seo\/ -->\n<title>Noche del vino de C\u00f3mpeta - Blog de Andalucia.com<\/title>\n<link rel=\"canonical\" href=\"https:\/\/esp.andalucia.com\/blog\/noche-del-vino-de-competa\/\" \/>\n<meta property=\"og:locale\" content=\"en_US\" \/>\n<meta property=\"og:type\" content=\"article\" \/>\n<meta property=\"og:title\" content=\"Noche del vino de C\u00f3mpeta - Blog de Andalucia.com\" \/>\n<meta property=\"og:description\" content=\"Con esta edici\u00f3n ser\u00e1n 34 a\u00f1os las que se viene celebrando esta fiesta estival en el municipio de C\u00f3mpeta, en la Axaqu\u00eda malague\u00f1a. Ser\u00e1 el pr\u00f3ximo s\u00e1bado 15 de agosto, y se espera que acudan a la llamada de Baco unas 10.000 personas. El vino que recorrer\u00e1 las calles compete\u00f1a ser\u00e1 unos 5.000 litros, en [&hellip;]\" \/>\n<meta property=\"og:url\" content=\"https:\/\/esp.andalucia.com\/blog\/noche-del-vino-de-competa\/\" \/>\n<meta property=\"og:site_name\" content=\"Blog de Andalucia.com\" \/>\n<meta property=\"article:published_time\" content=\"2009-08-12T19:21:15+00:00\" \/>\n<meta property=\"article:modified_time\" content=\"2009-08-25T07:43:00+00:00\" \/>\n<meta name=\"twitter:card\" content=\"summary\" \/>\n<meta name=\"twitter:label1\" content=\"Est. reading time\">\n\t<meta name=\"twitter:data1\" content=\"2 minutes\">\n<script type=\"application\/ld+json\" class=\"yoast-schema-graph\">{\"@context\":\"https:\/\/schema.org\",\"@graph\":[{\"@type\":\"WebSite\",\"@id\":\"https:\/\/esp.andalucia.com\/blog\/#website\",\"url\":\"https:\/\/esp.andalucia.com\/blog\/\",\"name\":\"Blog de Andalucia.com\",\"description\":\"Blog de Andalucia\",\"potentialAction\":[{\"@type\":\"SearchAction\",\"target\":\"https:\/\/esp.andalucia.com\/blog\/?s={search_term_string}\",\"query-input\":\"required name=search_term_string\"}],\"inLanguage\":\"en-US\"},{\"@type\":\"WebPage\",\"@id\":\"https:\/\/esp.andalucia.com\/blog\/noche-del-vino-de-competa\/#webpage\",\"url\":\"https:\/\/esp.andalucia.com\/blog\/noche-del-vino-de-competa\/\",\"name\":\"Noche del vino de C\\u00f3mpeta - Blog de Andalucia.com\",\"isPartOf\":{\"@id\":\"https:\/\/esp.andalucia.com\/blog\/#website\"},\"datePublished\":\"2009-08-12T19:21:15+00:00\",\"dateModified\":\"2009-08-25T07:43:00+00:00\",\"author\":{\"@id\":\"https:\/\/esp.andalucia.com\/blog\/#\/schema\/person\/764d18c08907ea2026c6652dbaa06aeb\"},\"breadcrumb\":{\"@id\":\"https:\/\/esp.andalucia.com\/blog\/noche-del-vino-de-competa\/#breadcrumb\"},\"inLanguage\":\"en-US\",\"potentialAction\":[{\"@type\":\"ReadAction\",\"target\":[\"https:\/\/esp.andalucia.com\/blog\/noche-del-vino-de-competa\/\"]}]},{\"@type\":\"BreadcrumbList\",\"@id\":\"https:\/\/esp.andalucia.com\/blog\/noche-del-vino-de-competa\/#breadcrumb\",\"itemListElement\":[{\"@type\":\"ListItem\",\"position\":1,\"item\":{\"@type\":\"WebPage\",\"@id\":\"https:\/\/esp.andalucia.com\/blog\/\",\"url\":\"https:\/\/esp.andalucia.com\/blog\/\",\"name\":\"Portada\"}},{\"@type\":\"ListItem\",\"position\":2,\"item\":{\"@type\":\"WebPage\",\"@id\":\"https:\/\/esp.andalucia.com\/blog\/noche-del-vino-de-competa\/\",\"url\":\"https:\/\/esp.andalucia.com\/blog\/noche-del-vino-de-competa\/\",\"name\":\"Noche del vino de C\\u00f3mpeta\"}}]},{\"@type\":\"Person\",\"@id\":\"https:\/\/esp.andalucia.com\/blog\/#\/schema\/person\/764d18c08907ea2026c6652dbaa06aeb\",\"name\":\"admin\",\"image\":{\"@type\":\"ImageObject\",\"@id\":\"https:\/\/esp.andalucia.com\/blog\/#personlogo\",\"inLanguage\":\"en-US\",\"url\":\"https:\/\/secure.gravatar.com\/avatar\/483f554353dd1f8b3b9ac7b28ff59e21?s=96&d=mm&r=g\",\"contentUrl\":\"https:\/\/secure.gravatar.com\/avatar\/483f554353dd1f8b3b9ac7b28ff59e21?s=96&d=mm&r=g\",\"caption\":\"admin\"}}]}<\/script>\n<!-- \/ Yoast SEO plugin. -->","jetpack_featured_media_url":"","jetpack_publicize_connections":[],"jetpack_sharing_enabled":true,"jetpack_shortlink":"https:\/\/wp.me\/p7VLto-4h","_links":{"self":[{"href":"https:\/\/esp.andalucia.com\/blog\/wp-json\/wp\/v2\/posts\/265"}],"collection":[{"href":"https:\/\/esp.andalucia.com\/blog\/wp-json\/wp\/v2\/posts"}],"about":[{"href":"https:\/\/esp.andalucia.com\/blog\/wp-json\/wp\/v2\/types\/post"}],"author":[{"embeddable":true,"href":"https:\/\/esp.andalucia.com\/blog\/wp-json\/wp\/v2\/users\/1"}],"replies":[{"embeddable":true,"href":"https:\/\/esp.andalucia.com\/blog\/wp-json\/wp\/v2\/comments?post=265"}],"version-history":[{"count":10,"href":"https:\/\/esp.andalucia.com\/blog\/wp-json\/wp\/v2\/posts\/265\/revisions"}],"predecessor-version":[{"id":273,"href":"https:\/\/esp.andalucia.com\/blog\/wp-json\/wp\/v2\/posts\/265\/revisions\/273"}],"wp:attachment":[{"href":"https:\/\/esp.andalucia.com\/blog\/wp-json\/wp\/v2\/media?parent=265"}],"wp:term":[{"taxonomy":"category","embeddable":true,"href":"https:\/\/esp.andalucia.com\/blog\/wp-json\/wp\/v2\/categories?post=265"},{"taxonomy":"post_tag","embeddable":true,"href":"https:\/\/esp.andalucia.com\/blog\/wp-json\/wp\/v2\/tags?post=265"}],"curies":[{"name":"wp","href":"https:\/\/api.w.org\/{rel}","templated":true}]}}