{"id":1996,"date":"2018-10-10T09:32:45","date_gmt":"2018-10-10T09:32:45","guid":{"rendered":"http:\/\/esp.andalucia.com\/blog\/?p=1996"},"modified":"2018-10-10T09:37:57","modified_gmt":"2018-10-10T09:37:57","slug":"garcia-ryder-cup-valderrama-masters","status":"publish","type":"post","link":"https:\/\/esp.andalucia.com\/blog\/garcia-ryder-cup-valderrama-masters\/","title":{"rendered":"Sergio Garc\u00eda, la Ryder Cup y el Andaluc\u00eda Valderrama Masters, m\u00e1s all\u00e1 de las cifras"},"content":{"rendered":"<figure id=\"attachment_1997\" aria-describedby=\"caption-attachment-1997\" style=\"width: 800px\" class=\"wp-caption alignnone\"><img loading=\"lazy\" class=\"size-full wp-image-1997\" src=\"http:\/\/esp.andalucia.com\/blog\/wp-content\/uploads\/Sergio-Garc\u00eda-1-RC2018GettyImages-small.jpg\" alt=\"\" width=\"800\" height=\"533\" srcset=\"https:\/\/esp.andalucia.com\/blog\/wp-content\/uploads\/Sergio-Garc\u00eda-1-RC2018GettyImages-small.jpg 800w, https:\/\/esp.andalucia.com\/blog\/wp-content\/uploads\/Sergio-Garc\u00eda-1-RC2018GettyImages-small-300x200.jpg 300w, https:\/\/esp.andalucia.com\/blog\/wp-content\/uploads\/Sergio-Garc\u00eda-1-RC2018GettyImages-small-768x512.jpg 768w\" sizes=\"(max-width: 800px) 100vw, 800px\" \/><figcaption id=\"caption-attachment-1997\" class=\"wp-caption-text\">PARIS, FRANCE &#8211; SEPTEMBER 30: Sergio Garcia of Spain and the European Team raises the Ryder Cuo after their 17.5-10.5 win over the United States during the singles matches of the 2018 Ryder Cup at Le Golf National on September 30, 2018 in Paris, France. (Photo by David Cannon\/Getty Images)<\/figcaption><\/figure>\n<p><em>por\u00a0Mar\u00eda Acacia L\u00f3pez-Bachiller<\/em><\/p>\n<p><strong>El Andaluc\u00eda Valderrama Masters &#8211; Fundaci\u00f3n Sergio Garc\u00eda, que se celebrar\u00e1 del 18 al 21 de octubre en el Real Club Valderrama, servir\u00e1 de escenario para el reencuentro entre Sergio Garc\u00eda, el European Tour y el Real Club Valderrama apenas unas semanas despu\u00e9s de que el jugador de Borriol se convirtiera en el plusmarquista hist\u00f3rico en puntos de la Ryder Cup. Esta haza\u00f1a, no obstante, trasciende las cifras, igual que la implicaci\u00f3n de Sergio en el torneo espa\u00f1ol va mucho m\u00e1s all\u00e1 de su mera presencia en el mismo.<\/strong><\/p>\n<p><strong>\u00a0<\/strong>Suele decirse que las estad\u00edsticas no reflejan toda la verdad, que en ocasiones son un mero corte en secci\u00f3n de la realidad y que no ofrecen m\u00e1s que una fotograf\u00eda borrosa de un instante determinado. Sin embargo, que Sergio Garc\u00eda se convirtiera en la pasada Ryder Cup, en el golfista que m\u00e1s puntos ha conseguido en la historia de la competici\u00f3n desde su fundaci\u00f3n en 1927 es la consecuencia l\u00f3gica de casi dos d\u00e9cadas de triunfos en un torneo que premia el car\u00e1cter y el trabajo colectivo. Aun as\u00ed, el castellonense es consciente del valor relativo que tienen los logros individuales en un torneo en el que prima el equipo, y por eso restaba importancia a la posible consecuci\u00f3n de su r\u00e9cord al principio de la semana.<\/p>\n<p><em>\u201cNo pienso en batir r\u00e9cords, ni me lo planteo. Si yo consigo batirlo y perdemos la Ryder Cup, ser\u00eda in\u00fatil y no tendr\u00eda ning\u00fan valor para m\u00ed. Lo importante es sumar puntos para el equipo y que entre todos recuperemos la copa para Europa. Somos un equipo y eso es lo que importa\u201d.<\/em><\/p>\n<p>Garc\u00eda llegaba como elecci\u00f3n personal del capit\u00e1n, Thomas Bj\u00f6rn, y con su novena aparici\u00f3n superaba en una a su h\u00e9roe de la ni\u00f1ez, Seve Ballesteros, como espa\u00f1ol con m\u00e1s participaciones en el torneo (en 2010 fue vicecapit\u00e1n). En la distancia volv\u00eda a producirse el relevo que ambos ya protagonizaron dos a\u00f1os despu\u00e9s de que el as c\u00e1ntabro capitaneara al combinado europeo en Valderrama. En Brookline, en 1999, Garc\u00eda debut\u00f3 (batiendo el r\u00e9cord de precocidad en la Ryder Cup) y los europeos encajaron una dura derrota, pero el espa\u00f1ol ya exhibi\u00f3 esa combinaci\u00f3n de talento y coraz\u00f3n que le ha convertido en el alma del equipo europeo. Si la irrupci\u00f3n de Ballesteros, que junto a Antonio Garrido abri\u00f3 las puertas en la selecci\u00f3n de golfistas continentales para la Ryder Cup, cambi\u00f3 el rumbo de la competici\u00f3n, la presencia de Sergio Garc\u00eda ha sido imprescindible para afianzar el dominio europeo durante las dos \u00faltimas d\u00e9cadas.<\/p>\n<p>Adem\u00e1s de dar la cara en los cruces individuales, Garc\u00eda ha sabido complementarse con sus compa\u00f1eros y encumbrarlos, contagi\u00e1ndoles su entusiasmo para llevarlos en volandas. Son muchos los que se han beneficiado del \u201cefecto Garc\u00eda\u201d, desde Lee Westwood o Luke Donald hasta Rory McIlroy o Alex Noren, sus parejas en esta \u00faltima edici\u00f3n.<\/p>\n<p>&nbsp;<\/p>\n<figure id=\"attachment_2001\" aria-describedby=\"caption-attachment-2001\" style=\"width: 800px\" class=\"wp-caption alignnone\"><img loading=\"lazy\" class=\"size-full wp-image-2001\" src=\"http:\/\/esp.andalucia.com\/blog\/wp-content\/uploads\/Garc\u00eda-y-McIlroy-RC2018GettyImages-small.jpg\" alt=\"\" width=\"800\" height=\"533\" srcset=\"https:\/\/esp.andalucia.com\/blog\/wp-content\/uploads\/Garc\u00eda-y-McIlroy-RC2018GettyImages-small.jpg 800w, https:\/\/esp.andalucia.com\/blog\/wp-content\/uploads\/Garc\u00eda-y-McIlroy-RC2018GettyImages-small-300x200.jpg 300w, https:\/\/esp.andalucia.com\/blog\/wp-content\/uploads\/Garc\u00eda-y-McIlroy-RC2018GettyImages-small-768x512.jpg 768w\" sizes=\"(max-width: 800px) 100vw, 800px\" \/><figcaption id=\"caption-attachment-2001\" class=\"wp-caption-text\">PARIS, FRANCE &#8211; SEPTEMBER 29: Rory McIlroy and Sergio Garcia celebrate on the 6th green during the morning fourball matches of the 2018 Ryder Cup at Le Golf National on September 29, 2018 in Paris, France. (Photo by Richard Heathcote\/Getty Images)<\/figcaption><\/figure>\n<p>Los 25,5 puntos que figuran en su palmar\u00e9s son el resumen perfecto de su trascendencia en la Ryder Cup. Aun as\u00ed, una vez conseguida la victoria, Sergio segu\u00eda anteponiendo el triunfo colectivo y volv\u00eda a agradecer a Thomas Bj\u00f6rn que le hubiera brindado la oportunidad de jugar en Par\u00eds.<\/p>\n<p><em>\u201cFue incre\u00edble, nunca pens\u00e9 que lo conseguir\u00eda, pero, como he dicho en muchas ocasiones, el r\u00e9cord no habr\u00eda servido de nada si no hubi\u00e9ramos ganado. Ser el m\u00e1ximo anotador es una gran satisfacci\u00f3n y un orgullo, pero estoy mucho m\u00e1s orgulloso y feliz por haber ayudado al equipo a ganar la Ryder Cup. No suelo llorar, pero no pude evitarlo. Me vinieron a la cabeza muchos momentos, muchas sensaciones. Ha sido un a\u00f1o duro. Siempre estar\u00e9 agradecido a Thomas por haber confiado en m\u00ed y me alegro de no haberle defraudado\u201d. <\/em><\/p>\n<p>En el Real Club Valderrama, en su campo favorito, y en el torneo que auspicia su Fundaci\u00f3n, Garc\u00eda intentar\u00e1 sacar el m\u00e1ximo partido al combustible emocional que se trae de la Ryder Cup para luchar esta vez por un t\u00edtulo individual, el tercero que lograr\u00eda en el Andaluc\u00eda Valderrama Masters.<\/p>\n<figure id=\"attachment_2002\" aria-describedby=\"caption-attachment-2002\" style=\"width: 800px\" class=\"wp-caption alignnone\"><img loading=\"lazy\" class=\"size-full wp-image-2002\" src=\"http:\/\/esp.andalucia.com\/blog\/wp-content\/uploads\/Sergio-Garc\u00eda-2-RC2018GettyImages-small.jpg\" alt=\"\" width=\"800\" height=\"533\" srcset=\"https:\/\/esp.andalucia.com\/blog\/wp-content\/uploads\/Sergio-Garc\u00eda-2-RC2018GettyImages-small.jpg 800w, https:\/\/esp.andalucia.com\/blog\/wp-content\/uploads\/Sergio-Garc\u00eda-2-RC2018GettyImages-small-300x200.jpg 300w, https:\/\/esp.andalucia.com\/blog\/wp-content\/uploads\/Sergio-Garc\u00eda-2-RC2018GettyImages-small-768x512.jpg 768w\" sizes=\"(max-width: 800px) 100vw, 800px\" \/><figcaption id=\"caption-attachment-2002\" class=\"wp-caption-text\">PARIS, FRANCE &#8211; SEPTEMBER 30: Sergio Garcia of Europe plays his shot from the first tee during singles matches of the 2018 Ryder Cup at Le Golf National on September 30, 2018 in Paris, France. (Photo by Andrew Redington\/Getty Images)<\/figcaption><\/figure>\n<p><strong>Entradas para el Andaluc\u00eda Valderrama Masters-Fundaci\u00f3n Sergio Garc\u00eda<\/strong> disponibles <a href=\"http:\/\/www.andaluciavalderramamasters.com\/es\/publico-general\">AQU\u00cd<\/a>. La entrada es gratuita para menores de 14 a\u00f1os siempre que vayan acompa\u00f1ados de un adulto.<\/p>\n<p>El <strong>Andaluc\u00eda Valderrama Masters,<\/strong> torneo valedero para la Carrera a Dub\u00e1i, cuenta con el respaldo de la Consejer\u00eda de Turismo y Deporte de la Junta de Andaluc\u00eda, a trav\u00e9s del Fondo Europeo de Desarrollo Regional de la Uni\u00f3n Europea; la Diputaci\u00f3n de C\u00e1diz, el Ayuntamiento de San Roque y la Real Federaci\u00f3n Andaluza de Golf completan el respaldo institucional. Tambi\u00e9n cuenta con el apoyo de La Reserva de Sotogrande, Rolex, Heineken, Dubai Duty Free, Santander Private Banking, Shell, Exterior Plus y Samsic Iberia. Only Water, Grupo Hospitalario Quir\u00f3nsalud, Coca-Cola, Varma y Korporate Technologies Group son proveedores oficiales.<\/p>\n","protected":false},"excerpt":{"rendered":"<p>por\u00a0Mar\u00eda Acacia L\u00f3pez-Bachiller El Andaluc\u00eda Valderrama Masters &#8211; Fundaci\u00f3n Sergio Garc\u00eda, que se celebrar\u00e1 del 18 al 21 de octubre en el Real Club Valderrama, servir\u00e1 de escenario para el reencuentro entre Sergio Garc\u00eda, el European Tour y el Real Club Valderrama apenas unas semanas despu\u00e9s de que el jugador de Borriol se convirtiera en [&hellip;]<\/p>\n","protected":false},"author":1,"featured_media":1997,"comment_status":"closed","ping_status":"open","sticky":false,"template":"","format":"standard","meta":{"_genesis_hide_title":false,"_genesis_hide_breadcrumbs":false,"_genesis_hide_singular_image":false,"_genesis_hide_footer_widgets":false,"_genesis_custom_body_class":"","_genesis_custom_post_class":"","_genesis_layout":"","spay_email":"","jetpack_publicize_message":"","jetpack_is_tweetstorm":false},"categories":[21,11],"tags":[263,262,260,265,264,202,261,197,248],"yoast_head":"<!-- This site is optimized with the Yoast SEO plugin v16.1 - https:\/\/yoast.com\/wordpress\/plugins\/seo\/ -->\n<title>Sergio Garc\u00eda, la Ryder Cup y el Andaluc\u00eda Valderrama Masters<\/title>\n<meta name=\"description\" content=\"Andaluc\u00eda Valderrama Masters - Fundaci\u00f3n Sergio Garc\u00eda servir\u00e1 de escenario para el reencuentro entre Garc\u00eda, el European Tour y el Real Club Valderrama\" \/>\n<link rel=\"canonical\" href=\"http:\/\/esp.andalucia.com\/blog\/garcia-ryder-cup-valderrama-masters\/\" \/>\n<meta property=\"og:locale\" content=\"en_US\" \/>\n<meta property=\"og:type\" content=\"article\" \/>\n<meta property=\"og:title\" content=\"Sergio Garc\u00eda, la Ryder Cup y el Andaluc\u00eda Valderrama Masters\" \/>\n<meta property=\"og:description\" content=\"Andaluc\u00eda Valderrama Masters - Fundaci\u00f3n Sergio Garc\u00eda servir\u00e1 de escenario para el reencuentro entre Garc\u00eda, el European Tour y el Real Club Valderrama\" \/>\n<meta property=\"og:url\" content=\"http:\/\/esp.andalucia.com\/blog\/garcia-ryder-cup-valderrama-masters\/\" \/>\n<meta property=\"og:site_name\" content=\"Blog de Andalucia.com\" \/>\n<meta property=\"article:published_time\" content=\"2018-10-10T09:32:45+00:00\" \/>\n<meta property=\"article:modified_time\" content=\"2018-10-10T09:37:57+00:00\" \/>\n<meta property=\"og:image\" content=\"https:\/\/esp.andalucia.com\/blog\/wp-content\/uploads\/Sergio-Garc\u00eda-1-RC2018GettyImages-small.jpg\" \/>\n\t<meta property=\"og:image:width\" content=\"800\" \/>\n\t<meta property=\"og:image:height\" content=\"533\" \/>\n<meta name=\"twitter:card\" content=\"summary\" \/>\n<meta name=\"twitter:label1\" content=\"Est. reading time\">\n\t<meta name=\"twitter:data1\" content=\"5 minutes\">\n<script type=\"application\/ld+json\" class=\"yoast-schema-graph\">{\"@context\":\"https:\/\/schema.org\",\"@graph\":[{\"@type\":\"WebSite\",\"@id\":\"https:\/\/esp.andalucia.com\/blog\/#website\",\"url\":\"https:\/\/esp.andalucia.com\/blog\/\",\"name\":\"Blog de Andalucia.com\",\"description\":\"Blog de Andalucia\",\"potentialAction\":[{\"@type\":\"SearchAction\",\"target\":\"https:\/\/esp.andalucia.com\/blog\/?s={search_term_string}\",\"query-input\":\"required name=search_term_string\"}],\"inLanguage\":\"en-US\"},{\"@type\":\"ImageObject\",\"@id\":\"http:\/\/esp.andalucia.com\/blog\/garcia-ryder-cup-valderrama-masters\/#primaryimage\",\"inLanguage\":\"en-US\",\"url\":\"https:\/\/esp.andalucia.com\/blog\/wp-content\/uploads\/Sergio-Garc\\u00eda-1-RC2018GettyImages-small.jpg\",\"contentUrl\":\"https:\/\/esp.andalucia.com\/blog\/wp-content\/uploads\/Sergio-Garc\\u00eda-1-RC2018GettyImages-small.jpg\",\"width\":800,\"height\":533,\"caption\":\"PARIS, FRANCE - SEPTEMBER 30: Sergio Garcia of Spain and the European Team raises the Ryder Cuo after their 17.5-10.5 win over the United States during the singles matches of the 2018 Ryder Cup at Le Golf National on September 30, 2018 in Paris, France. (Photo by David Cannon\/Getty Images)\"},{\"@type\":\"WebPage\",\"@id\":\"http:\/\/esp.andalucia.com\/blog\/garcia-ryder-cup-valderrama-masters\/#webpage\",\"url\":\"http:\/\/esp.andalucia.com\/blog\/garcia-ryder-cup-valderrama-masters\/\",\"name\":\"Sergio Garc\\u00eda, la Ryder Cup y el Andaluc\\u00eda Valderrama Masters\",\"isPartOf\":{\"@id\":\"https:\/\/esp.andalucia.com\/blog\/#website\"},\"primaryImageOfPage\":{\"@id\":\"http:\/\/esp.andalucia.com\/blog\/garcia-ryder-cup-valderrama-masters\/#primaryimage\"},\"datePublished\":\"2018-10-10T09:32:45+00:00\",\"dateModified\":\"2018-10-10T09:37:57+00:00\",\"author\":{\"@id\":\"https:\/\/esp.andalucia.com\/blog\/#\/schema\/person\/764d18c08907ea2026c6652dbaa06aeb\"},\"description\":\"Andaluc\\u00eda Valderrama Masters - Fundaci\\u00f3n Sergio Garc\\u00eda servir\\u00e1 de escenario para el reencuentro entre Garc\\u00eda, el European Tour y el Real Club Valderrama\",\"breadcrumb\":{\"@id\":\"http:\/\/esp.andalucia.com\/blog\/garcia-ryder-cup-valderrama-masters\/#breadcrumb\"},\"inLanguage\":\"en-US\",\"potentialAction\":[{\"@type\":\"ReadAction\",\"target\":[\"http:\/\/esp.andalucia.com\/blog\/garcia-ryder-cup-valderrama-masters\/\"]}]},{\"@type\":\"BreadcrumbList\",\"@id\":\"http:\/\/esp.andalucia.com\/blog\/garcia-ryder-cup-valderrama-masters\/#breadcrumb\",\"itemListElement\":[{\"@type\":\"ListItem\",\"position\":1,\"item\":{\"@type\":\"WebPage\",\"@id\":\"https:\/\/esp.andalucia.com\/blog\/\",\"url\":\"https:\/\/esp.andalucia.com\/blog\/\",\"name\":\"Portada\"}},{\"@type\":\"ListItem\",\"position\":2,\"item\":{\"@type\":\"WebPage\",\"@id\":\"http:\/\/esp.andalucia.com\/blog\/garcia-ryder-cup-valderrama-masters\/\",\"url\":\"http:\/\/esp.andalucia.com\/blog\/garcia-ryder-cup-valderrama-masters\/\",\"name\":\"Sergio Garc\\u00eda, la Ryder Cup y el Andaluc\\u00eda Valderrama Masters, m\\u00e1s all\\u00e1 de las cifras\"}}]},{\"@type\":\"Person\",\"@id\":\"https:\/\/esp.andalucia.com\/blog\/#\/schema\/person\/764d18c08907ea2026c6652dbaa06aeb\",\"name\":\"admin\",\"image\":{\"@type\":\"ImageObject\",\"@id\":\"https:\/\/esp.andalucia.com\/blog\/#personlogo\",\"inLanguage\":\"en-US\",\"url\":\"https:\/\/secure.gravatar.com\/avatar\/483f554353dd1f8b3b9ac7b28ff59e21?s=96&d=mm&r=g\",\"contentUrl\":\"https:\/\/secure.gravatar.com\/avatar\/483f554353dd1f8b3b9ac7b28ff59e21?s=96&d=mm&r=g\",\"caption\":\"admin\"}}]}<\/script>\n<!-- \/ Yoast SEO plugin. -->","jetpack_featured_media_url":"https:\/\/esp.andalucia.com\/blog\/wp-content\/uploads\/Sergio-Garc\u00eda-1-RC2018GettyImages-small.jpg","jetpack_publicize_connections":[],"jetpack_sharing_enabled":true,"jetpack_shortlink":"https:\/\/wp.me\/p7VLto-wc","_links":{"self":[{"href":"https:\/\/esp.andalucia.com\/blog\/wp-json\/wp\/v2\/posts\/1996"}],"collection":[{"href":"https:\/\/esp.andalucia.com\/blog\/wp-json\/wp\/v2\/posts"}],"about":[{"href":"https:\/\/esp.andalucia.com\/blog\/wp-json\/wp\/v2\/types\/post"}],"author":[{"embeddable":true,"href":"https:\/\/esp.andalucia.com\/blog\/wp-json\/wp\/v2\/users\/1"}],"replies":[{"embeddable":true,"href":"https:\/\/esp.andalucia.com\/blog\/wp-json\/wp\/v2\/comments?post=1996"}],"version-history":[{"count":3,"href":"https:\/\/esp.andalucia.com\/blog\/wp-json\/wp\/v2\/posts\/1996\/revisions"}],"predecessor-version":[{"id":2003,"href":"https:\/\/esp.andalucia.com\/blog\/wp-json\/wp\/v2\/posts\/1996\/revisions\/2003"}],"wp:featuredmedia":[{"embeddable":true,"href":"https:\/\/esp.andalucia.com\/blog\/wp-json\/wp\/v2\/media\/1997"}],"wp:attachment":[{"href":"https:\/\/esp.andalucia.com\/blog\/wp-json\/wp\/v2\/media?parent=1996"}],"wp:term":[{"taxonomy":"category","embeddable":true,"href":"https:\/\/esp.andalucia.com\/blog\/wp-json\/wp\/v2\/categories?post=1996"},{"taxonomy":"post_tag","embeddable":true,"href":"https:\/\/esp.andalucia.com\/blog\/wp-json\/wp\/v2\/tags?post=1996"}],"curies":[{"name":"wp","href":"https:\/\/api.w.org\/{rel}","templated":true}]}}