{"id":1955,"date":"2018-08-13T10:37:39","date_gmt":"2018-08-13T10:37:39","guid":{"rendered":"http:\/\/esp.andalucia.com\/blog\/?p=1955"},"modified":"2018-08-13T10:37:39","modified_gmt":"2018-08-13T10:37:39","slug":"173-veranos-galopando-las-playas-sanlucar-barrameda","status":"publish","type":"post","link":"https:\/\/esp.andalucia.com\/blog\/173-veranos-galopando-las-playas-sanlucar-barrameda\/","title":{"rendered":"173 veranos galopando en las playas de Sanl\u00facar de Barrameda"},"content":{"rendered":"<p><img loading=\"lazy\" class=\"alignnone size-full wp-image-1956\" style=\"line-height: 1.4em;\" src=\"http:\/\/esp.andalucia.com\/blog\/wp-content\/uploads\/Sanlucar_Manuel-de-la-Varga.jpg\" alt=\"\" width=\"1401\" height=\"938\" srcset=\"https:\/\/esp.andalucia.com\/blog\/wp-content\/uploads\/Sanlucar_Manuel-de-la-Varga.jpg 1401w, https:\/\/esp.andalucia.com\/blog\/wp-content\/uploads\/Sanlucar_Manuel-de-la-Varga-300x201.jpg 300w, https:\/\/esp.andalucia.com\/blog\/wp-content\/uploads\/Sanlucar_Manuel-de-la-Varga-768x514.jpg 768w, https:\/\/esp.andalucia.com\/blog\/wp-content\/uploads\/Sanlucar_Manuel-de-la-Varga-1024x686.jpg 1024w\" sizes=\"(max-width: 1401px) 100vw, 1401px\" \/><\/p>\n<p>&nbsp;<\/p>\n<p><strong>Las Carreras de Caballos de Sanl\u00facar son un a\u00f1o m\u00e1s uno de los principales eventos del verano en la provincia de C\u00e1diz<\/strong><\/p>\n<p>&nbsp;<\/p>\n<p>El espect\u00e1culo comienza cuando cae la tarde y baja la marea. Son las carreras de caballos de Sanl\u00facar de Barrameda, aquellas que nacieron hace casi dos siglos, y que est\u00e1n declaradas de inter\u00e9s tur\u00edstico internacional desde 1997.<\/p>\n<p>&nbsp;<\/p>\n<p>Este verano cumplir\u00e1n 173 a\u00f1os de historia y se celebrar\u00e1n del 8 al 10 y del 22 al 24 de agosto con mucha vocaci\u00f3n de futuro, porque hasta los ni\u00f1os organizan apuestas montando originales casetas sobre la playa.<\/p>\n<p>&nbsp;<\/p>\n<p>Las carreras, cita por excelencia del verano, se pueden ver desde los palcos o desde la playa, donde el espect\u00e1culo es gratuito. Un acontecimiento que cada mes de agosto concentra en la ciudad a miles de visitantes que acuden para presenciar en directo las carreras de caballos con el atardecer en Do\u00f1ana de fondo.<\/p>\n<p>&nbsp;<\/p>\n<p>Las fechas atienden al calendario de mareas, ya que los d\u00edas de carreras tienen que coincidir con una buena bajamar para que los caballos puedan competir por la playa con orilla suficiente.<\/p>\n<p>&nbsp;<\/p>\n<p>Durante estos d\u00edas se celebrar\u00e1n 25 carreras de purasangre en este singular hip\u00f3dromo: la arena mojada cuando el mar se retira entre las playas de Bajo de Gu\u00eda y Las Piletas. Y es que la bajamar determina tanto las fechas de las carreras \u2013que var\u00edan cada a\u00f1o- como la hora de comienzo. Los premios este a\u00f1o superan los 180.000 euros.<\/p>\n<p>&nbsp;<\/p>\n<p>El espect\u00e1culo suele empezar sobre las seis y media de la tarde y concluye en torno a las nueve y media de la noche con m\u00e1s de 30.000 personas disfrutando del momento: la puesta de sol, con los caballos galopando por la orilla y el parque nacional de Do\u00f1ana al fondo.<\/p>\n<p>&nbsp;<\/p>\n<p>La Sociedad de Carreras de Caballos, que es la entidad organizadora de este evento, ha instalado un recinto en la l\u00ednea de meta, en el tramo denominado Playa de las Piletas, en el que se podr\u00e1n realizar apuestas sobre las carreras que se ir\u00e1n sucediendo en la playa.<\/p>\n<p><strong>\u00a0<\/strong><\/p>\n<p><strong>Carreras del XIX<\/strong><\/p>\n<p><strong>\u00a0<\/strong><\/p>\n<p>La mitolog\u00eda cuenta que para descansar, el Dios Febos desenganchaba\u00a0 los caballos de fuego de su carroza al llegar a las costas de Sanl\u00facar.<\/p>\n<p>&nbsp;<\/p>\n<p>Algunos historiadores atribuyen el origen de las carreras a las que realizaban los caballos para acarrear el pescado, una hip\u00f3tesis que otros descartan porque aquellas eran de resistencia y no de velocidad al\u00a0 estilo ingl\u00e9s.<\/p>\n","protected":false},"excerpt":{"rendered":"<p>&nbsp; Las Carreras de Caballos de Sanl\u00facar son un a\u00f1o m\u00e1s uno de los principales eventos del verano en la provincia de C\u00e1diz &nbsp; El espect\u00e1culo comienza cuando cae la tarde y baja la marea. Son las carreras de caballos de Sanl\u00facar de Barrameda, aquellas que nacieron hace casi dos siglos, y que est\u00e1n declaradas [&hellip;]<\/p>\n","protected":false},"author":1,"featured_media":0,"comment_status":"open","ping_status":"open","sticky":false,"template":"","format":"standard","meta":{"_genesis_hide_title":false,"_genesis_hide_breadcrumbs":false,"_genesis_hide_singular_image":false,"_genesis_hide_footer_widgets":false,"_genesis_custom_body_class":"","_genesis_custom_post_class":"","_genesis_layout":"","spay_email":"","jetpack_publicize_message":"","jetpack_is_tweetstorm":false},"categories":[21,13,9],"tags":[],"yoast_head":"<!-- This site is optimized with the Yoast SEO plugin v16.1 - https:\/\/yoast.com\/wordpress\/plugins\/seo\/ -->\n<title>173 veranos galopando en las playas de Sanl\u00facar de Barrameda - Blog de Andalucia.com<\/title>\n<link rel=\"canonical\" href=\"https:\/\/esp.andalucia.com\/blog\/173-veranos-galopando-las-playas-sanlucar-barrameda\/\" \/>\n<meta property=\"og:locale\" content=\"en_US\" \/>\n<meta property=\"og:type\" content=\"article\" \/>\n<meta property=\"og:title\" content=\"173 veranos galopando en las playas de Sanl\u00facar de Barrameda - Blog de Andalucia.com\" \/>\n<meta property=\"og:description\" content=\"&nbsp; Las Carreras de Caballos de Sanl\u00facar son un a\u00f1o m\u00e1s uno de los principales eventos del verano en la provincia de C\u00e1diz &nbsp; El espect\u00e1culo comienza cuando cae la tarde y baja la marea. Son las carreras de caballos de Sanl\u00facar de Barrameda, aquellas que nacieron hace casi dos siglos, y que est\u00e1n declaradas [&hellip;]\" \/>\n<meta property=\"og:url\" content=\"https:\/\/esp.andalucia.com\/blog\/173-veranos-galopando-las-playas-sanlucar-barrameda\/\" \/>\n<meta property=\"og:site_name\" content=\"Blog de Andalucia.com\" \/>\n<meta property=\"article:published_time\" content=\"2018-08-13T10:37:39+00:00\" \/>\n<meta property=\"og:image\" content=\"http:\/\/esp.andalucia.com\/blog\/wp-content\/uploads\/Sanlucar_Manuel-de-la-Varga.jpg\" \/>\n<meta name=\"twitter:card\" content=\"summary\" \/>\n<meta name=\"twitter:label1\" content=\"Est. reading time\">\n\t<meta name=\"twitter:data1\" content=\"2 minutes\">\n<script type=\"application\/ld+json\" class=\"yoast-schema-graph\">{\"@context\":\"https:\/\/schema.org\",\"@graph\":[{\"@type\":\"WebSite\",\"@id\":\"https:\/\/esp.andalucia.com\/blog\/#website\",\"url\":\"https:\/\/esp.andalucia.com\/blog\/\",\"name\":\"Blog de Andalucia.com\",\"description\":\"Blog de Andalucia\",\"potentialAction\":[{\"@type\":\"SearchAction\",\"target\":\"https:\/\/esp.andalucia.com\/blog\/?s={search_term_string}\",\"query-input\":\"required name=search_term_string\"}],\"inLanguage\":\"en-US\"},{\"@type\":\"ImageObject\",\"@id\":\"https:\/\/esp.andalucia.com\/blog\/173-veranos-galopando-las-playas-sanlucar-barrameda\/#primaryimage\",\"inLanguage\":\"en-US\",\"url\":\"http:\/\/esp.andalucia.com\/blog\/wp-content\/uploads\/Sanlucar_Manuel-de-la-Varga.jpg\",\"contentUrl\":\"http:\/\/esp.andalucia.com\/blog\/wp-content\/uploads\/Sanlucar_Manuel-de-la-Varga.jpg\"},{\"@type\":\"WebPage\",\"@id\":\"https:\/\/esp.andalucia.com\/blog\/173-veranos-galopando-las-playas-sanlucar-barrameda\/#webpage\",\"url\":\"https:\/\/esp.andalucia.com\/blog\/173-veranos-galopando-las-playas-sanlucar-barrameda\/\",\"name\":\"173 veranos galopando en las playas de Sanl\\u00facar de Barrameda - Blog de Andalucia.com\",\"isPartOf\":{\"@id\":\"https:\/\/esp.andalucia.com\/blog\/#website\"},\"primaryImageOfPage\":{\"@id\":\"https:\/\/esp.andalucia.com\/blog\/173-veranos-galopando-las-playas-sanlucar-barrameda\/#primaryimage\"},\"datePublished\":\"2018-08-13T10:37:39+00:00\",\"dateModified\":\"2018-08-13T10:37:39+00:00\",\"author\":{\"@id\":\"https:\/\/esp.andalucia.com\/blog\/#\/schema\/person\/764d18c08907ea2026c6652dbaa06aeb\"},\"breadcrumb\":{\"@id\":\"https:\/\/esp.andalucia.com\/blog\/173-veranos-galopando-las-playas-sanlucar-barrameda\/#breadcrumb\"},\"inLanguage\":\"en-US\",\"potentialAction\":[{\"@type\":\"ReadAction\",\"target\":[\"https:\/\/esp.andalucia.com\/blog\/173-veranos-galopando-las-playas-sanlucar-barrameda\/\"]}]},{\"@type\":\"BreadcrumbList\",\"@id\":\"https:\/\/esp.andalucia.com\/blog\/173-veranos-galopando-las-playas-sanlucar-barrameda\/#breadcrumb\",\"itemListElement\":[{\"@type\":\"ListItem\",\"position\":1,\"item\":{\"@type\":\"WebPage\",\"@id\":\"https:\/\/esp.andalucia.com\/blog\/\",\"url\":\"https:\/\/esp.andalucia.com\/blog\/\",\"name\":\"Portada\"}},{\"@type\":\"ListItem\",\"position\":2,\"item\":{\"@type\":\"WebPage\",\"@id\":\"https:\/\/esp.andalucia.com\/blog\/173-veranos-galopando-las-playas-sanlucar-barrameda\/\",\"url\":\"https:\/\/esp.andalucia.com\/blog\/173-veranos-galopando-las-playas-sanlucar-barrameda\/\",\"name\":\"173 veranos galopando en las playas de Sanl\\u00facar de Barrameda\"}}]},{\"@type\":\"Person\",\"@id\":\"https:\/\/esp.andalucia.com\/blog\/#\/schema\/person\/764d18c08907ea2026c6652dbaa06aeb\",\"name\":\"admin\",\"image\":{\"@type\":\"ImageObject\",\"@id\":\"https:\/\/esp.andalucia.com\/blog\/#personlogo\",\"inLanguage\":\"en-US\",\"url\":\"https:\/\/secure.gravatar.com\/avatar\/483f554353dd1f8b3b9ac7b28ff59e21?s=96&d=mm&r=g\",\"contentUrl\":\"https:\/\/secure.gravatar.com\/avatar\/483f554353dd1f8b3b9ac7b28ff59e21?s=96&d=mm&r=g\",\"caption\":\"admin\"}}]}<\/script>\n<!-- \/ Yoast SEO plugin. -->","jetpack_featured_media_url":"","jetpack_publicize_connections":[],"jetpack_sharing_enabled":true,"jetpack_shortlink":"https:\/\/wp.me\/p7VLto-vx","_links":{"self":[{"href":"https:\/\/esp.andalucia.com\/blog\/wp-json\/wp\/v2\/posts\/1955"}],"collection":[{"href":"https:\/\/esp.andalucia.com\/blog\/wp-json\/wp\/v2\/posts"}],"about":[{"href":"https:\/\/esp.andalucia.com\/blog\/wp-json\/wp\/v2\/types\/post"}],"author":[{"embeddable":true,"href":"https:\/\/esp.andalucia.com\/blog\/wp-json\/wp\/v2\/users\/1"}],"replies":[{"embeddable":true,"href":"https:\/\/esp.andalucia.com\/blog\/wp-json\/wp\/v2\/comments?post=1955"}],"version-history":[{"count":1,"href":"https:\/\/esp.andalucia.com\/blog\/wp-json\/wp\/v2\/posts\/1955\/revisions"}],"predecessor-version":[{"id":1957,"href":"https:\/\/esp.andalucia.com\/blog\/wp-json\/wp\/v2\/posts\/1955\/revisions\/1957"}],"wp:attachment":[{"href":"https:\/\/esp.andalucia.com\/blog\/wp-json\/wp\/v2\/media?parent=1955"}],"wp:term":[{"taxonomy":"category","embeddable":true,"href":"https:\/\/esp.andalucia.com\/blog\/wp-json\/wp\/v2\/categories?post=1955"},{"taxonomy":"post_tag","embeddable":true,"href":"https:\/\/esp.andalucia.com\/blog\/wp-json\/wp\/v2\/tags?post=1955"}],"curies":[{"name":"wp","href":"https:\/\/api.w.org\/{rel}","templated":true}]}}