{"id":1818,"date":"2017-09-01T10:01:35","date_gmt":"2017-09-01T10:01:35","guid":{"rendered":"http:\/\/esp.andalucia.com\/blog\/?p=1818"},"modified":"2017-09-01T15:48:00","modified_gmt":"2017-09-01T15:48:00","slug":"1818-2","status":"publish","type":"post","link":"https:\/\/esp.andalucia.com\/blog\/1818-2\/","title":{"rendered":"Fiestas t\u00edpicas en Andaluc\u00eda: vino, carreras medievales y noches rom\u00e1nticas."},"content":{"rendered":"<h2>\u00bfEres amante de las fiestas t\u00edpicas en Andaluc\u00eda? \u00bfConoc\u00edas El Cascamorras o el Festival de la Luna Mora?<\/h2>\n<p>Que Andaluc\u00eda est\u00e1 llena de fiestas muy aut\u00e9nticas y tradicionales lo sabe todo el mundo. Tras \u2018la temporada de ferias&#8217; llega el mes de septiembre con fiestas un tanto m\u00e1s particulares. Repasando la oferta de fiestas regionales y tradiciones varias, me encontr\u00e9 con una que sorprendentemente desconoc\u00eda. Y digo sorprendentemente porque tiene todo lo necesario para convertirse en una de esas fiestas \u2018mainstream\u2019 de las que se habla en peque\u00f1os pueblos de Andaluc\u00eda y en grandes pueblos de Australia. Lo curioso es que ni mis amigos \u2018medio grana\u00ednos\u2019 conocen esta carrera\/fiesta.<\/p>\n<h3><strong>\u00a0 \u2018El Cascamorras\u2019<\/strong><\/h3>\n<figure id=\"attachment_1880\" aria-describedby=\"caption-attachment-1880\" style=\"width: 800px\" class=\"wp-caption alignnone\"><img loading=\"lazy\" class=\"size-full wp-image-1880\" src=\"http:\/\/esp.andalucia.com\/blog\/wp-content\/uploads\/MVC160990426Cascamorras-Baza.jpg\" alt=\"Fiestas t\u00edpicas en Andaluc\u00eda: vino, Cascamorras y noches rom\u00e1nticas \u00a9Michelle Chaplow\" width=\"800\" height=\"533\" srcset=\"https:\/\/esp.andalucia.com\/blog\/wp-content\/uploads\/MVC160990426Cascamorras-Baza.jpg 800w, https:\/\/esp.andalucia.com\/blog\/wp-content\/uploads\/MVC160990426Cascamorras-Baza-300x200.jpg 300w, https:\/\/esp.andalucia.com\/blog\/wp-content\/uploads\/MVC160990426Cascamorras-Baza-768x512.jpg 768w\" sizes=\"(max-width: 800px) 100vw, 800px\" \/><figcaption id=\"caption-attachment-1880\" class=\"wp-caption-text\">Baza Cascamorras festival &#8211; Andalucia Spain<\/figcaption><\/figure>\n<p>El <a href=\"http:\/\/esp.andalucia.com\/blog\/category\/ecologia\/\">Cascamorras <\/a>es una fiesta perfecta. En ella se combina el <em>running<\/em>, tan de moda, con armas medievales que se agitan violentamente, sin llegar a impactar en nadie, pero violentamente. Todo empieza con el <a href=\"http:\/\/www.andalucia.com\/guadix\/festival-cascamorras.htm\">Cascamorras<\/a>, un personaje que representa a Juan Pedernal, un ciudadano de Guadix. El bueno de Juan labraba las tierras de Baza all\u00e1 por el siglo XV, cuando encontr\u00f3 una figura de una virgen. Se la intent\u00f3 llevar de vuelta a Guadix, pero los bastetanos le pillaron. Tras ir a juicio se decidi\u00f3 dejar la virgen all\u00ed en <a href=\"http:\/\/www.andalucia.com\/province\/granada\/baza\/home.htm\">Baza <\/a>aunque se la podr\u00edan llevar a <a href=\"http:\/\/www.andalucia.com\/guadix\/home.htm\">Guadix <\/a>durante un d\u00eda al a\u00f1o. Cuando Juan Pedernal, el primer Cascamorras, fue a recogerla, le recibieron a mamporros en Baza, porque all\u00ed no eran de prestar. Pero al volver a Guadix tambi\u00e9n le dieron le\u00f1a por volver con las manos vac\u00edas. Pobre Juan el Cascamorras.<\/p>\n<p><span class=\"embed-youtube\" style=\"text-align:center; display: block;\"><iframe class='youtube-player' width='640' height='360' src='https:\/\/www.youtube.com\/embed\/auBEhDjn14k?version=3&#038;rel=1&#038;showsearch=0&#038;showinfo=1&#038;iv_load_policy=1&#038;fs=1&#038;hl=en-US&#038;autohide=2&#038;start=9&#038;wmode=transparent' allowfullscreen='true' style='border:0;' sandbox='allow-scripts allow-same-origin allow-popups allow-presentation'><\/iframe><\/span><\/p>\n<p><em><u>En la actualidad<\/u><\/em><\/p>\n<p>En el siglo XIX recuperaron la fiesta. Durante la primera semana de septiembre el Cascamorras (un ciudadano electo) corre desde las afueras de Baza al Templo de la Merced intentando no mancharse de aceite de color negro, (aceite quemado) en caso de lograrlo el Cascamorras podr\u00e1 llevarse a la virgen. La cuesti\u00f3n es que bidones de aceite son suministrados para que el gent\u00edo embadurnado de pies a cabeza lo impida. Tres d\u00edas m\u00e1s tarde el Cascamorras es recibido en Guadix con pinturas de agua, almagra y azulete con los que volver\u00e1n a mancharle en represalia por su fracaso. Pobre Cascamorras.<\/p>\n<p>El Cascamorras es fiesta de Inter\u00e9s Tur\u00edstico Nacional desde 2006 y de Inter\u00e9s Tur\u00edstico Internacional desde 2013.<\/p>\n<h3><strong>Festival de la Luna Mora<\/strong><\/h3>\n<p>En Guaro preparan una fiesta para que los amantes de instagram batan r\u00e9cords de followers en tan s\u00f3lo dos d\u00edas.\u00a0#Velas #Andaluc\u00eda #Lunamora #Adosmilvelas.<\/p>\n<figure id=\"attachment_1845\" aria-describedby=\"caption-attachment-1845\" style=\"width: 640px\" class=\"wp-caption alignnone\"><img loading=\"lazy\" class=\"size-full wp-image-1845\" src=\"http:\/\/esp.andalucia.com\/blog\/wp-content\/uploads\/2007-09-16_537.jpg\" alt=\"Fiestas t\u00edpicas en Andaluc\u00eda: vino, Cascamorras y noches rom\u00e1nticas. Fotos cortes\u00eda del Ayto de Guaro\" width=\"640\" height=\"425\" srcset=\"https:\/\/esp.andalucia.com\/blog\/wp-content\/uploads\/2007-09-16_537.jpg 640w, https:\/\/esp.andalucia.com\/blog\/wp-content\/uploads\/2007-09-16_537-300x199.jpg 300w\" sizes=\"(max-width: 640px) 100vw, 640px\" \/><figcaption id=\"caption-attachment-1845\" class=\"wp-caption-text\">Festival de la Luna Mora. Fotos cortes\u00eda del Ayto de Guaro<\/figcaption><\/figure>\n<p>&nbsp;<\/p>\n<p>Un pueblo blanco, de los cl\u00e1sicos de Andaluc\u00eda, iluminado \u00fanicamente bajo la luz de las velas. Un escenario realmente m\u00e1gico en el <a href=\"http:\/\/www.esp.andalucia.com\/ocio\/fiestaslocales\/malaga\/festival-luna-mora.htm\">Festival de la Luna Mora<\/a>. \u00a0Y es que Guaro recrea durante los primeros d\u00edas de Septiembre el ambiente multicultural que la localidad respir\u00f3 hace siglos. Los comerciantes venden sus artesan\u00edas en la plaza del pueblo mientras los m\u00fasicos tocan melod\u00edas \u00e1rabes, andaluzas y sefard\u00edes bajo la luz de m\u00e1s de 20.000 velas. Conciertos, talleres, cuentacuentos, pasacalles entre otros reclamos para visitar un bello pueblo andaluz bajo la luz de las velas. Un ambiente extraordinario para mayores, rom\u00e1nticos y ni\u00f1os.<\/p>\n<figure id=\"attachment_1872\" aria-describedby=\"caption-attachment-1872\" style=\"width: 640px\" class=\"wp-caption alignnone\"><img loading=\"lazy\" class=\"size-full wp-image-1872\" src=\"http:\/\/esp.andalucia.com\/blog\/wp-content\/uploads\/LmoraCollage.jpg\" alt=\"Fiestas t\u00edpicas en Andaluc\u00eda: vino, Cascamorras y noches rom\u00e1nticas. Fotos cortes\u00eda del Ayto Guaro\" width=\"640\" height=\"431\" srcset=\"https:\/\/esp.andalucia.com\/blog\/wp-content\/uploads\/LmoraCollage.jpg 640w, https:\/\/esp.andalucia.com\/blog\/wp-content\/uploads\/LmoraCollage-300x202.jpg 300w\" sizes=\"(max-width: 640px) 100vw, 640px\" \/><figcaption id=\"caption-attachment-1872\" class=\"wp-caption-text\">Festival de la Luna Mora. Fotos cortes\u00eda del Ayto Guaro<\/figcaption><\/figure>\n<h3><\/h3>\n<h3><strong>\u00a0<\/strong><strong>Fiesta de la Vendimia<\/strong><\/h3>\n<p>Beber vino. Hasta aqu\u00ed el porqu\u00e9 aparece esta fiesta en Espa\u00f1a. La Fiesta de la Vendimia obviamente no es una celebraci\u00f3n exclusiva de Andaluc\u00eda\u00a0pero si es especial\u00a0debido a la gran cantidad de localidades vit\u00edcolas que hay en la regi\u00f3n. Entre las m\u00e1s populares de Andaluc\u00eda se encuentran la Fiesta de la Vendimia de Manilva y la de Jerez, coincidiendo con el final de la recogida de la uva en Septiembre.<\/p>\n<h4><em><u>Manilva<\/u><\/em><\/h4>\n<p>Esta localidad celebra en Septiembre una de sus fiestas m\u00e1s antiguas. La Fiesta de la Vendimia es una celebraci\u00f3n que se realiza en honor a la uva, a los agricultores y obviamente al vino. Tras la tradicional \u2018Pisa de la Uva\u2019, el jugo obtenido es ofrecido a visitantes y amigos para su degustaci\u00f3n. La fiesta est\u00e1 acompa\u00f1ada de otros actos folkl\u00f3ricos y culturales como el Festival Flamenco Villa de Manilva.<\/p>\n<figure id=\"attachment_1829\" aria-describedby=\"caption-attachment-1829\" style=\"width: 640px\" class=\"wp-caption alignnone\"><img loading=\"lazy\" class=\"size-full wp-image-1829\" src=\"http:\/\/esp.andalucia.com\/blog\/wp-content\/uploads\/MVC140470019ManilvaGrapesVendimina.jpg\" alt=\"La pisa de uva en Manilva \u00a9Michelle Chaplow. Fiestas t\u00edpicas en Andaluc\u00eda: vino, Cascamorras y noches rom\u00e1nticas\" width=\"640\" height=\"426\" srcset=\"https:\/\/esp.andalucia.com\/blog\/wp-content\/uploads\/MVC140470019ManilvaGrapesVendimina.jpg 640w, https:\/\/esp.andalucia.com\/blog\/wp-content\/uploads\/MVC140470019ManilvaGrapesVendimina-300x200.jpg 300w\" sizes=\"(max-width: 640px) 100vw, 640px\" \/><figcaption id=\"caption-attachment-1829\" class=\"wp-caption-text\">La pisa de uva en Manilva<\/figcaption><\/figure>\n<p>Pr\u00e1cticamente todo el cultivo de la vid manilve\u00f1a est\u00e1 basada en la variedad Moscatel de Alejandr\u00eda. La Fiesta de la Vendimia de Manilva es Fiesta de Inter\u00e9s Tur\u00edstico Provincial.<\/p>\n<h4><em><u>Jerez<\/u><\/em><\/h4>\n<figure id=\"attachment_1858\" aria-describedby=\"caption-attachment-1858\" style=\"width: 203px\" class=\"wp-caption alignleft\"><img loading=\"lazy\" class=\"size-medium wp-image-1858\" src=\"http:\/\/esp.andalucia.com\/blog\/wp-content\/uploads\/Cartel-Feria-Jerez-203x300.jpg\" alt=\"Cartel Feria Jerez\" width=\"203\" height=\"300\" srcset=\"https:\/\/esp.andalucia.com\/blog\/wp-content\/uploads\/Cartel-Feria-Jerez-203x300.jpg 203w, https:\/\/esp.andalucia.com\/blog\/wp-content\/uploads\/Cartel-Feria-Jerez.jpg 406w\" sizes=\"(max-width: 203px) 100vw, 203px\" \/><figcaption id=\"caption-attachment-1858\" class=\"wp-caption-text\">Cartel Feria Jerez<\/figcaption><\/figure>\n<p style=\"text-align: left;\">La Fiesta de la Vendimia de Jerez son palabras mayores, esta celebraci\u00f3n se disfruta durante las dos primeras semanas de septiembre. Jerez festeja\u00a0su vino durante 17 d\u00edas en la que se realizan degustaciones de vinos aut\u00f3ctonos y otros productos de la gastronom\u00eda gaditana, catas y maridajes, conciertos y por supuesto la \u2018pisa de la uva\u2019.<\/p>\n<p style=\"text-align: left;\">Esta comarca de tradici\u00f3n enol\u00f3gica cultiva tres variedades de uva, Palomino, Pedro Xim\u00e9nez y Moscatel. La fiesta jerezana fue declarada Fiesta de Inter\u00e9s Tur\u00edstico de Andaluc\u00eda.<\/p>\n<p>As\u00ed que si no sal\u00eds de casa durante septiembre ser\u00e1 porque no quer\u00e9is, porque planes hay para aventureros, deportistas, borrachines y rom\u00e1nticos. Y vosotros <strong>\u00bfqu\u00e9 fiesta prefer\u00eds?<\/strong><\/p>\n","protected":false},"excerpt":{"rendered":"<p>\u00bfEres amante de las fiestas t\u00edpicas en Andaluc\u00eda? \u00bfConoc\u00edas El Cascamorras o el Festival de la Luna Mora? Que Andaluc\u00eda est\u00e1 llena de fiestas muy aut\u00e9nticas y tradicionales lo sabe todo el mundo. Tras \u2018la temporada de ferias&#8217; llega el mes de septiembre con fiestas un tanto m\u00e1s particulares. Repasando la oferta de fiestas regionales [&hellip;]<\/p>\n","protected":false},"author":23,"featured_media":1880,"comment_status":"open","ping_status":"open","sticky":false,"template":"","format":"standard","meta":{"_genesis_hide_title":false,"_genesis_hide_breadcrumbs":false,"_genesis_hide_singular_image":false,"_genesis_hide_footer_widgets":false,"_genesis_custom_body_class":"","_genesis_custom_post_class":"","_genesis_layout":"","spay_email":"","jetpack_publicize_message":"","jetpack_is_tweetstorm":false},"categories":[15,19,3,21,13,9,8,5,11,22,6,1],"tags":[73,77,192,180,186,122,74,184,182,188,83,183,193,195,194,191,187,190,185,181,189],"yoast_head":"<!-- This site is optimized with the Yoast SEO plugin v16.1 - https:\/\/yoast.com\/wordpress\/plugins\/seo\/ -->\n<title>Fiestas t\u00edpicas en Andaluc\u00eda: vino, Cascamorras y noches rom\u00e1nticas<\/title>\n<meta name=\"description\" content=\"Fiestas t\u00edpicas en Andaluc\u00eda: vino, Cascamorras y noches rom\u00e1nticas. Cascamoraras es una fiesta que tiene todo para ser conocida hasta en Australia\" \/>\n<link rel=\"canonical\" href=\"https:\/\/esp.andalucia.com\/blog\/1818-2\/\" \/>\n<meta property=\"og:locale\" content=\"en_US\" \/>\n<meta property=\"og:type\" content=\"article\" \/>\n<meta property=\"og:title\" content=\"Fiestas t\u00edpicas en Andaluc\u00eda: vino, Cascamorras y noches rom\u00e1nticas\" \/>\n<meta property=\"og:description\" content=\"Fiestas t\u00edpicas en Andaluc\u00eda: vino, Cascamorras y noches rom\u00e1nticas. Cascamoraras es una fiesta que tiene todo para ser conocida hasta en Australia\" \/>\n<meta property=\"og:url\" content=\"https:\/\/esp.andalucia.com\/blog\/1818-2\/\" \/>\n<meta property=\"og:site_name\" content=\"Blog de Andalucia.com\" \/>\n<meta property=\"article:published_time\" content=\"2017-09-01T10:01:35+00:00\" \/>\n<meta property=\"article:modified_time\" content=\"2017-09-01T15:48:00+00:00\" \/>\n<meta property=\"og:image\" content=\"https:\/\/esp.andalucia.com\/blog\/wp-content\/uploads\/MVC160990426Cascamorras-Baza.jpg\" \/>\n\t<meta property=\"og:image:width\" content=\"800\" \/>\n\t<meta property=\"og:image:height\" content=\"533\" \/>\n<meta name=\"twitter:card\" content=\"summary\" \/>\n<meta name=\"twitter:creator\" content=\"@AndresLSheridan\" \/>\n<meta name=\"twitter:label1\" content=\"Est. reading time\">\n\t<meta name=\"twitter:data1\" content=\"5 minutes\">\n<script type=\"application\/ld+json\" class=\"yoast-schema-graph\">{\"@context\":\"https:\/\/schema.org\",\"@graph\":[{\"@type\":\"WebSite\",\"@id\":\"https:\/\/esp.andalucia.com\/blog\/#website\",\"url\":\"https:\/\/esp.andalucia.com\/blog\/\",\"name\":\"Blog de Andalucia.com\",\"description\":\"Blog de Andalucia\",\"potentialAction\":[{\"@type\":\"SearchAction\",\"target\":\"https:\/\/esp.andalucia.com\/blog\/?s={search_term_string}\",\"query-input\":\"required name=search_term_string\"}],\"inLanguage\":\"en-US\"},{\"@type\":\"ImageObject\",\"@id\":\"https:\/\/esp.andalucia.com\/blog\/1818-2\/#primaryimage\",\"inLanguage\":\"en-US\",\"url\":\"https:\/\/esp.andalucia.com\/blog\/wp-content\/uploads\/MVC160990426Cascamorras-Baza.jpg\",\"contentUrl\":\"https:\/\/esp.andalucia.com\/blog\/wp-content\/uploads\/MVC160990426Cascamorras-Baza.jpg\",\"width\":800,\"height\":533,\"caption\":\"Baza Cascamorras festival - Andalucia Spain\"},{\"@type\":\"WebPage\",\"@id\":\"https:\/\/esp.andalucia.com\/blog\/1818-2\/#webpage\",\"url\":\"https:\/\/esp.andalucia.com\/blog\/1818-2\/\",\"name\":\"Fiestas t\\u00edpicas en Andaluc\\u00eda: vino, Cascamorras y noches rom\\u00e1nticas\",\"isPartOf\":{\"@id\":\"https:\/\/esp.andalucia.com\/blog\/#website\"},\"primaryImageOfPage\":{\"@id\":\"https:\/\/esp.andalucia.com\/blog\/1818-2\/#primaryimage\"},\"datePublished\":\"2017-09-01T10:01:35+00:00\",\"dateModified\":\"2017-09-01T15:48:00+00:00\",\"author\":{\"@id\":\"https:\/\/esp.andalucia.com\/blog\/#\/schema\/person\/c131e3b37436e65761fc22b7fea09272\"},\"description\":\"Fiestas t\\u00edpicas en Andaluc\\u00eda: vino, Cascamorras y noches rom\\u00e1nticas. Cascamoraras es una fiesta que tiene todo para ser conocida hasta en Australia\",\"breadcrumb\":{\"@id\":\"https:\/\/esp.andalucia.com\/blog\/1818-2\/#breadcrumb\"},\"inLanguage\":\"en-US\",\"potentialAction\":[{\"@type\":\"ReadAction\",\"target\":[\"https:\/\/esp.andalucia.com\/blog\/1818-2\/\"]}]},{\"@type\":\"BreadcrumbList\",\"@id\":\"https:\/\/esp.andalucia.com\/blog\/1818-2\/#breadcrumb\",\"itemListElement\":[{\"@type\":\"ListItem\",\"position\":1,\"item\":{\"@type\":\"WebPage\",\"@id\":\"https:\/\/esp.andalucia.com\/blog\/\",\"url\":\"https:\/\/esp.andalucia.com\/blog\/\",\"name\":\"Portada\"}},{\"@type\":\"ListItem\",\"position\":2,\"item\":{\"@type\":\"WebPage\",\"@id\":\"https:\/\/esp.andalucia.com\/blog\/1818-2\/\",\"url\":\"https:\/\/esp.andalucia.com\/blog\/1818-2\/\",\"name\":\"Fiestas t\\u00edpicas en Andaluc\\u00eda: vino, carreras medievales y noches rom\\u00e1nticas.\"}}]},{\"@type\":\"Person\",\"@id\":\"https:\/\/esp.andalucia.com\/blog\/#\/schema\/person\/c131e3b37436e65761fc22b7fea09272\",\"name\":\"Andres Lopez Sheridan\",\"image\":{\"@type\":\"ImageObject\",\"@id\":\"https:\/\/esp.andalucia.com\/blog\/#personlogo\",\"inLanguage\":\"en-US\",\"url\":\"https:\/\/secure.gravatar.com\/avatar\/8361596112b8f90c6831a900afefd08a?s=96&d=mm&r=g\",\"contentUrl\":\"https:\/\/secure.gravatar.com\/avatar\/8361596112b8f90c6831a900afefd08a?s=96&d=mm&r=g\",\"caption\":\"Andres Lopez Sheridan\"},\"sameAs\":[\"http:\/\/andalucia.com\",\"https:\/\/twitter.com\/AndresLSheridan\"]}]}<\/script>\n<!-- \/ Yoast SEO plugin. -->","jetpack_featured_media_url":"https:\/\/esp.andalucia.com\/blog\/wp-content\/uploads\/MVC160990426Cascamorras-Baza.jpg","jetpack_publicize_connections":[],"jetpack_sharing_enabled":true,"jetpack_shortlink":"https:\/\/wp.me\/p7VLto-tk","_links":{"self":[{"href":"https:\/\/esp.andalucia.com\/blog\/wp-json\/wp\/v2\/posts\/1818"}],"collection":[{"href":"https:\/\/esp.andalucia.com\/blog\/wp-json\/wp\/v2\/posts"}],"about":[{"href":"https:\/\/esp.andalucia.com\/blog\/wp-json\/wp\/v2\/types\/post"}],"author":[{"embeddable":true,"href":"https:\/\/esp.andalucia.com\/blog\/wp-json\/wp\/v2\/users\/23"}],"replies":[{"embeddable":true,"href":"https:\/\/esp.andalucia.com\/blog\/wp-json\/wp\/v2\/comments?post=1818"}],"version-history":[{"count":34,"href":"https:\/\/esp.andalucia.com\/blog\/wp-json\/wp\/v2\/posts\/1818\/revisions"}],"predecessor-version":[{"id":1881,"href":"https:\/\/esp.andalucia.com\/blog\/wp-json\/wp\/v2\/posts\/1818\/revisions\/1881"}],"wp:featuredmedia":[{"embeddable":true,"href":"https:\/\/esp.andalucia.com\/blog\/wp-json\/wp\/v2\/media\/1880"}],"wp:attachment":[{"href":"https:\/\/esp.andalucia.com\/blog\/wp-json\/wp\/v2\/media?parent=1818"}],"wp:term":[{"taxonomy":"category","embeddable":true,"href":"https:\/\/esp.andalucia.com\/blog\/wp-json\/wp\/v2\/categories?post=1818"},{"taxonomy":"post_tag","embeddable":true,"href":"https:\/\/esp.andalucia.com\/blog\/wp-json\/wp\/v2\/tags?post=1818"}],"curies":[{"name":"wp","href":"https:\/\/api.w.org\/{rel}","templated":true}]}}