{"id":1780,"date":"2017-08-25T11:37:18","date_gmt":"2017-08-25T11:37:18","guid":{"rendered":"http:\/\/esp.andalucia.com\/blog\/?p=1780"},"modified":"2017-08-25T11:37:18","modified_gmt":"2017-08-25T11:37:18","slug":"la-diputacion-presenta-la-35-semana-cultural-san-juan-del-puerto","status":"publish","type":"post","link":"https:\/\/esp.andalucia.com\/blog\/la-diputacion-presenta-la-35-semana-cultural-san-juan-del-puerto\/","title":{"rendered":"La Diputaci\u00f3n presenta la 35 Semana Cultural de San Juan del Puerto"},"content":{"rendered":"<h6 style=\"text-align: left;\"><em>Nota de prensa-Diputaci\u00f3n presenta 35 Semana Cultural San Juan Puerto<\/em><\/h6>\n<h2><strong><em>Los actos de la Semana Cultural arrancan este lunes en San Juan del Puerto con las inauguraciones de las exposiciones y la danza internacional llegada desde Costa Rica y Ucrania\u00a0<\/em><\/strong><\/h2>\n<figure id=\"attachment_1800\" aria-describedby=\"caption-attachment-1800\" style=\"width: 640px\" class=\"wp-caption alignnone\"><img loading=\"lazy\" class=\"size-full wp-image-1800\" src=\"http:\/\/esp.andalucia.com\/blog\/wp-content\/uploads\/sanJuandelPuerto.jpg\" alt=\"Diputaci\u00f3n presenta 35 Semana Cultural San Juan Puerto\" width=\"640\" height=\"457\" \/><figcaption id=\"caption-attachment-1800\" class=\"wp-caption-text\">Fiestas de San Juan del Puerto<\/figcaption><\/figure>\n<p>La <strong>Diputaci\u00f3n Provincial de Huelva<\/strong>\u00a0realiza la presentaci\u00f3n<strong>\u00a0oficial de los actos de la 35 Semana Cultural<\/strong>\u00a0de\u00a0<a href=\"http:\/\/www.esp.andalucia.com\/provincia\/huelva\/el-condado\/san-juan-del-puerto.htm\">San Juan del Puerto<\/a>\u00a0 que se celebrar\u00e1 desde este pr\u00f3ximo lunes 28 de agosto y hasta el domingo 3 de septiembre. La diputada provincial Aurora V\u00e9lez, en conferencia de prensa, ha comparecido ante los periodistas junto a la alcaldesa Roc\u00edo C\u00e1rdenas y el concejal de Cultura Juan Mart\u00ednez Toro. Los intervinientes han invitado a toda la provincia a que se sume a una programaci\u00f3n que pondr\u00e1 el broche en el municipio a las actividades de la estaci\u00f3n estival Diputaci\u00f3n presenta 35 Semana Cultural San Juan Puerto.<\/p>\n<p>&nbsp;<\/p>\n<p>En sus palabras, Aurora V\u00e9lez reconoci\u00f3 la estrecha colaboraci\u00f3n que viene prestando la Diputaci\u00f3n en los lugares colombinos, m\u00e1xime este a\u00f1o con la celebraci\u00f3n del 525 aniversario \u2018Encuentro entre dos mundos\u2019. Respecto a la Semana Cultural, la diputada y tambi\u00e9n concejal en el Ayuntamiento sanjuanero dijo estar consolidada, felicit\u00f3 a la alcaldesa y concejal por los cambios introducidos en los \u00faltimos a\u00f1os e invit\u00f3 a la provincia a que se acerque estos d\u00edas a visitar San Juan del Puerto.<\/p>\n<p>&nbsp;<\/p>\n<p>Diputaci\u00f3n presenta de la 35 semana cultural de San Juan del Puerto, la alcaldesa Roc\u00edo C\u00e1rdenas que habl\u00f3 del car\u00e1cter universal que debe tener el acceso a la cultura \u201ccomo veh\u00edculo igualitario que nos une\u201d \u2013dijo. \u201cSer\u00e1n unas noches magn\u00edficas donde los sanjuaneros disfrutar\u00e1n de la oferta elaborada por el departamento municipal de Cultura\u201d -agreg\u00f3. Agradeci\u00f3 el apoyo y la implicaci\u00f3n de la Diputaci\u00f3n Provincial al tener dicha programaci\u00f3n \u201ccon gui\u00f1os al 525 aniversario que venimos celebrando durante todo este a\u00f1o\u201d \u2013expres\u00f3. La primera edil se\u00f1al\u00f3 que San Juan del Puerto se mostrar\u00e1 al mundo durante toda esta semana desde el prisma de la cultura \u201ccon ella nos acercaremos incluso m\u00e1s a nuestro r\u00edo ubicando en la Plaza de la Marina y calle R\u00edo actividades como el Mercadillo Marinero\u201d -explica.<\/p>\n<p>&nbsp;<\/p>\n<p>En suma, todo un abanico de casi una veintena de disciplinas art\u00edsticas diferentes, todas gratuitas y para todos los p\u00fablicos que los sanjuaneros y sanjuaneras protagonizar\u00e1n a lo largo de la semana que viene. El concejal de Cultura, Juan Mart\u00ednez Toro, esboz\u00f3 la programaci\u00f3n de actos \u201cviviremos una Semana bastante seria y cultural que es lo mejor que podemos ofrecer a nuestros ciudadanos y visitantes durante este esperado evento que tendremos la pr\u00f3xima semana en nuestra localidad\u201d -asegur\u00f3.<\/p>\n","protected":false},"excerpt":{"rendered":"<p>Nota de prensa-Diputaci\u00f3n presenta 35 Semana Cultural San Juan Puerto Los actos de la Semana Cultural arrancan este lunes en San Juan del Puerto con las inauguraciones de las exposiciones y la danza internacional llegada desde Costa Rica y Ucrania\u00a0 La Diputaci\u00f3n Provincial de Huelva\u00a0realiza la presentaci\u00f3n\u00a0oficial de los actos de la 35 Semana Cultural\u00a0de\u00a0San [&hellip;]<\/p>\n","protected":false},"author":1,"featured_media":0,"comment_status":"open","ping_status":"open","sticky":false,"template":"","format":"standard","meta":{"_genesis_hide_title":false,"_genesis_hide_breadcrumbs":false,"_genesis_hide_singular_image":false,"_genesis_hide_footer_widgets":false,"_genesis_custom_body_class":"","_genesis_custom_post_class":"","_genesis_layout":"","spay_email":"","jetpack_publicize_message":"","jetpack_is_tweetstorm":false},"categories":[15,3,9,22],"tags":[141,135,69,81,134,137,140,132,128,143,127,131,138,145,144,129,136,130,142,139,133],"yoast_head":"<!-- This site is optimized with the Yoast SEO plugin v16.1 - https:\/\/yoast.com\/wordpress\/plugins\/seo\/ -->\n<title>Diputaci\u00f3n presenta 35 Semana Cultural San Juan Puerto<\/title>\n<meta name=\"description\" content=\"Diputaci\u00f3n presenta 35 Semana Cultural San Juan Puerto que se celebrar\u00e1 del 28 de agosto y hasta el domingo 3 de septiembre.\" \/>\n<link rel=\"canonical\" href=\"https:\/\/esp.andalucia.com\/blog\/la-diputacion-presenta-la-35-semana-cultural-san-juan-del-puerto\/\" \/>\n<meta property=\"og:locale\" content=\"en_US\" \/>\n<meta property=\"og:type\" content=\"article\" \/>\n<meta property=\"og:title\" content=\"Diputaci\u00f3n presenta 35 Semana Cultural San Juan Puerto\" \/>\n<meta property=\"og:description\" content=\"Diputaci\u00f3n presenta 35 Semana Cultural San Juan Puerto que se celebrar\u00e1 del 28 de agosto y hasta el domingo 3 de septiembre.\" \/>\n<meta property=\"og:url\" content=\"https:\/\/esp.andalucia.com\/blog\/la-diputacion-presenta-la-35-semana-cultural-san-juan-del-puerto\/\" \/>\n<meta property=\"og:site_name\" content=\"Blog de Andalucia.com\" \/>\n<meta property=\"article:published_time\" content=\"2017-08-25T11:37:18+00:00\" \/>\n<meta property=\"og:image\" content=\"http:\/\/esp.andalucia.com\/blog\/wp-content\/uploads\/sanJuandelPuerto.jpg\" \/>\n<meta name=\"twitter:card\" content=\"summary\" \/>\n<meta name=\"twitter:label1\" content=\"Est. reading time\">\n\t<meta name=\"twitter:data1\" content=\"2 minutes\">\n<script type=\"application\/ld+json\" class=\"yoast-schema-graph\">{\"@context\":\"https:\/\/schema.org\",\"@graph\":[{\"@type\":\"WebSite\",\"@id\":\"https:\/\/esp.andalucia.com\/blog\/#website\",\"url\":\"https:\/\/esp.andalucia.com\/blog\/\",\"name\":\"Blog de Andalucia.com\",\"description\":\"Blog de Andalucia\",\"potentialAction\":[{\"@type\":\"SearchAction\",\"target\":\"https:\/\/esp.andalucia.com\/blog\/?s={search_term_string}\",\"query-input\":\"required name=search_term_string\"}],\"inLanguage\":\"en-US\"},{\"@type\":\"ImageObject\",\"@id\":\"https:\/\/esp.andalucia.com\/blog\/la-diputacion-presenta-la-35-semana-cultural-san-juan-del-puerto\/#primaryimage\",\"inLanguage\":\"en-US\",\"url\":\"http:\/\/esp.andalucia.com\/blog\/wp-content\/uploads\/sanJuandelPuerto.jpg\",\"contentUrl\":\"http:\/\/esp.andalucia.com\/blog\/wp-content\/uploads\/sanJuandelPuerto.jpg\"},{\"@type\":\"WebPage\",\"@id\":\"https:\/\/esp.andalucia.com\/blog\/la-diputacion-presenta-la-35-semana-cultural-san-juan-del-puerto\/#webpage\",\"url\":\"https:\/\/esp.andalucia.com\/blog\/la-diputacion-presenta-la-35-semana-cultural-san-juan-del-puerto\/\",\"name\":\"Diputaci\\u00f3n presenta 35 Semana Cultural San Juan Puerto\",\"isPartOf\":{\"@id\":\"https:\/\/esp.andalucia.com\/blog\/#website\"},\"primaryImageOfPage\":{\"@id\":\"https:\/\/esp.andalucia.com\/blog\/la-diputacion-presenta-la-35-semana-cultural-san-juan-del-puerto\/#primaryimage\"},\"datePublished\":\"2017-08-25T11:37:18+00:00\",\"dateModified\":\"2017-08-25T11:37:18+00:00\",\"author\":{\"@id\":\"https:\/\/esp.andalucia.com\/blog\/#\/schema\/person\/764d18c08907ea2026c6652dbaa06aeb\"},\"description\":\"Diputaci\\u00f3n presenta 35 Semana Cultural San Juan Puerto que se celebrar\\u00e1 del 28 de agosto y hasta el domingo 3 de septiembre.\",\"breadcrumb\":{\"@id\":\"https:\/\/esp.andalucia.com\/blog\/la-diputacion-presenta-la-35-semana-cultural-san-juan-del-puerto\/#breadcrumb\"},\"inLanguage\":\"en-US\",\"potentialAction\":[{\"@type\":\"ReadAction\",\"target\":[\"https:\/\/esp.andalucia.com\/blog\/la-diputacion-presenta-la-35-semana-cultural-san-juan-del-puerto\/\"]}]},{\"@type\":\"BreadcrumbList\",\"@id\":\"https:\/\/esp.andalucia.com\/blog\/la-diputacion-presenta-la-35-semana-cultural-san-juan-del-puerto\/#breadcrumb\",\"itemListElement\":[{\"@type\":\"ListItem\",\"position\":1,\"item\":{\"@type\":\"WebPage\",\"@id\":\"https:\/\/esp.andalucia.com\/blog\/\",\"url\":\"https:\/\/esp.andalucia.com\/blog\/\",\"name\":\"Portada\"}},{\"@type\":\"ListItem\",\"position\":2,\"item\":{\"@type\":\"WebPage\",\"@id\":\"https:\/\/esp.andalucia.com\/blog\/la-diputacion-presenta-la-35-semana-cultural-san-juan-del-puerto\/\",\"url\":\"https:\/\/esp.andalucia.com\/blog\/la-diputacion-presenta-la-35-semana-cultural-san-juan-del-puerto\/\",\"name\":\"La Diputaci\\u00f3n presenta la 35 Semana Cultural de San Juan del Puerto\"}}]},{\"@type\":\"Person\",\"@id\":\"https:\/\/esp.andalucia.com\/blog\/#\/schema\/person\/764d18c08907ea2026c6652dbaa06aeb\",\"name\":\"admin\",\"image\":{\"@type\":\"ImageObject\",\"@id\":\"https:\/\/esp.andalucia.com\/blog\/#personlogo\",\"inLanguage\":\"en-US\",\"url\":\"https:\/\/secure.gravatar.com\/avatar\/483f554353dd1f8b3b9ac7b28ff59e21?s=96&d=mm&r=g\",\"contentUrl\":\"https:\/\/secure.gravatar.com\/avatar\/483f554353dd1f8b3b9ac7b28ff59e21?s=96&d=mm&r=g\",\"caption\":\"admin\"}}]}<\/script>\n<!-- \/ Yoast SEO plugin. -->","jetpack_featured_media_url":"","jetpack_publicize_connections":[],"jetpack_sharing_enabled":true,"jetpack_shortlink":"https:\/\/wp.me\/p7VLto-sI","_links":{"self":[{"href":"https:\/\/esp.andalucia.com\/blog\/wp-json\/wp\/v2\/posts\/1780"}],"collection":[{"href":"https:\/\/esp.andalucia.com\/blog\/wp-json\/wp\/v2\/posts"}],"about":[{"href":"https:\/\/esp.andalucia.com\/blog\/wp-json\/wp\/v2\/types\/post"}],"author":[{"embeddable":true,"href":"https:\/\/esp.andalucia.com\/blog\/wp-json\/wp\/v2\/users\/1"}],"replies":[{"embeddable":true,"href":"https:\/\/esp.andalucia.com\/blog\/wp-json\/wp\/v2\/comments?post=1780"}],"version-history":[{"count":10,"href":"https:\/\/esp.andalucia.com\/blog\/wp-json\/wp\/v2\/posts\/1780\/revisions"}],"predecessor-version":[{"id":1801,"href":"https:\/\/esp.andalucia.com\/blog\/wp-json\/wp\/v2\/posts\/1780\/revisions\/1801"}],"wp:attachment":[{"href":"https:\/\/esp.andalucia.com\/blog\/wp-json\/wp\/v2\/media?parent=1780"}],"wp:term":[{"taxonomy":"category","embeddable":true,"href":"https:\/\/esp.andalucia.com\/blog\/wp-json\/wp\/v2\/categories?post=1780"},{"taxonomy":"post_tag","embeddable":true,"href":"https:\/\/esp.andalucia.com\/blog\/wp-json\/wp\/v2\/tags?post=1780"}],"curies":[{"name":"wp","href":"https:\/\/api.w.org\/{rel}","templated":true}]}}