{"id":1356,"date":"2016-05-09T19:00:35","date_gmt":"2016-05-09T19:00:35","guid":{"rendered":"http:\/\/esp.andalucia.com\/blog\/?p=1356"},"modified":"2016-05-09T19:00:35","modified_gmt":"2016-05-09T19:00:35","slug":"la-costa-de-cadiz-celebra-en-mayo-la-llegada-del-atun-rojo","status":"publish","type":"post","link":"https:\/\/esp.andalucia.com\/blog\/la-costa-de-cadiz-celebra-en-mayo-la-llegada-del-atun-rojo\/","title":{"rendered":"La Costa de C\u00e1diz celebra en mayo la llegada del at\u00fan rojo"},"content":{"rendered":"<p>Conil, Barbate, Tarifa y Zahara festejan una tradici\u00f3n con m\u00e1s de 3.000 a\u00f1os de historia<\/p>\n<p>Como hace m\u00e1s de tres mil a\u00f1os, los pescadores gaditanos pescan el at\u00fan salvaje entrada la primavera, cuando el at\u00fan rojo cruza por el Estrecho de Gibraltar rumbo al mar Mediterr\u00e1neo y los capturan en ese laberinto que son las almadrabas, un arte de pesca tradicional y tambi\u00e9n espectacular que se remonta a los fenicios, cuya denominaci\u00f3n procede del \u00e1rabe andalus\u00ed y significa lugar donde se golpea y lucha. <\/p>\n<p>Zahara de los Atunes, Barbate, Conil de la Frontera y Tarifa celebran con ferias y fiestas la llegada del at\u00fan salvaje, el m\u00e1s rico, el m\u00e1s vers\u00e1til, el m\u00e1s sabroso. Todo un homenaje al at\u00fan y a su vinculaci\u00f3n gastron\u00f3mica, hist\u00f3rica y cultural con la Costa de C\u00e1diz. El at\u00fan aparece vinculado a C\u00e1diz desde el Paleol\u00edtico pasando por las monedas, las torres miradores, el lenguaje y hasta en la obra de Cervantes. <\/p>\n<p>El at\u00fan, moneda de cambio <\/p>\n<p>La silueta del at\u00fan forma parte de los escudos her\u00e1ldicos de Zahara, de Barbate y de Conil y aparecen tambi\u00e9n en las monedas que acu\u00f1aba la ceca de C\u00e1diz, lo que da una idea de la importancia que siempre ha tenido el at\u00fan en la historia y en la econom\u00eda de la provincia.<\/p>\n<p>Las almadrabas: origen del cachondeo<\/p>\n<p>Llama la atenci\u00f3n el origen de cachondeo. Una de las teor\u00edas sobre la etimolog\u00eda de esta palabra es que cada vez que se realizaba una &#8220;levant\u00e1 de atunes exitosa -por el n\u00famero de capturas o porque no se produc\u00edan accidentes- se festejaba al anochecer en las orillas de r\u00edo Cach\u00f3n.<\/p>\n<p>Patrimonio atunero<br \/>\nLa costa gaditana est\u00e1 poblada de numerosas torres de que a finales del siglo XV pretend\u00edan alertar de la pirater\u00eda turca y berberisca, pero tambi\u00e9n avistar el paso de los atunes por el Estrecho.<br \/>\nA las antiguas torres miradores se suman numerosas esculturas en forma de veleta que en cada uno de los municipios gaditanos recuerdan que la econom\u00eda de esta costa sigue girando en torno al pata negra del mar.<\/p>\n<p>Pesca sostenible<br \/>\nEl at\u00fan sigue hoy formando parte del paisaje y cada vez m\u00e1s de la alta cocina.<br \/>\nLa Comisi\u00f3n Internacional para la Conservaci\u00f3n del At\u00fan Atl\u00e1ntico (ICCAT) protege la t\u00e9cnica de la almadraba por ser la m\u00e1s sostenible. Las almadrabas gaditanas tienen autorizaci\u00f3n para pescar este a\u00f1o 913 toneladas de at\u00fan rojo.<br \/>\nTras el despiece de un at\u00fan que en el argot se denomina ronqueo- y la imaginaci\u00f3n de los cocineros, surgen platos y sabores muy diferentes.<br \/>\nLos bares y restaurantes hasta entrado el verano compiten por ofrecer los platos m\u00e1s exquisitos de la cocina tradicional y de la cocina innovadora.<br \/>\nTodos los pueblos de la zona celebran competiciones gastron\u00f3micas, rutas de la tapa, concursos de fotograf\u00edas, para festejar esta tradici\u00f3n que arranca con los fenicios en la costa gaditana y se mantiene de forma artesanal hasta hoy en d\u00eda. Ahora toca ir de bar en bar en busca de la mejor tapa.<\/p>\n<p>Barbate, Conil, Tarifa y Zahara de los Atunes han programado m\u00e1s un mes de actividades, que empez\u00f3 a finales de abril en Barbate y concluir\u00e1 oficialmente el 12 de junio, que termina la IV Ruta del At\u00fan de Tarifa, para conmemorar la llegada del at\u00fan y atraer visitantes para compartir el sabor y el af\u00e1n de innovar en la cocina.<\/p>\n<p>Conil, 20 a\u00f1os en ruta<\/p>\n<p>La Ruta del At\u00fan de Conil, que alcanza ya su XX edici\u00f3n se extender\u00e1 hasta el 6 de junio. Es la m\u00e1s prolongada.<br \/>\nEntre las novedades: rutas en paddleboard hasta las almadrabas y hermanamientos de productos como el del at\u00fan como el jam\u00f3n 100 % ib\u00e9rico.<br \/>\nEn torno a cuarenta establecimientos ofrecer\u00e1n diferentes platos elaborados con uno de los productos m\u00e1s apreciados de la zona, el at\u00fan rojo de almadraba. <\/p>\n<p>Los Atunes de Zahara<\/p>\n<p>La VIII Ruta del At\u00fan, que tendr\u00e1 lugar del 10 al 15 de mayo, es una iniciativa de la Asociaci\u00f3n de Comerciantes de Zahara de los Atunes (ACOZA), creada para promocionar la cocina de Zahara a trav\u00e9s de este pescado que da nombre a este enclave. Cerca de cuarenta establecimientos se vuelcan en la iniciativa.<br \/>\nEl programa de RNE No es un d\u00eda cualquiera se retransmitir\u00e1 en directo desde Zahara, los d\u00edas 14 y 15 de mayo con motivo del mes de la almadraba en la costa de C\u00e1diz.<br \/>\nLa Ruta del At\u00fan compagina el conocimiento &#8220;in situ&#8221; de esta pesquer\u00eda artesanal, con el &#8220;ronqueo en p\u00fablico de un at\u00fan.<\/p>\n<p>Tarifa<\/p>\n<p>Del 9 al 12 de junio se celebrar\u00e1 la IV Ruta del At\u00fan.<br \/>\nEl At\u00fan se pesca en sus costas desde hace tres mil a\u00f1os y dos de las cuatro almadrabas de la provincia se calan en aguas del litoral tarife\u00f1o.<\/p>\n<p>Una tradici\u00f3n con mucha historia <\/p>\n<p>La Cueva de las orcas o cueva de Atlanterra de Zahara de los Atunes parece constatar que en el Paleol\u00edtico, nuestros antepasados ya conoc\u00edan los ciclos del at\u00fan.<br \/>\nLlaman la atenci\u00f3n las hendiduras y las pinturas rupestres, marcan las estaciones del a\u00f1o, concretamente la primavera, que es cuando llegan a la costa gaditana los atunes y las orcas.<\/p>\n<p>Zahara de los Atunes en la ruta cervantina<br \/>\nHasta Miguel de Cervantes, autor de El Quijote, escribi\u00f3 sobre la almadraba en la Ilustre Fregona porque situ\u00f3 a Carrizo el p\u00edcaro protagonista de la obra- en Zahara de los Atunes.<\/p>\n<p>Testimonio tambi\u00e9n de los trabajos de la almadraba en Zahara de los Atunes durante el siglo XVI, es el dibujo de Anton van den Wyngaerde, un pintor flamenco que lleg\u00f3 a Espa\u00f1a por encargo del rey Felipe II. El original se encuentra en la Biblioteca Nacional de Viena pero muchos restaurantes de Zahara reproducen el dibujo, del que era m\u00e1s conocido como Antonio de Bruselas.<\/p>\n","protected":false},"excerpt":{"rendered":"<p>Conil, Barbate, Tarifa y Zahara festejan una tradici\u00f3n con m\u00e1s de 3.000 a\u00f1os de historia Como hace m\u00e1s de tres mil a\u00f1os, los pescadores gaditanos pescan el at\u00fan salvaje entrada la primavera, cuando el at\u00fan rojo cruza por el Estrecho de Gibraltar rumbo al mar Mediterr\u00e1neo y los capturan en ese laberinto que son las [&hellip;]<\/p>\n","protected":false},"author":1,"featured_media":0,"comment_status":"open","ping_status":"open","sticky":false,"template":"","format":"standard","meta":{"_genesis_hide_title":false,"_genesis_hide_breadcrumbs":false,"_genesis_hide_singular_image":false,"_genesis_hide_footer_widgets":false,"_genesis_custom_body_class":"","_genesis_custom_post_class":"","_genesis_layout":"","spay_email":"","jetpack_publicize_message":"","jetpack_is_tweetstorm":false},"categories":[3,23],"tags":[],"yoast_head":"<!-- This site is optimized with the Yoast SEO plugin v16.1 - https:\/\/yoast.com\/wordpress\/plugins\/seo\/ -->\n<title>La Costa de C\u00e1diz celebra en mayo la llegada del at\u00fan rojo  - Blog de Andalucia.com<\/title>\n<link rel=\"canonical\" href=\"https:\/\/esp.andalucia.com\/blog\/la-costa-de-cadiz-celebra-en-mayo-la-llegada-del-atun-rojo\/\" \/>\n<meta property=\"og:locale\" content=\"en_US\" \/>\n<meta property=\"og:type\" content=\"article\" \/>\n<meta property=\"og:title\" content=\"La Costa de C\u00e1diz celebra en mayo la llegada del at\u00fan rojo  - Blog de Andalucia.com\" \/>\n<meta property=\"og:description\" content=\"Conil, Barbate, Tarifa y Zahara festejan una tradici\u00f3n con m\u00e1s de 3.000 a\u00f1os de historia Como hace m\u00e1s de tres mil a\u00f1os, los pescadores gaditanos pescan el at\u00fan salvaje entrada la primavera, cuando el at\u00fan rojo cruza por el Estrecho de Gibraltar rumbo al mar Mediterr\u00e1neo y los capturan en ese laberinto que son las [&hellip;]\" \/>\n<meta property=\"og:url\" content=\"https:\/\/esp.andalucia.com\/blog\/la-costa-de-cadiz-celebra-en-mayo-la-llegada-del-atun-rojo\/\" \/>\n<meta property=\"og:site_name\" content=\"Blog de Andalucia.com\" \/>\n<meta property=\"article:published_time\" content=\"2016-05-09T19:00:35+00:00\" \/>\n<meta name=\"twitter:card\" content=\"summary\" \/>\n<meta name=\"twitter:label1\" content=\"Est. reading time\">\n\t<meta name=\"twitter:data1\" content=\"5 minutes\">\n<script type=\"application\/ld+json\" class=\"yoast-schema-graph\">{\"@context\":\"https:\/\/schema.org\",\"@graph\":[{\"@type\":\"WebSite\",\"@id\":\"https:\/\/esp.andalucia.com\/blog\/#website\",\"url\":\"https:\/\/esp.andalucia.com\/blog\/\",\"name\":\"Blog de Andalucia.com\",\"description\":\"Blog de Andalucia\",\"potentialAction\":[{\"@type\":\"SearchAction\",\"target\":\"https:\/\/esp.andalucia.com\/blog\/?s={search_term_string}\",\"query-input\":\"required name=search_term_string\"}],\"inLanguage\":\"en-US\"},{\"@type\":\"WebPage\",\"@id\":\"https:\/\/esp.andalucia.com\/blog\/la-costa-de-cadiz-celebra-en-mayo-la-llegada-del-atun-rojo\/#webpage\",\"url\":\"https:\/\/esp.andalucia.com\/blog\/la-costa-de-cadiz-celebra-en-mayo-la-llegada-del-atun-rojo\/\",\"name\":\"La Costa de C\\u00e1diz celebra en mayo la llegada del at\\u00fan rojo - Blog de Andalucia.com\",\"isPartOf\":{\"@id\":\"https:\/\/esp.andalucia.com\/blog\/#website\"},\"datePublished\":\"2016-05-09T19:00:35+00:00\",\"dateModified\":\"2016-05-09T19:00:35+00:00\",\"author\":{\"@id\":\"https:\/\/esp.andalucia.com\/blog\/#\/schema\/person\/764d18c08907ea2026c6652dbaa06aeb\"},\"breadcrumb\":{\"@id\":\"https:\/\/esp.andalucia.com\/blog\/la-costa-de-cadiz-celebra-en-mayo-la-llegada-del-atun-rojo\/#breadcrumb\"},\"inLanguage\":\"en-US\",\"potentialAction\":[{\"@type\":\"ReadAction\",\"target\":[\"https:\/\/esp.andalucia.com\/blog\/la-costa-de-cadiz-celebra-en-mayo-la-llegada-del-atun-rojo\/\"]}]},{\"@type\":\"BreadcrumbList\",\"@id\":\"https:\/\/esp.andalucia.com\/blog\/la-costa-de-cadiz-celebra-en-mayo-la-llegada-del-atun-rojo\/#breadcrumb\",\"itemListElement\":[{\"@type\":\"ListItem\",\"position\":1,\"item\":{\"@type\":\"WebPage\",\"@id\":\"https:\/\/esp.andalucia.com\/blog\/\",\"url\":\"https:\/\/esp.andalucia.com\/blog\/\",\"name\":\"Portada\"}},{\"@type\":\"ListItem\",\"position\":2,\"item\":{\"@type\":\"WebPage\",\"@id\":\"https:\/\/esp.andalucia.com\/blog\/la-costa-de-cadiz-celebra-en-mayo-la-llegada-del-atun-rojo\/\",\"url\":\"https:\/\/esp.andalucia.com\/blog\/la-costa-de-cadiz-celebra-en-mayo-la-llegada-del-atun-rojo\/\",\"name\":\"La Costa de C\\u00e1diz celebra en mayo la llegada del at\\u00fan rojo\"}}]},{\"@type\":\"Person\",\"@id\":\"https:\/\/esp.andalucia.com\/blog\/#\/schema\/person\/764d18c08907ea2026c6652dbaa06aeb\",\"name\":\"admin\",\"image\":{\"@type\":\"ImageObject\",\"@id\":\"https:\/\/esp.andalucia.com\/blog\/#personlogo\",\"inLanguage\":\"en-US\",\"url\":\"https:\/\/secure.gravatar.com\/avatar\/483f554353dd1f8b3b9ac7b28ff59e21?s=96&d=mm&r=g\",\"contentUrl\":\"https:\/\/secure.gravatar.com\/avatar\/483f554353dd1f8b3b9ac7b28ff59e21?s=96&d=mm&r=g\",\"caption\":\"admin\"}}]}<\/script>\n<!-- \/ Yoast SEO plugin. -->","jetpack_featured_media_url":"","jetpack_publicize_connections":[],"jetpack_sharing_enabled":true,"jetpack_shortlink":"https:\/\/wp.me\/p7VLto-lS","_links":{"self":[{"href":"https:\/\/esp.andalucia.com\/blog\/wp-json\/wp\/v2\/posts\/1356"}],"collection":[{"href":"https:\/\/esp.andalucia.com\/blog\/wp-json\/wp\/v2\/posts"}],"about":[{"href":"https:\/\/esp.andalucia.com\/blog\/wp-json\/wp\/v2\/types\/post"}],"author":[{"embeddable":true,"href":"https:\/\/esp.andalucia.com\/blog\/wp-json\/wp\/v2\/users\/1"}],"replies":[{"embeddable":true,"href":"https:\/\/esp.andalucia.com\/blog\/wp-json\/wp\/v2\/comments?post=1356"}],"version-history":[{"count":1,"href":"https:\/\/esp.andalucia.com\/blog\/wp-json\/wp\/v2\/posts\/1356\/revisions"}],"predecessor-version":[{"id":1357,"href":"https:\/\/esp.andalucia.com\/blog\/wp-json\/wp\/v2\/posts\/1356\/revisions\/1357"}],"wp:attachment":[{"href":"https:\/\/esp.andalucia.com\/blog\/wp-json\/wp\/v2\/media?parent=1356"}],"wp:term":[{"taxonomy":"category","embeddable":true,"href":"https:\/\/esp.andalucia.com\/blog\/wp-json\/wp\/v2\/categories?post=1356"},{"taxonomy":"post_tag","embeddable":true,"href":"https:\/\/esp.andalucia.com\/blog\/wp-json\/wp\/v2\/tags?post=1356"}],"curies":[{"name":"wp","href":"https:\/\/api.w.org\/{rel}","templated":true}]}}