{"id":1227,"date":"2014-08-27T11:17:14","date_gmt":"2014-08-27T11:17:14","guid":{"rendered":"http:\/\/esp.andalucia.com\/blog\/?p=1227"},"modified":"2014-08-27T11:18:26","modified_gmt":"2014-08-27T11:18:26","slug":"gisela-pulido-y-richard-branson-a-por-el-record-guinness","status":"publish","type":"post","link":"https:\/\/esp.andalucia.com\/blog\/gisela-pulido-y-richard-branson-a-por-el-record-guinness\/","title":{"rendered":"Gisela Pulido y Richard Branson a por el Record Guinness"},"content":{"rendered":"<p><em>Publicado por: Charlie Edwards<\/em><\/p>\n<p><img loading=\"lazy\" src=\"http:\/\/esp.andalucia.com\/blog\/wp-content\/uploads\/Kitesurfing_Tarifa_2014-722x1024.jpg\" alt=\"Kitesurfing_Tarifa_2014\" width=\"500\" height=\"700\" class=\"aligncenter size-large wp-image-1228\" \/><\/p>\n<p>Tarifa, 21 de agosto de 2014. La prueba del Campeonato del Mundo de Kitesurf, Tarifa Pro Kite Tour, vuelve a la localidad gaditana con un reto por todo lo alto: Gisela Pulido y Sir Richard Branson tratar\u00e1n de batir un Record Guinness el 27, 28 o 29 de agosto, como pistoletazo de salida.<\/p>\n<p>Esta iniciativa, con fines solidarios, consiste en superar el anterior r\u00e9cord, que se bati\u00f3 el a\u00f1o pasado en la Isla de Hayling, en Reino Unido. Para conseguirlo, Richard Branson y Gisela Pulido capitanear\u00e1n a los participantes, deber\u00e1n ser m\u00e1s de 318 para batir el r\u00e9cord, en una traves\u00eda que discurrir\u00e1 entre las playas de Los Lances y Valdevaqueros \u2013si el viento es de Levante- o viceversa \u2013si es de Poniente.<br \/>\nPara que el r\u00e9cord sea efectivo una persona del equipo de Guinness World Record se desplazar\u00e1 hasta la misma playa para supervisar y avalar la traves\u00eda: los kiters deben estar navegando a la vez durante la primera milla del recorrido de las 3,5 que hay entre las dos playas.<\/p>\n<p>La organizaci\u00f3n ha previsto un sistema de seguridad que se compartir\u00e1 con todos los participantes en una charla previa. A cada kiter se le dar\u00e1 un GPS para estar localizado en todo momento por la organizaci\u00f3n; la navegaci\u00f3n se har\u00e1 con un sistema de \u201ccompa\u00f1eros\u201d que consiste en que  los kiters navegar\u00e1n de dos en dos, como medida de seguridad adicional que permite que se puedan ayudar el uno al otro. A cada kiter se le asignar\u00e1 una de las cuatro zonas habilitadas para la salida, a modo de lanzadera, con el fin de  agilizar este momento que ser\u00e1 fundamental a la hora conseguir batir el r\u00e9cord.<\/p>\n<p>Para inscribirse, los participantes han de ser mayores de 17 a\u00f1os, y en caso de que no lo sean podr\u00e1n participar siempre que la persona que se haga plenamente responsable del menor, cumplimente debidamente un formulario de autorizaci\u00f3n.<\/p>\n<p>El pr\u00f3ximo lunes 25 de agosto se determinar\u00e1 el d\u00eda en el que se llevar\u00e1 a cabo este intento por batir el r\u00e9cord de mayor participaci\u00f3n simult\u00e1nea de kiters navegando una milla.<\/p>\n","protected":false},"excerpt":{"rendered":"<p>Publicado por: Charlie Edwards Tarifa, 21 de agosto de 2014. La prueba del Campeonato del Mundo de Kitesurf, Tarifa Pro Kite Tour, vuelve a la localidad gaditana con un reto por todo lo alto: Gisela Pulido y Sir Richard Branson tratar\u00e1n de batir un Record Guinness el 27, 28 o 29 de agosto, como pistoletazo [&hellip;]<\/p>\n","protected":false},"author":1,"featured_media":0,"comment_status":"open","ping_status":"open","sticky":false,"template":"","format":"standard","meta":{"_genesis_hide_title":false,"_genesis_hide_breadcrumbs":false,"_genesis_hide_singular_image":false,"_genesis_hide_footer_widgets":false,"_genesis_custom_body_class":"","_genesis_custom_post_class":"","_genesis_layout":"","spay_email":"","jetpack_publicize_message":"","jetpack_is_tweetstorm":false},"categories":[1],"tags":[],"yoast_head":"<!-- This site is optimized with the Yoast SEO plugin v16.1 - https:\/\/yoast.com\/wordpress\/plugins\/seo\/ -->\n<title>Gisela Pulido y Richard Branson a por el Record Guinness - Blog de Andalucia.com<\/title>\n<link rel=\"canonical\" href=\"https:\/\/esp.andalucia.com\/blog\/gisela-pulido-y-richard-branson-a-por-el-record-guinness\/\" \/>\n<meta property=\"og:locale\" content=\"en_US\" \/>\n<meta property=\"og:type\" content=\"article\" \/>\n<meta property=\"og:title\" content=\"Gisela Pulido y Richard Branson a por el Record Guinness - Blog de Andalucia.com\" \/>\n<meta property=\"og:description\" content=\"Publicado por: Charlie Edwards Tarifa, 21 de agosto de 2014. La prueba del Campeonato del Mundo de Kitesurf, Tarifa Pro Kite Tour, vuelve a la localidad gaditana con un reto por todo lo alto: Gisela Pulido y Sir Richard Branson tratar\u00e1n de batir un Record Guinness el 27, 28 o 29 de agosto, como pistoletazo [&hellip;]\" \/>\n<meta property=\"og:url\" content=\"https:\/\/esp.andalucia.com\/blog\/gisela-pulido-y-richard-branson-a-por-el-record-guinness\/\" \/>\n<meta property=\"og:site_name\" content=\"Blog de Andalucia.com\" \/>\n<meta property=\"article:published_time\" content=\"2014-08-27T11:17:14+00:00\" \/>\n<meta property=\"article:modified_time\" content=\"2014-08-27T11:18:26+00:00\" \/>\n<meta property=\"og:image\" content=\"http:\/\/esp.andalucia.com\/blog\/wp-content\/uploads\/Kitesurfing_Tarifa_2014-722x1024.jpg\" \/>\n<meta name=\"twitter:card\" content=\"summary\" \/>\n<meta name=\"twitter:label1\" content=\"Est. reading time\">\n\t<meta name=\"twitter:data1\" content=\"2 minutes\">\n<script type=\"application\/ld+json\" class=\"yoast-schema-graph\">{\"@context\":\"https:\/\/schema.org\",\"@graph\":[{\"@type\":\"WebSite\",\"@id\":\"https:\/\/esp.andalucia.com\/blog\/#website\",\"url\":\"https:\/\/esp.andalucia.com\/blog\/\",\"name\":\"Blog de Andalucia.com\",\"description\":\"Blog de Andalucia\",\"potentialAction\":[{\"@type\":\"SearchAction\",\"target\":\"https:\/\/esp.andalucia.com\/blog\/?s={search_term_string}\",\"query-input\":\"required name=search_term_string\"}],\"inLanguage\":\"en-US\"},{\"@type\":\"ImageObject\",\"@id\":\"https:\/\/esp.andalucia.com\/blog\/gisela-pulido-y-richard-branson-a-por-el-record-guinness\/#primaryimage\",\"inLanguage\":\"en-US\",\"url\":\"http:\/\/esp.andalucia.com\/blog\/wp-content\/uploads\/Kitesurfing_Tarifa_2014-722x1024.jpg\",\"contentUrl\":\"http:\/\/esp.andalucia.com\/blog\/wp-content\/uploads\/Kitesurfing_Tarifa_2014-722x1024.jpg\"},{\"@type\":\"WebPage\",\"@id\":\"https:\/\/esp.andalucia.com\/blog\/gisela-pulido-y-richard-branson-a-por-el-record-guinness\/#webpage\",\"url\":\"https:\/\/esp.andalucia.com\/blog\/gisela-pulido-y-richard-branson-a-por-el-record-guinness\/\",\"name\":\"Gisela Pulido y Richard Branson a por el Record Guinness - Blog de Andalucia.com\",\"isPartOf\":{\"@id\":\"https:\/\/esp.andalucia.com\/blog\/#website\"},\"primaryImageOfPage\":{\"@id\":\"https:\/\/esp.andalucia.com\/blog\/gisela-pulido-y-richard-branson-a-por-el-record-guinness\/#primaryimage\"},\"datePublished\":\"2014-08-27T11:17:14+00:00\",\"dateModified\":\"2014-08-27T11:18:26+00:00\",\"author\":{\"@id\":\"https:\/\/esp.andalucia.com\/blog\/#\/schema\/person\/764d18c08907ea2026c6652dbaa06aeb\"},\"breadcrumb\":{\"@id\":\"https:\/\/esp.andalucia.com\/blog\/gisela-pulido-y-richard-branson-a-por-el-record-guinness\/#breadcrumb\"},\"inLanguage\":\"en-US\",\"potentialAction\":[{\"@type\":\"ReadAction\",\"target\":[\"https:\/\/esp.andalucia.com\/blog\/gisela-pulido-y-richard-branson-a-por-el-record-guinness\/\"]}]},{\"@type\":\"BreadcrumbList\",\"@id\":\"https:\/\/esp.andalucia.com\/blog\/gisela-pulido-y-richard-branson-a-por-el-record-guinness\/#breadcrumb\",\"itemListElement\":[{\"@type\":\"ListItem\",\"position\":1,\"item\":{\"@type\":\"WebPage\",\"@id\":\"https:\/\/esp.andalucia.com\/blog\/\",\"url\":\"https:\/\/esp.andalucia.com\/blog\/\",\"name\":\"Portada\"}},{\"@type\":\"ListItem\",\"position\":2,\"item\":{\"@type\":\"WebPage\",\"@id\":\"https:\/\/esp.andalucia.com\/blog\/gisela-pulido-y-richard-branson-a-por-el-record-guinness\/\",\"url\":\"https:\/\/esp.andalucia.com\/blog\/gisela-pulido-y-richard-branson-a-por-el-record-guinness\/\",\"name\":\"Gisela Pulido y Richard Branson a por el Record Guinness\"}}]},{\"@type\":\"Person\",\"@id\":\"https:\/\/esp.andalucia.com\/blog\/#\/schema\/person\/764d18c08907ea2026c6652dbaa06aeb\",\"name\":\"admin\",\"image\":{\"@type\":\"ImageObject\",\"@id\":\"https:\/\/esp.andalucia.com\/blog\/#personlogo\",\"inLanguage\":\"en-US\",\"url\":\"https:\/\/secure.gravatar.com\/avatar\/483f554353dd1f8b3b9ac7b28ff59e21?s=96&d=mm&r=g\",\"contentUrl\":\"https:\/\/secure.gravatar.com\/avatar\/483f554353dd1f8b3b9ac7b28ff59e21?s=96&d=mm&r=g\",\"caption\":\"admin\"}}]}<\/script>\n<!-- \/ Yoast SEO plugin. -->","jetpack_featured_media_url":"","jetpack_publicize_connections":[],"jetpack_sharing_enabled":true,"jetpack_shortlink":"https:\/\/wp.me\/p7VLto-jN","_links":{"self":[{"href":"https:\/\/esp.andalucia.com\/blog\/wp-json\/wp\/v2\/posts\/1227"}],"collection":[{"href":"https:\/\/esp.andalucia.com\/blog\/wp-json\/wp\/v2\/posts"}],"about":[{"href":"https:\/\/esp.andalucia.com\/blog\/wp-json\/wp\/v2\/types\/post"}],"author":[{"embeddable":true,"href":"https:\/\/esp.andalucia.com\/blog\/wp-json\/wp\/v2\/users\/1"}],"replies":[{"embeddable":true,"href":"https:\/\/esp.andalucia.com\/blog\/wp-json\/wp\/v2\/comments?post=1227"}],"version-history":[{"count":3,"href":"https:\/\/esp.andalucia.com\/blog\/wp-json\/wp\/v2\/posts\/1227\/revisions"}],"predecessor-version":[{"id":1231,"href":"https:\/\/esp.andalucia.com\/blog\/wp-json\/wp\/v2\/posts\/1227\/revisions\/1231"}],"wp:attachment":[{"href":"https:\/\/esp.andalucia.com\/blog\/wp-json\/wp\/v2\/media?parent=1227"}],"wp:term":[{"taxonomy":"category","embeddable":true,"href":"https:\/\/esp.andalucia.com\/blog\/wp-json\/wp\/v2\/categories?post=1227"},{"taxonomy":"post_tag","embeddable":true,"href":"https:\/\/esp.andalucia.com\/blog\/wp-json\/wp\/v2\/tags?post=1227"}],"curies":[{"name":"wp","href":"https:\/\/api.w.org\/{rel}","templated":true}]}}