{"id":1190,"date":"2014-06-19T15:26:17","date_gmt":"2014-06-19T15:26:17","guid":{"rendered":"http:\/\/esp.andalucia.com\/blog\/?p=1190"},"modified":"2014-06-19T15:35:56","modified_gmt":"2014-06-19T15:35:56","slug":"la-inauguracion-del-parque-ferial-deportivo-y-de-ocio-logra-record-guinness-con-1-800-personas-bailando-sevillanas","status":"publish","type":"post","link":"https:\/\/esp.andalucia.com\/blog\/la-inauguracion-del-parque-ferial-deportivo-y-de-ocio-logra-record-guinness-con-1-800-personas-bailando-sevillanas\/","title":{"rendered":"La inauguraci\u00f3n del Parque Ferial, Deportivo y de Ocio de Estepona logra r\u00e9cord Guinness con 1.800 personas bailando sevillanas"},"content":{"rendered":"<figure id=\"attachment_1195\" aria-describedby=\"caption-attachment-1195\" style=\"width: 530px\" class=\"wp-caption aligncenter\"><img loading=\"lazy\" src=\"http:\/\/esp.andalucia.com\/blog\/wp-content\/uploads\/sevillanasrecinto.jpg\" alt=\"1.800 personas bailando sevillanas en el recinto ferial de Estepona \u00a9 Ayuntamiento de Estepona\" width=\"530\" height=\"227\" class=\"size-full wp-image-1195\" srcset=\"https:\/\/esp.andalucia.com\/blog\/wp-content\/uploads\/sevillanasrecinto.jpg 530w, https:\/\/esp.andalucia.com\/blog\/wp-content\/uploads\/sevillanasrecinto-300x128.jpg 300w\" sizes=\"(max-width: 530px) 100vw, 530px\" \/> <figcaption id=\"caption-attachment-1195\" class=\"wp-caption-text\">1.800 personas bailando sevillanas en el recinto ferial de Estepona<\/figcaption><\/figure>\n<p><em>Publicado por Sophie Carefull<\/em><\/p>\n<p><strong>M\u00e1s de 5.000 personas asisten a la puesta en funcionamiento de este nuevo espacio polivalente, de siete hect\u00e1reas de superficie, que re\u00fane 23 pistas deportivas de uso gratuito y amplias zonas de paseo.<\/strong><\/p>\n<p>Estepona, 15 de junio de 2014.- La inauguraci\u00f3n del Parque Ferial, Deportivo y de Ocio de Estepona logr\u00f3 reunir a m\u00e1s de 1.800 personas bailando sevillanas. El Ayuntamiento de Estepona hab\u00eda convocado a los ciudadanos a participar en esta singular iniciativa para festejar la puesta en funcionamiento de este equipamiento. El Ayuntamiento remitir\u00e1 al Guinness el acta de participaci\u00f3n y las pruebas registradas durante la actividad para que certifique los resultados, que fueron verificados por un notario.<br \/>\nEn total, m\u00e1s de 5.000 personas se dieron cita en la inauguraci\u00f3n de este recinto, que tras esta actividad, acogi\u00f3 un concierto gratuito de Merche, India Mart\u00ednez y Tamara. Por la ma\u00f1ana, m\u00e1s de un millar de j\u00f3venes participaron en las olimpiadas deportivas, de diferentes disciplinas, organizadas por el Consistorio.<\/p>\n<figure id=\"attachment_1197\" aria-describedby=\"caption-attachment-1197\" style=\"width: 530px\" class=\"wp-caption aligncenter\"><img loading=\"lazy\" src=\"http:\/\/esp.andalucia.com\/blog\/wp-content\/uploads\/recintoferial.jpg\" alt=\"La inauguraci\u00f3n del nuevo recinto ferial de Estepona \u00a9 Ayuntameinto de Estepona\" width=\"530\" height=\"353\" class=\"size-full wp-image-1197\" srcset=\"https:\/\/esp.andalucia.com\/blog\/wp-content\/uploads\/recintoferial.jpg 530w, https:\/\/esp.andalucia.com\/blog\/wp-content\/uploads\/recintoferial-300x199.jpg 300w\" sizes=\"(max-width: 530px) 100vw, 530px\" \/> <figcaption id=\"caption-attachment-1197\" class=\"wp-caption-text\">La inauguraci\u00f3n del nuevo recinto ferial de Estepona<\/figcaption><\/figure>\n<p>El alcalde de Estepona, Jos\u00e9 Mar\u00eda Garc\u00eda Urbano, invit\u00f3 a los ciudadanos a disfrutar de este nuevo equipamiento p\u00fablico. \u201cPor fin tenemos un recinto ferial permanente, que es mucho m\u00e1s que un espacio para disfrutar de la feria durante una semana; es una amplia zona deportiva, de uso gratuito durante todo el a\u00f1o, con grandes espacios para el descanso y el ocio\u201d, ha se\u00f1alado el regidor, que ha agregado que con la ejecuci\u00f3n de esta obra se hace realidad otro de los grandes proyectos y compromisos municipales.<br \/>\nLa obra del Parque Ferial Deportivo y de Ocio, con un presupuesto de 4,1 millones de euros, se inici\u00f3 en septiembre de 2013 y ha supuesto la mayor inversi\u00f3n de la provincia durante el a\u00f1o pasado, seg\u00fan la Asociaci\u00f3n de Constructores y Promotores de M\u00e1laga (ACP). Los trabajos han sido ejecutados por la empresa Grupo OV.<\/p>\n<p>El recinto cuenta con una caseta municipal \u00fanica en Espa\u00f1a por el dise\u00f1o geom\u00e9trico de su cubierta. El inmueble, que recrea la iglesia de Los Remedios en su fachada, tiene una cubierta de 1.370 metros cuadrados que forma quiebros, en vez de un acabado plano como es habitual. Esta estructura espacial, que simula la configuraci\u00f3n de un hangar, deja libre una zona de entrada de 30 metros de longitud, con unos grandes portones que se abren en su totalidad, permitiendo as\u00ed la integraci\u00f3n de la caseta en la &#8216;Plaza de los Pensadores&#8217;, que est\u00e1 dedicada a figuras espa\u00f1olas que han destacado por su aportaci\u00f3n a la literatura y la filosof\u00eda. <\/p>\n<figure id=\"attachment_1199\" aria-describedby=\"caption-attachment-1199\" style=\"width: 530px\" class=\"wp-caption aligncenter\"><img loading=\"lazy\" src=\"http:\/\/esp.andalucia.com\/blog\/wp-content\/uploads\/conciertorecintoferial.jpg\" alt=\"Concierto de Merche, India Mart\u00ednez y Tamara en la Caseta Municipal \u00a9 Ayuntamiento de Estepona\" width=\"530\" height=\"353\" class=\"size-full wp-image-1199\" srcset=\"https:\/\/esp.andalucia.com\/blog\/wp-content\/uploads\/conciertorecintoferial.jpg 530w, https:\/\/esp.andalucia.com\/blog\/wp-content\/uploads\/conciertorecintoferial-300x199.jpg 300w\" sizes=\"(max-width: 530px) 100vw, 530px\" \/> <figcaption id=\"caption-attachment-1199\" class=\"wp-caption-text\">Concierto de Merche, India Mart\u00ednez y Tamara en la Caseta Municipal<\/figcaption><\/figure>\n<p>El alcalde ha se\u00f1alado que Estepona cuenta ahora con uno de los recintos feriales m\u00e1s innovadores, ya que se trata de un equipamiento -con m\u00e1s de 70.000 metros cuadrados de superficie- que podr\u00e1 ser disfrutado durante todo el a\u00f1o. Dispone de 23 pistas deportivas y 22 casetas para entidades sociales y culturales del municipio. <\/p>\n<p>El Parque Ferial, Deportivo y de Ocio puede ser en todo momento un lugar de encuentro y paseo, especialmente en el espacio acomodado entre la Plaza de los Pensadores y la Plaza de las Casetas, ambas con llamativas fuentes de agua. Durante todo el a\u00f1o, excepto los d\u00edas de feria, es un aut\u00e9ntico parque deportivo gratuito, y al aire libre, con actividades muy variadas; siempre compatibles con la cesi\u00f3n temporal de espacios a las atracciones y aparatos de feria. <\/p>\n<p><strong>Paseo Nuria Benzal<\/strong><\/p>\n<p>Precisamente, el vial que da acceso a estas \u00e1reas de pistas lleva ya el nombre Paseo Nuria Benzal, homenaje a la deportista esteponera jugadora de la selecci\u00f3n espa\u00f1ola de balonmano, que juega en el Fehervar h\u00fangaro. En cuanto a los espacios deportivos, el \u00e1rea dispone de una pista de patinaje, dos de tenis infantil, una de petanca, una zona de ajedrez de gigante, dos pistas de ping-pong, un circuito biosaludable, otro destinado a bicicletas, dos pistas de mini-f\u00fatbol, una pista de f\u00fatbol 7, dos de f\u00fatbol sala y balonmano, tres de voleibol, dos de baloncesto, dos de mini-basket, un circuito interior de atletismo y una zona de velocidad que incluir\u00e1 siete calles de 100 metros de longitud. <\/p>\n","protected":false},"excerpt":{"rendered":"<p>Publicado por Sophie Carefull M\u00e1s de 5.000 personas asisten a la puesta en funcionamiento de este nuevo espacio polivalente, de siete hect\u00e1reas de superficie, que re\u00fane 23 pistas deportivas de uso gratuito y amplias zonas de paseo. Estepona, 15 de junio de 2014.- La inauguraci\u00f3n del Parque Ferial, Deportivo y de Ocio de Estepona logr\u00f3 [&hellip;]<\/p>\n","protected":false},"author":1,"featured_media":0,"comment_status":"open","ping_status":"open","sticky":false,"template":"","format":"standard","meta":{"_genesis_hide_title":false,"_genesis_hide_breadcrumbs":false,"_genesis_hide_singular_image":false,"_genesis_hide_footer_widgets":false,"_genesis_custom_body_class":"","_genesis_custom_post_class":"","_genesis_layout":"","spay_email":"","jetpack_publicize_message":"","jetpack_is_tweetstorm":false},"categories":[3,21,9,8,5,11],"tags":[57,58,60,59],"yoast_head":"<!-- This site is optimized with the Yoast SEO plugin v16.1 - https:\/\/yoast.com\/wordpress\/plugins\/seo\/ -->\n<title>La inauguraci\u00f3n del Parque Ferial, Deportivo y de Ocio de Estepona logra r\u00e9cord Guinness con 1.800 personas bailando sevillanas - Blog de Andalucia.com<\/title>\n<link rel=\"canonical\" href=\"https:\/\/esp.andalucia.com\/blog\/la-inauguracion-del-parque-ferial-deportivo-y-de-ocio-logra-record-guinness-con-1-800-personas-bailando-sevillanas\/\" \/>\n<meta property=\"og:locale\" content=\"en_US\" \/>\n<meta property=\"og:type\" content=\"article\" \/>\n<meta property=\"og:title\" content=\"La inauguraci\u00f3n del Parque Ferial, Deportivo y de Ocio de Estepona logra r\u00e9cord Guinness con 1.800 personas bailando sevillanas - Blog de Andalucia.com\" \/>\n<meta property=\"og:description\" content=\"Publicado por Sophie Carefull M\u00e1s de 5.000 personas asisten a la puesta en funcionamiento de este nuevo espacio polivalente, de siete hect\u00e1reas de superficie, que re\u00fane 23 pistas deportivas de uso gratuito y amplias zonas de paseo. Estepona, 15 de junio de 2014.- La inauguraci\u00f3n del Parque Ferial, Deportivo y de Ocio de Estepona logr\u00f3 [&hellip;]\" \/>\n<meta property=\"og:url\" content=\"https:\/\/esp.andalucia.com\/blog\/la-inauguracion-del-parque-ferial-deportivo-y-de-ocio-logra-record-guinness-con-1-800-personas-bailando-sevillanas\/\" \/>\n<meta property=\"og:site_name\" content=\"Blog de Andalucia.com\" \/>\n<meta property=\"article:published_time\" content=\"2014-06-19T15:26:17+00:00\" \/>\n<meta property=\"article:modified_time\" content=\"2014-06-19T15:35:56+00:00\" \/>\n<meta property=\"og:image\" content=\"http:\/\/esp.andalucia.com\/blog\/wp-content\/uploads\/sevillanasrecinto.jpg\" \/>\n<meta name=\"twitter:card\" content=\"summary\" \/>\n<meta name=\"twitter:label1\" content=\"Est. reading time\">\n\t<meta name=\"twitter:data1\" content=\"4 minutes\">\n<script type=\"application\/ld+json\" class=\"yoast-schema-graph\">{\"@context\":\"https:\/\/schema.org\",\"@graph\":[{\"@type\":\"WebSite\",\"@id\":\"https:\/\/esp.andalucia.com\/blog\/#website\",\"url\":\"https:\/\/esp.andalucia.com\/blog\/\",\"name\":\"Blog de Andalucia.com\",\"description\":\"Blog de Andalucia\",\"potentialAction\":[{\"@type\":\"SearchAction\",\"target\":\"https:\/\/esp.andalucia.com\/blog\/?s={search_term_string}\",\"query-input\":\"required name=search_term_string\"}],\"inLanguage\":\"en-US\"},{\"@type\":\"ImageObject\",\"@id\":\"https:\/\/esp.andalucia.com\/blog\/la-inauguracion-del-parque-ferial-deportivo-y-de-ocio-logra-record-guinness-con-1-800-personas-bailando-sevillanas\/#primaryimage\",\"inLanguage\":\"en-US\",\"url\":\"http:\/\/esp.andalucia.com\/blog\/wp-content\/uploads\/sevillanasrecinto.jpg\",\"contentUrl\":\"http:\/\/esp.andalucia.com\/blog\/wp-content\/uploads\/sevillanasrecinto.jpg\"},{\"@type\":\"WebPage\",\"@id\":\"https:\/\/esp.andalucia.com\/blog\/la-inauguracion-del-parque-ferial-deportivo-y-de-ocio-logra-record-guinness-con-1-800-personas-bailando-sevillanas\/#webpage\",\"url\":\"https:\/\/esp.andalucia.com\/blog\/la-inauguracion-del-parque-ferial-deportivo-y-de-ocio-logra-record-guinness-con-1-800-personas-bailando-sevillanas\/\",\"name\":\"La inauguraci\\u00f3n del Parque Ferial, Deportivo y de Ocio de Estepona logra r\\u00e9cord Guinness con 1.800 personas bailando sevillanas - Blog de Andalucia.com\",\"isPartOf\":{\"@id\":\"https:\/\/esp.andalucia.com\/blog\/#website\"},\"primaryImageOfPage\":{\"@id\":\"https:\/\/esp.andalucia.com\/blog\/la-inauguracion-del-parque-ferial-deportivo-y-de-ocio-logra-record-guinness-con-1-800-personas-bailando-sevillanas\/#primaryimage\"},\"datePublished\":\"2014-06-19T15:26:17+00:00\",\"dateModified\":\"2014-06-19T15:35:56+00:00\",\"author\":{\"@id\":\"https:\/\/esp.andalucia.com\/blog\/#\/schema\/person\/764d18c08907ea2026c6652dbaa06aeb\"},\"breadcrumb\":{\"@id\":\"https:\/\/esp.andalucia.com\/blog\/la-inauguracion-del-parque-ferial-deportivo-y-de-ocio-logra-record-guinness-con-1-800-personas-bailando-sevillanas\/#breadcrumb\"},\"inLanguage\":\"en-US\",\"potentialAction\":[{\"@type\":\"ReadAction\",\"target\":[\"https:\/\/esp.andalucia.com\/blog\/la-inauguracion-del-parque-ferial-deportivo-y-de-ocio-logra-record-guinness-con-1-800-personas-bailando-sevillanas\/\"]}]},{\"@type\":\"BreadcrumbList\",\"@id\":\"https:\/\/esp.andalucia.com\/blog\/la-inauguracion-del-parque-ferial-deportivo-y-de-ocio-logra-record-guinness-con-1-800-personas-bailando-sevillanas\/#breadcrumb\",\"itemListElement\":[{\"@type\":\"ListItem\",\"position\":1,\"item\":{\"@type\":\"WebPage\",\"@id\":\"https:\/\/esp.andalucia.com\/blog\/\",\"url\":\"https:\/\/esp.andalucia.com\/blog\/\",\"name\":\"Portada\"}},{\"@type\":\"ListItem\",\"position\":2,\"item\":{\"@type\":\"WebPage\",\"@id\":\"https:\/\/esp.andalucia.com\/blog\/la-inauguracion-del-parque-ferial-deportivo-y-de-ocio-logra-record-guinness-con-1-800-personas-bailando-sevillanas\/\",\"url\":\"https:\/\/esp.andalucia.com\/blog\/la-inauguracion-del-parque-ferial-deportivo-y-de-ocio-logra-record-guinness-con-1-800-personas-bailando-sevillanas\/\",\"name\":\"La inauguraci\\u00f3n del Parque Ferial, Deportivo y de Ocio de Estepona logra r\\u00e9cord Guinness con 1.800 personas bailando sevillanas\"}}]},{\"@type\":\"Person\",\"@id\":\"https:\/\/esp.andalucia.com\/blog\/#\/schema\/person\/764d18c08907ea2026c6652dbaa06aeb\",\"name\":\"admin\",\"image\":{\"@type\":\"ImageObject\",\"@id\":\"https:\/\/esp.andalucia.com\/blog\/#personlogo\",\"inLanguage\":\"en-US\",\"url\":\"https:\/\/secure.gravatar.com\/avatar\/483f554353dd1f8b3b9ac7b28ff59e21?s=96&d=mm&r=g\",\"contentUrl\":\"https:\/\/secure.gravatar.com\/avatar\/483f554353dd1f8b3b9ac7b28ff59e21?s=96&d=mm&r=g\",\"caption\":\"admin\"}}]}<\/script>\n<!-- \/ Yoast SEO plugin. -->","jetpack_featured_media_url":"","jetpack_publicize_connections":[],"jetpack_sharing_enabled":true,"jetpack_shortlink":"https:\/\/wp.me\/p7VLto-jc","_links":{"self":[{"href":"https:\/\/esp.andalucia.com\/blog\/wp-json\/wp\/v2\/posts\/1190"}],"collection":[{"href":"https:\/\/esp.andalucia.com\/blog\/wp-json\/wp\/v2\/posts"}],"about":[{"href":"https:\/\/esp.andalucia.com\/blog\/wp-json\/wp\/v2\/types\/post"}],"author":[{"embeddable":true,"href":"https:\/\/esp.andalucia.com\/blog\/wp-json\/wp\/v2\/users\/1"}],"replies":[{"embeddable":true,"href":"https:\/\/esp.andalucia.com\/blog\/wp-json\/wp\/v2\/comments?post=1190"}],"version-history":[{"count":8,"href":"https:\/\/esp.andalucia.com\/blog\/wp-json\/wp\/v2\/posts\/1190\/revisions"}],"predecessor-version":[{"id":1201,"href":"https:\/\/esp.andalucia.com\/blog\/wp-json\/wp\/v2\/posts\/1190\/revisions\/1201"}],"wp:attachment":[{"href":"https:\/\/esp.andalucia.com\/blog\/wp-json\/wp\/v2\/media?parent=1190"}],"wp:term":[{"taxonomy":"category","embeddable":true,"href":"https:\/\/esp.andalucia.com\/blog\/wp-json\/wp\/v2\/categories?post=1190"},{"taxonomy":"post_tag","embeddable":true,"href":"https:\/\/esp.andalucia.com\/blog\/wp-json\/wp\/v2\/tags?post=1190"}],"curies":[{"name":"wp","href":"https:\/\/api.w.org\/{rel}","templated":true}]}}