{"id":1081,"date":"2013-10-09T10:53:14","date_gmt":"2013-10-09T10:53:14","guid":{"rendered":"http:\/\/esp.andalucia.com\/blog\/?p=1081"},"modified":"2013-10-09T10:53:14","modified_gmt":"2013-10-09T10:53:14","slug":"el-actor-malagueno-antonio-de-la-torre-recibe-el-premio-ciudad-de-huelva","status":"publish","type":"post","link":"https:\/\/esp.andalucia.com\/blog\/el-actor-malagueno-antonio-de-la-torre-recibe-el-premio-ciudad-de-huelva\/","title":{"rendered":"El actor malague\u00f1o Antonio de la Torre recibe el Premio &#8216;Ciudad de Huelva&#8217;"},"content":{"rendered":"<p>El <a title=\"Info general sobre el Festival de Cine Iberoamericano de Huelva\" href=\"http:\/\/www.esp.andalucia.com\/ocio\/festivalesdecine\/huelva.htm\" target=\"_blank\"><b>Festival de Cine Iberoamericano de Huelva<\/b><\/a> ha decidido conceder al actor malague\u00f1o <b>Antonio de la Torre<\/b>, el Premio &#8216;Ciudad de Huelva&#8217;. Es el galard\u00f3n m\u00e1ximo que este festival concede para reconocer la trayectoria de un profesional destacado del sector cinematogr\u00e1fico y audiovisual. La entrega del galard\u00f3n a Antonio de la Torre tendr\u00e1 lugar durante la celebraci\u00f3n de la 39 edici\u00f3n del festival, posiblemente el viernes, 22 de noviembre (la fecha a\u00fan est\u00e1 pendiente de confirmar).<\/p>\n<p>El Iberoamericano quiere, as\u00ed, reconocer la genialidad interpretativa, la pasi\u00f3n, fuerza e implicaci\u00f3n de Antonio de la Torre en cada uno de sus personajes; la versatilidad actoral de un int\u00e9rprete de gran trayectoria y proyecci\u00f3n tanto nacional como internacional.<\/p>\n<p>&nbsp;<\/p>\n<figure id=\"attachment_1082\" aria-describedby=\"caption-attachment-1082\" style=\"width: 598px\" class=\"wp-caption aligncenter\"><a href=\"http:\/\/esp.andalucia.com\/blog\/wp-content\/uploads\/Antonio-de-la-Torre.jpg\"><img loading=\"lazy\" class=\"size-full wp-image-1082\" alt=\"Antonio de la Torre en el largometraje 'Can\u00edbal', de Manuel Mart\u00edn Cuenca.\" src=\"http:\/\/esp.andalucia.com\/blog\/wp-content\/uploads\/Antonio-de-la-Torre.jpg\" width=\"598\" height=\"399\" srcset=\"https:\/\/esp.andalucia.com\/blog\/wp-content\/uploads\/Antonio-de-la-Torre.jpg 598w, https:\/\/esp.andalucia.com\/blog\/wp-content\/uploads\/Antonio-de-la-Torre-300x200.jpg 300w\" sizes=\"(max-width: 598px) 100vw, 598px\" \/><\/a><figcaption id=\"caption-attachment-1082\" class=\"wp-caption-text\">Antonio de la Torre en el largometraje &#8216;Can\u00edbal&#8217;, de Manuel Mart\u00edn Cuenca.<\/figcaption><\/figure>\n<p>&nbsp;<\/p>\n<p>De la Torre se encuentra actualmente en cartelera con el \u00faltimo filme de Daniel S\u00e1nchez Ar\u00e9valo, \u2018La gran familia espa\u00f1ola\u2019 (2013) y con el thriller \u2018Can\u00edbal\u2019 (2013), de Manuel Mart\u00edn Cuenca, y \u2018Gente en sitios\u2019 (2013), de Juan Cavestany, pendientes estos dos \u00faltimos de estreno en las salas comerciales. Fue precisamente de la mano de Daniel S\u00e1nchez Ar\u00e9valo con quien De la Torre tuvo su gran oportunidad en el cine. Ya hab\u00eda trabajado con \u00e9l en distintos cortometrajes, \u2018Profilaxis\u2019 (2003) o \u2018Traumalog\u00eda\u2019 (2007), entre otros.<\/p>\n<p>Su \u00faltimo trabajo, a\u00fan en fase de rodaje, lleva por t\u00edtulo \u2018F2014\u2019. Dirigida por el franc\u00e9s Fr\u00e9d\u00e9ric Auburtin, De la Torre repite en un reparto internacional despu\u00e9s de su participaci\u00f3n, bajo las directrices de Steven Soderbergh, en \u2018Che: Guerrilla\u2019 (2008).<\/p>\n<p><b>Otros premios y nominaciones<\/b><\/p>\n<p>El actor malague\u00f1o Antonio de la Torre, que ya ha participado en m\u00e1s de un centenar de largometrajes, ha acumulado m\u00e1s de una decena de premios a lo largo de su carrera, adem\u00e1s de otras tantas nominaciones.<\/p>\n<p>Su interpretaci\u00f3n en la \u00f3pera prima \u2018Azuloscurocasinegro\u2019 (2006) le vali\u00f3 su primera nominaci\u00f3n y el Goya al Mejor Actor de Reparto, papel por el que tambi\u00e9n fue reconocido por la Uni\u00f3n de Actores. Su nombre figur\u00f3 en dos categor\u00edas en la pasada edici\u00f3n de los Goya: Mejor Actor Principal por su papel en \u2018Grupo 7\u2019 (2012), de Alberto Rodr\u00edguez; y Mejor Actor de Reparto por \u2018Invasor\u2019 (2012), de Daniel Calparsoro. Por su papel en <a title=\"Entrevista a De la Torre cuando estaba grabando 'Balada triste de trompeta'\" href=\"http:\/\/www.esp.andalucia.com\/sociedad\/personajes\/antonio-de-la-torre.htm\" target=\"_blank\">\u2018Balada triste de trompeta\u2019<\/a> (2010), de \u00c1lex de la Iglesia, fue nominado al Goya como Actor Principal, categor\u00eda en la que tambi\u00e9n figur\u00f3 un a\u00f1o antes por otro de sus papeles, m\u00e1s conocidos, en el filme \u2018Gordos\u2019 (2009), donde volvi\u00f3 a trabajar a las \u00f3rdenes de Daniel S\u00e1nchez Ar\u00e9valo.<\/p>\n<p>La Uni\u00f3n de Actores tambi\u00e9n ha reconocido en las \u00faltimas ediciones de sus galardones sus trabajos en \u2018Lope\u2019 (2010), de Andrucha Waddington; y \u2018Primos\u2019 (2011), de Daniel S\u00e1nchez Ar\u00e9valo, como Mejor Actor de Reparto de Cine; y en la citada \u2018Grupo 7\u2019 como Mejor Actor Protagonista de Cine.<\/p>\n<p><b>39 Festival de Cine Iberoamericano de Huelva<\/b><\/p>\n<p>La <a title=\"Sitio web oficial del Festival de Cine Iberoamericano de Huelva\" href=\"http:\/\/www.festicinehuelva.es\/index.asp#spv=0\" target=\"_blank\">39 edici\u00f3n del Iberoamericano<\/a>, que se desarrollar\u00e1 entre los d\u00edas 16 y 23 de noviembre, \u00a0ha vuelto a batir record de cintas inscritas: un total de 742, frente a las 648 de la pasada edici\u00f3n. Argentina, Brasil, Espa\u00f1a y M\u00e9xico vuelven a liderar la procedencia de estas producciones audiovisuales, de entre las 23 nacionalidades que han presentado sus trabajos hasta el pasado d\u00eda 15, fecha en que qued\u00f3 cerrado el plazo de inscripci\u00f3n.<\/p>\n<p>Ahora, el Departamento de Programaci\u00f3n del Festival debe seleccionar, de las 742 cintas inscritas, los t\u00edtulos que terminar\u00e1n concurriendo a la Secci\u00f3n Oficial a Concurso, tanto en la modalidad de largometrajes \u2013optando al Col\u00f3n de Oro, m\u00e1ximo galard\u00f3n del certamen- como en la de cortometrajes y distintas secciones paralelas.<\/p>\n<figure id=\"attachment_1084\" aria-describedby=\"caption-attachment-1084\" style=\"width: 598px\" class=\"wp-caption aligncenter\"><a href=\"http:\/\/esp.andalucia.com\/blog\/wp-content\/uploads\/39-festival-de-huelva-cine.jpg\"><img loading=\"lazy\" class=\"size-full wp-image-1084\" alt=\"Cartel del 39 Festival de Cine Iberoamericano de Huelva.\" src=\"http:\/\/esp.andalucia.com\/blog\/wp-content\/uploads\/39-festival-de-huelva-cine.jpg\" width=\"598\" height=\"839\" srcset=\"https:\/\/esp.andalucia.com\/blog\/wp-content\/uploads\/39-festival-de-huelva-cine.jpg 598w, https:\/\/esp.andalucia.com\/blog\/wp-content\/uploads\/39-festival-de-huelva-cine-213x300.jpg 213w\" sizes=\"(max-width: 598px) 100vw, 598px\" \/><\/a><figcaption id=\"caption-attachment-1084\" class=\"wp-caption-text\">Cartel del 39 Festival de Cine Iberoamericano de Huelva.<\/figcaption><\/figure>\n","protected":false},"excerpt":{"rendered":"<p>El Festival de Cine Iberoamericano de Huelva ha decidido conceder al actor malague\u00f1o Antonio de la Torre, el Premio &#8216;Ciudad de Huelva&#8217;. Es el galard\u00f3n m\u00e1ximo que este festival concede para reconocer la trayectoria de un profesional destacado del sector cinematogr\u00e1fico y audiovisual. La entrega del galard\u00f3n a Antonio de la Torre tendr\u00e1 lugar durante [&hellip;]<\/p>\n","protected":false},"author":1,"featured_media":0,"comment_status":"open","ping_status":"open","sticky":false,"template":"","format":"standard","meta":{"_genesis_hide_title":false,"_genesis_hide_breadcrumbs":false,"_genesis_hide_singular_image":false,"_genesis_hide_footer_widgets":false,"_genesis_custom_body_class":"","_genesis_custom_post_class":"","_genesis_layout":"","spay_email":"","jetpack_publicize_message":"","jetpack_is_tweetstorm":false},"categories":[30,15,10,3,29,13,11,32,22],"tags":[],"yoast_head":"<!-- This site is optimized with the Yoast SEO plugin v16.1 - https:\/\/yoast.com\/wordpress\/plugins\/seo\/ -->\n<title>El actor malague\u00f1o Antonio de la Torre recibe el Premio &#039;Ciudad de Huelva&#039; - Blog de Andalucia.com<\/title>\n<link rel=\"canonical\" href=\"https:\/\/esp.andalucia.com\/blog\/el-actor-malagueno-antonio-de-la-torre-recibe-el-premio-ciudad-de-huelva\/\" \/>\n<meta property=\"og:locale\" content=\"en_US\" \/>\n<meta property=\"og:type\" content=\"article\" \/>\n<meta property=\"og:title\" content=\"El actor malague\u00f1o Antonio de la Torre recibe el Premio &#039;Ciudad de Huelva&#039; - Blog de Andalucia.com\" \/>\n<meta property=\"og:description\" content=\"El Festival de Cine Iberoamericano de Huelva ha decidido conceder al actor malague\u00f1o Antonio de la Torre, el Premio &#8216;Ciudad de Huelva&#8217;. Es el galard\u00f3n m\u00e1ximo que este festival concede para reconocer la trayectoria de un profesional destacado del sector cinematogr\u00e1fico y audiovisual. La entrega del galard\u00f3n a Antonio de la Torre tendr\u00e1 lugar durante [&hellip;]\" \/>\n<meta property=\"og:url\" content=\"https:\/\/esp.andalucia.com\/blog\/el-actor-malagueno-antonio-de-la-torre-recibe-el-premio-ciudad-de-huelva\/\" \/>\n<meta property=\"og:site_name\" content=\"Blog de Andalucia.com\" \/>\n<meta property=\"article:published_time\" content=\"2013-10-09T10:53:14+00:00\" \/>\n<meta property=\"og:image\" content=\"http:\/\/esp.andalucia.com\/blog\/wp-content\/uploads\/Antonio-de-la-Torre.jpg\" \/>\n<meta name=\"twitter:card\" content=\"summary\" \/>\n<meta name=\"twitter:label1\" content=\"Est. reading time\">\n\t<meta name=\"twitter:data1\" content=\"3 minutes\">\n<script type=\"application\/ld+json\" class=\"yoast-schema-graph\">{\"@context\":\"https:\/\/schema.org\",\"@graph\":[{\"@type\":\"WebSite\",\"@id\":\"https:\/\/esp.andalucia.com\/blog\/#website\",\"url\":\"https:\/\/esp.andalucia.com\/blog\/\",\"name\":\"Blog de Andalucia.com\",\"description\":\"Blog de Andalucia\",\"potentialAction\":[{\"@type\":\"SearchAction\",\"target\":\"https:\/\/esp.andalucia.com\/blog\/?s={search_term_string}\",\"query-input\":\"required name=search_term_string\"}],\"inLanguage\":\"en-US\"},{\"@type\":\"ImageObject\",\"@id\":\"https:\/\/esp.andalucia.com\/blog\/el-actor-malagueno-antonio-de-la-torre-recibe-el-premio-ciudad-de-huelva\/#primaryimage\",\"inLanguage\":\"en-US\",\"url\":\"http:\/\/esp.andalucia.com\/blog\/wp-content\/uploads\/Antonio-de-la-Torre.jpg\",\"contentUrl\":\"http:\/\/esp.andalucia.com\/blog\/wp-content\/uploads\/Antonio-de-la-Torre.jpg\"},{\"@type\":\"WebPage\",\"@id\":\"https:\/\/esp.andalucia.com\/blog\/el-actor-malagueno-antonio-de-la-torre-recibe-el-premio-ciudad-de-huelva\/#webpage\",\"url\":\"https:\/\/esp.andalucia.com\/blog\/el-actor-malagueno-antonio-de-la-torre-recibe-el-premio-ciudad-de-huelva\/\",\"name\":\"El actor malague\\u00f1o Antonio de la Torre recibe el Premio 'Ciudad de Huelva' - Blog de Andalucia.com\",\"isPartOf\":{\"@id\":\"https:\/\/esp.andalucia.com\/blog\/#website\"},\"primaryImageOfPage\":{\"@id\":\"https:\/\/esp.andalucia.com\/blog\/el-actor-malagueno-antonio-de-la-torre-recibe-el-premio-ciudad-de-huelva\/#primaryimage\"},\"datePublished\":\"2013-10-09T10:53:14+00:00\",\"dateModified\":\"2013-10-09T10:53:14+00:00\",\"author\":{\"@id\":\"https:\/\/esp.andalucia.com\/blog\/#\/schema\/person\/764d18c08907ea2026c6652dbaa06aeb\"},\"breadcrumb\":{\"@id\":\"https:\/\/esp.andalucia.com\/blog\/el-actor-malagueno-antonio-de-la-torre-recibe-el-premio-ciudad-de-huelva\/#breadcrumb\"},\"inLanguage\":\"en-US\",\"potentialAction\":[{\"@type\":\"ReadAction\",\"target\":[\"https:\/\/esp.andalucia.com\/blog\/el-actor-malagueno-antonio-de-la-torre-recibe-el-premio-ciudad-de-huelva\/\"]}]},{\"@type\":\"BreadcrumbList\",\"@id\":\"https:\/\/esp.andalucia.com\/blog\/el-actor-malagueno-antonio-de-la-torre-recibe-el-premio-ciudad-de-huelva\/#breadcrumb\",\"itemListElement\":[{\"@type\":\"ListItem\",\"position\":1,\"item\":{\"@type\":\"WebPage\",\"@id\":\"https:\/\/esp.andalucia.com\/blog\/\",\"url\":\"https:\/\/esp.andalucia.com\/blog\/\",\"name\":\"Portada\"}},{\"@type\":\"ListItem\",\"position\":2,\"item\":{\"@type\":\"WebPage\",\"@id\":\"https:\/\/esp.andalucia.com\/blog\/el-actor-malagueno-antonio-de-la-torre-recibe-el-premio-ciudad-de-huelva\/\",\"url\":\"https:\/\/esp.andalucia.com\/blog\/el-actor-malagueno-antonio-de-la-torre-recibe-el-premio-ciudad-de-huelva\/\",\"name\":\"El actor malague\\u00f1o Antonio de la Torre recibe el Premio &#8216;Ciudad de Huelva&#8217;\"}}]},{\"@type\":\"Person\",\"@id\":\"https:\/\/esp.andalucia.com\/blog\/#\/schema\/person\/764d18c08907ea2026c6652dbaa06aeb\",\"name\":\"admin\",\"image\":{\"@type\":\"ImageObject\",\"@id\":\"https:\/\/esp.andalucia.com\/blog\/#personlogo\",\"inLanguage\":\"en-US\",\"url\":\"https:\/\/secure.gravatar.com\/avatar\/483f554353dd1f8b3b9ac7b28ff59e21?s=96&d=mm&r=g\",\"contentUrl\":\"https:\/\/secure.gravatar.com\/avatar\/483f554353dd1f8b3b9ac7b28ff59e21?s=96&d=mm&r=g\",\"caption\":\"admin\"}}]}<\/script>\n<!-- \/ Yoast SEO plugin. -->","jetpack_featured_media_url":"","jetpack_publicize_connections":[],"jetpack_sharing_enabled":true,"jetpack_shortlink":"https:\/\/wp.me\/p7VLto-hr","_links":{"self":[{"href":"https:\/\/esp.andalucia.com\/blog\/wp-json\/wp\/v2\/posts\/1081"}],"collection":[{"href":"https:\/\/esp.andalucia.com\/blog\/wp-json\/wp\/v2\/posts"}],"about":[{"href":"https:\/\/esp.andalucia.com\/blog\/wp-json\/wp\/v2\/types\/post"}],"author":[{"embeddable":true,"href":"https:\/\/esp.andalucia.com\/blog\/wp-json\/wp\/v2\/users\/1"}],"replies":[{"embeddable":true,"href":"https:\/\/esp.andalucia.com\/blog\/wp-json\/wp\/v2\/comments?post=1081"}],"version-history":[{"count":1,"href":"https:\/\/esp.andalucia.com\/blog\/wp-json\/wp\/v2\/posts\/1081\/revisions"}],"predecessor-version":[{"id":1085,"href":"https:\/\/esp.andalucia.com\/blog\/wp-json\/wp\/v2\/posts\/1081\/revisions\/1085"}],"wp:attachment":[{"href":"https:\/\/esp.andalucia.com\/blog\/wp-json\/wp\/v2\/media?parent=1081"}],"wp:term":[{"taxonomy":"category","embeddable":true,"href":"https:\/\/esp.andalucia.com\/blog\/wp-json\/wp\/v2\/categories?post=1081"},{"taxonomy":"post_tag","embeddable":true,"href":"https:\/\/esp.andalucia.com\/blog\/wp-json\/wp\/v2\/tags?post=1081"}],"curies":[{"name":"wp","href":"https:\/\/api.w.org\/{rel}","templated":true}]}}