{"id":1030,"date":"2013-08-07T17:32:45","date_gmt":"2013-08-07T17:32:45","guid":{"rendered":"http:\/\/esp.andalucia.com\/blog\/?p=1030"},"modified":"2013-08-07T17:32:45","modified_gmt":"2013-08-07T17:32:45","slug":"el-starlite-festival-2013-llega-a-su-ecuador","status":"publish","type":"post","link":"https:\/\/esp.andalucia.com\/blog\/el-starlite-festival-2013-llega-a-su-ecuador\/","title":{"rendered":"El Starlite Festival 2013 llega a su ecuador"},"content":{"rendered":"<p>El <strong>Starlite Festival 2013<\/strong> llega hoy a su ecuador y se acerca a uno de los momentos m\u00e1s destacados de su programaci\u00f3n: la <strong><a title=\"StarliteGala2013\" href=\"http:\/\/www.esp.andalucia.com\/eventos\/moreinfo.php?id=12923\" target=\"_blank\">Starlite Gala<\/a><\/strong>, que se anuncia como la gala ben\u00e9fica m\u00e1s importante de Espa\u00f1a y que, en su IV edici\u00f3n tendr\u00e1 lugar el pr\u00f3ximo s\u00e1bado 10 de agosto, en la Cantera de Nag\u00fceles de Marbella, a partir de las 20:30 horas.<\/p>\n<p>Desde que el pasado 23 de julio diera comienzo este festival, en la Cantera de Nag\u00fceles, un singular espacio al aire libre lleno de encanto, se han sucedido exposiciones, estrenos de pel\u00edculas como la de Guerra Mundial Z y conciertos de artistas destacados como Bryan Adams, Noa, Julio Iglesias y Jamie Cullum entre otros.<\/p>\n<p>&nbsp;<\/p>\n<figure id=\"attachment_1033\" aria-describedby=\"caption-attachment-1033\" style=\"width: 300px\" class=\"wp-caption aligncenter\"><a href=\"http:\/\/esp.andalucia.com\/blog\/wp-content\/uploads\/JAIME-CULLUM.jpg\"><img loading=\"lazy\" class=\"size-medium wp-image-1033\" alt=\"Concierto en el Starlite Festival 2013\" src=\"http:\/\/esp.andalucia.com\/blog\/wp-content\/uploads\/JAIME-CULLUM-300x199.jpg\" width=\"300\" height=\"199\" srcset=\"https:\/\/esp.andalucia.com\/blog\/wp-content\/uploads\/JAIME-CULLUM-300x199.jpg 300w, https:\/\/esp.andalucia.com\/blog\/wp-content\/uploads\/JAIME-CULLUM-1024x682.jpg 1024w\" sizes=\"(max-width: 300px) 100vw, 300px\" \/><\/a><figcaption id=\"caption-attachment-1033\" class=\"wp-caption-text\">Concierto en el Starlite Festival 2013<\/figcaption><\/figure>\n<p>&nbsp;<\/p>\n<p>Dos de nuestras compa\u00f1eras de\u00a0<strong><a title=\"Andalucia.com\" href=\"http:\/\/www.esp.andalucia.com\/\" target=\"_blank\">Andalucia.com<\/a><\/strong> tuvieron el privilegio de presenciar el concierto de Jamie Cullum, y nos cuentan c\u00f3mo lo vivieron.\u00a0A continuaci\u00f3n, sus particulares cr\u00f3nicas del concierto:<\/p>\n<p>&nbsp;<\/p>\n<p><strong>Ana Manzado<\/strong>: &#8220;S\u00f3lo llegar al recinto, la Cantera de Nag\u00fceles de Marbella, ya me qued\u00e9 impresionada: por su localizaci\u00f3n, por la buena organizaci\u00f3n del evento y por la amabilidad con la que el personal del Starlite Festival nos recibi\u00f3.<\/p>\n<p>El sitio merece la pena visitarlo aunque no asistas a ninguno de los conciertos programados del Starlite Festival. \u00a1Qu\u00e9 dudo mucho que no quieras asistir a ninguno, teniendo en cuenta la categor\u00eda de los artistas que pasar\u00e1n por este escenario con motivo del festival! Un espacio al aire libre lleno de encanto que invita al relax, muy bien decorado, todo muy bien organizado y con un estupendo rinconcito convertido en restaurante donde degustar sabrosos manjares. \u00bfC\u00f3mo de una cantera de piedra se puede hacer un sitio tan c\u00f3modo y tan singular? Una gozada de lugar para disfrutar de una noche de verano en Marbella.<\/p>\n<p>&nbsp;<\/p>\n<figure id=\"attachment_1034\" aria-describedby=\"caption-attachment-1034\" style=\"width: 300px\" class=\"wp-caption aligncenter\"><a href=\"http:\/\/esp.andalucia.com\/blog\/wp-content\/uploads\/JAIME-AUDITORIO.jpg\"><img loading=\"lazy\" class=\"size-medium wp-image-1034\" alt=\"Starlite Festival 2012. Concierto de Jamie Cullum\" src=\"http:\/\/esp.andalucia.com\/blog\/wp-content\/uploads\/JAIME-AUDITORIO-300x199.jpg\" width=\"300\" height=\"199\" srcset=\"https:\/\/esp.andalucia.com\/blog\/wp-content\/uploads\/JAIME-AUDITORIO-300x199.jpg 300w, https:\/\/esp.andalucia.com\/blog\/wp-content\/uploads\/JAIME-AUDITORIO-1024x682.jpg 1024w\" sizes=\"(max-width: 300px) 100vw, 300px\" \/><\/a><figcaption id=\"caption-attachment-1034\" class=\"wp-caption-text\">Starlite Festival 2012. Concierto de Jamie Cullum<\/figcaption><\/figure>\n<p>&nbsp;<\/p>\n<p>Y poder disfrutar del concierto de Jamie Cullum, una maravilla. Desde el principio, demostr\u00f3 que es un artista como la copa de un pino; con fuerza, con garra, desinhibido, entregado totalmente; cantando y tocando el piano, dirigi\u00e9ndose al p\u00fablico con mucho cari\u00f1o y estima; haciendo del concierto una noche inolvidable. Y como broche final, la actuaci\u00f3n de Roko, que demostr\u00f3 una vez m\u00e1s su gran versatilidad y su maravillosa voz&#8221;.<\/p>\n<p>&nbsp;<\/p>\n<p><strong>Encarna Tejada<\/strong>: &#8220;Jamie Cullum ha empezado su concierto pasadas las diez de la noche, tocando un tambor en el centro del escenario para luego seguir con los acordes de su tema <em>The same things<\/em>. El p\u00fablico ha estado animado en todo momento, aplaudiendo al cantante y a sus m\u00fasicos despu\u00e9s de cada tema. A lo largo de todo el concierto se ha dado buena cuenta del talento instrumental de todos los artistas que en ese momento ocupaban el escenario, sobre todo de sus aptitudes jazz\u00edsticas. No en vano, la m\u00fasica de Jamie Cullum es una particular mezcla de jazz, pop y soul.<\/p>\n<p>&nbsp;<\/p>\n<figure id=\"attachment_1035\" aria-describedby=\"caption-attachment-1035\" style=\"width: 300px\" class=\"wp-caption aligncenter\"><a href=\"http:\/\/esp.andalucia.com\/blog\/wp-content\/uploads\/JAIME-PLATILLOS.jpg\"><img loading=\"lazy\" class=\"size-medium wp-image-1035\" alt=\"Jamie Cullum en concierto en el Starlite Festival 2013\" src=\"http:\/\/esp.andalucia.com\/blog\/wp-content\/uploads\/JAIME-PLATILLOS-300x200.jpg\" width=\"300\" height=\"200\" srcset=\"https:\/\/esp.andalucia.com\/blog\/wp-content\/uploads\/JAIME-PLATILLOS-300x200.jpg 300w, https:\/\/esp.andalucia.com\/blog\/wp-content\/uploads\/JAIME-PLATILLOS-1024x682.jpg 1024w\" sizes=\"(max-width: 300px) 100vw, 300px\" \/><\/a><figcaption id=\"caption-attachment-1035\" class=\"wp-caption-text\">Jamie Cullum en concierto en el Starlite Festival 2013<\/figcaption><\/figure>\n<p>&nbsp;<\/p>\n<p>Cuando se ha dirigido por primera vez al p\u00fablico, Cullum lo ha hecho para bromear, diciendo que si alguien pensaba que estaba en un concierto de Julio Iglesias, no estaba en el sitio correcto. Acto seguido, reconoci\u00f3 la admiraci\u00f3n que siente por este artista espa\u00f1ol y a\u00f1adi\u00f3 que le encantar\u00eda tener una larga carrera de \u00e9xitos semejante a la de nuestro internacional cantante. Tambi\u00e9n brome\u00f3 preguntando por el n\u00famero de mujeres que ha tenido Julio Iglesias a lo largo de su vida y que \u00e9l cree que en este sentido no le podr\u00e1 alcanzar.<\/p>\n<p>A lo largo del concierto, y como no pod\u00eda ser de otro modo, ha ido presentando uno a uno a los miembros de su banda, y nos ha contado que era el cumplea\u00f1os del contrabajo. En \u00a0ese momento, empezaron a sonar los acordes del <em>Happy Birthday<\/em>, que todo el p\u00fablico corre\u00f3 muy animadamente.<\/p>\n<p>Jamie Cullum ha demostrado ser una persona muy divertida, haciendo todo tipo de bromas durante su actuaci\u00f3n. Adem\u00e1s de la ya mencionada, tambi\u00e9n brome\u00f3 cuando una fan se le acerc\u00f3 para darle un regalo. Nos dijo que nos equivoc\u00e1bamos si pens\u00e1bamos que era el t\u00edpico regalo para un artista jovencito de una fan que busca algo m\u00e1s del artista. Que aunque muchos creen que tiene 25 a\u00f1os, ya tiene 33 y dos hijas peque\u00f1as que ser\u00e1n las que recibir\u00e1n el regalo. Tambi\u00e9n a\u00f1adi\u00f3 que no ten\u00eda problema en que le lanzaran ropa interior, pero eso s\u00ed, que por favor si era masculina, que fuera de talla mediana y estuviera limpia.<\/p>\n<p>&nbsp;<\/p>\n<figure id=\"attachment_1036\" aria-describedby=\"caption-attachment-1036\" style=\"width: 300px\" class=\"wp-caption aligncenter\"><a href=\"http:\/\/esp.andalucia.com\/blog\/wp-content\/uploads\/JAIME-CULLUM-SALTO.jpg\"><img loading=\"lazy\" class=\"size-medium wp-image-1036\" alt=\"Jamie Cullum en el Starlite Festival 2013\" src=\"http:\/\/esp.andalucia.com\/blog\/wp-content\/uploads\/JAIME-CULLUM-SALTO-300x199.jpg\" width=\"300\" height=\"199\" srcset=\"https:\/\/esp.andalucia.com\/blog\/wp-content\/uploads\/JAIME-CULLUM-SALTO-300x199.jpg 300w, https:\/\/esp.andalucia.com\/blog\/wp-content\/uploads\/JAIME-CULLUM-SALTO-1024x681.jpg 1024w\" sizes=\"(max-width: 300px) 100vw, 300px\" \/><\/a><figcaption id=\"caption-attachment-1036\" class=\"wp-caption-text\">Jamie Cullum en el Starlite Festival 2013<\/figcaption><\/figure>\n<p>&nbsp;<\/p>\n<p>Ya avanzado el espect\u00e1culo, Cullum ha salido del escenario para mezclarse con el p\u00fablico y, sin dejar de cantar, se ha abrazado y besado con muchas de sus fans. Todo el p\u00fablico se ha puesto en pie y muchos han sacado su m\u00f3vil para grabar este especial momento.<\/p>\n<p>El concierto ha terminado con todo el auditorio en pie y uniendo sus voces a la del cantante, que hac\u00eda las pertinente indicaciones a modo de director de orquesta.<\/p>\n<p>&nbsp;<\/p>\n<figure id=\"attachment_1037\" aria-describedby=\"caption-attachment-1037\" style=\"width: 300px\" class=\"wp-caption aligncenter\"><a href=\"http:\/\/esp.andalucia.com\/blog\/wp-content\/uploads\/jamie-cullum-de-espaldas.jpg\"><img loading=\"lazy\" class=\"size-medium wp-image-1037\" alt=\"Jamie Cullum en el Starlite Festival 2013\" src=\"http:\/\/esp.andalucia.com\/blog\/wp-content\/uploads\/jamie-cullum-de-espaldas-300x200.jpg\" width=\"300\" height=\"200\" srcset=\"https:\/\/esp.andalucia.com\/blog\/wp-content\/uploads\/jamie-cullum-de-espaldas-300x200.jpg 300w, https:\/\/esp.andalucia.com\/blog\/wp-content\/uploads\/jamie-cullum-de-espaldas-1024x682.jpg 1024w\" sizes=\"(max-width: 300px) 100vw, 300px\" \/><\/a><figcaption id=\"caption-attachment-1037\" class=\"wp-caption-text\">Jamie Cullum en el Starlite Festival 2013<\/figcaption><\/figure>\n<p>&nbsp;<\/p>\n<p>Ha sido una noche fant\u00e1stica, en la que un maravilloso m\u00fasico se nos ha descubierto tambi\u00e9n como un artista divertido y cercano&#8221;.<\/p>\n<p>El <a title=\"StarliteFestival\" href=\"http:\/\/www.starlitefestival.com\/\" target=\"_blank\">Starlite Festival 2013<\/a> continuar\u00e1 con su programaci\u00f3n hasta el pr\u00f3ximo 24 de agosto. El artista andaluz \u00a0<a title=\"Entrevista a David Bisbal\" href=\"http:\/\/www.esp.andalucia.com\/sociedad\/musica\/david-bisbal.htm\" target=\"_blank\"><strong>David Bisbal<\/strong><\/a> ser\u00e1 en encargado que ofrecer el \u00faltimo concierto.<\/p>\n<p>&nbsp;<\/p>\n<p>&nbsp;<\/p>\n","protected":false},"excerpt":{"rendered":"<p>El Starlite Festival 2013 llega hoy a su ecuador y se acerca a uno de los momentos m\u00e1s destacados de su programaci\u00f3n: la Starlite Gala, que se anuncia como la gala ben\u00e9fica m\u00e1s importante de Espa\u00f1a y que, en su IV edici\u00f3n tendr\u00e1 lugar el pr\u00f3ximo s\u00e1bado 10 de agosto, en la Cantera de Nag\u00fceles [&hellip;]<\/p>\n","protected":false},"author":1,"featured_media":0,"comment_status":"open","ping_status":"open","sticky":false,"template":"","format":"standard","meta":{"_genesis_hide_title":false,"_genesis_hide_breadcrumbs":false,"_genesis_hide_singular_image":false,"_genesis_hide_footer_widgets":false,"_genesis_custom_body_class":"","_genesis_custom_post_class":"","_genesis_layout":"","spay_email":"","jetpack_publicize_message":"","jetpack_is_tweetstorm":false},"categories":[30,31,15,10,29,13,14,5,11,26],"tags":[],"yoast_head":"<!-- This site is optimized with the Yoast SEO plugin v16.1 - https:\/\/yoast.com\/wordpress\/plugins\/seo\/ -->\n<title>El Starlite Festival 2013 llega a su ecuador - Blog de Andalucia.com<\/title>\n<link rel=\"canonical\" href=\"https:\/\/esp.andalucia.com\/blog\/el-starlite-festival-2013-llega-a-su-ecuador\/\" \/>\n<meta property=\"og:locale\" content=\"en_US\" \/>\n<meta property=\"og:type\" content=\"article\" \/>\n<meta property=\"og:title\" content=\"El Starlite Festival 2013 llega a su ecuador - Blog de Andalucia.com\" \/>\n<meta property=\"og:description\" content=\"El Starlite Festival 2013 llega hoy a su ecuador y se acerca a uno de los momentos m\u00e1s destacados de su programaci\u00f3n: la Starlite Gala, que se anuncia como la gala ben\u00e9fica m\u00e1s importante de Espa\u00f1a y que, en su IV edici\u00f3n tendr\u00e1 lugar el pr\u00f3ximo s\u00e1bado 10 de agosto, en la Cantera de Nag\u00fceles [&hellip;]\" \/>\n<meta property=\"og:url\" content=\"https:\/\/esp.andalucia.com\/blog\/el-starlite-festival-2013-llega-a-su-ecuador\/\" \/>\n<meta property=\"og:site_name\" content=\"Blog de Andalucia.com\" \/>\n<meta property=\"article:published_time\" content=\"2013-08-07T17:32:45+00:00\" \/>\n<meta property=\"og:image\" content=\"http:\/\/esp.andalucia.com\/blog\/wp-content\/uploads\/JAIME-CULLUM-300x199.jpg\" \/>\n<meta name=\"twitter:card\" content=\"summary\" \/>\n<meta name=\"twitter:label1\" content=\"Est. reading time\">\n\t<meta name=\"twitter:data1\" content=\"5 minutes\">\n<script type=\"application\/ld+json\" class=\"yoast-schema-graph\">{\"@context\":\"https:\/\/schema.org\",\"@graph\":[{\"@type\":\"WebSite\",\"@id\":\"https:\/\/esp.andalucia.com\/blog\/#website\",\"url\":\"https:\/\/esp.andalucia.com\/blog\/\",\"name\":\"Blog de Andalucia.com\",\"description\":\"Blog de Andalucia\",\"potentialAction\":[{\"@type\":\"SearchAction\",\"target\":\"https:\/\/esp.andalucia.com\/blog\/?s={search_term_string}\",\"query-input\":\"required name=search_term_string\"}],\"inLanguage\":\"en-US\"},{\"@type\":\"ImageObject\",\"@id\":\"https:\/\/esp.andalucia.com\/blog\/el-starlite-festival-2013-llega-a-su-ecuador\/#primaryimage\",\"inLanguage\":\"en-US\",\"url\":\"http:\/\/esp.andalucia.com\/blog\/wp-content\/uploads\/JAIME-CULLUM-300x199.jpg\",\"contentUrl\":\"http:\/\/esp.andalucia.com\/blog\/wp-content\/uploads\/JAIME-CULLUM-300x199.jpg\"},{\"@type\":\"WebPage\",\"@id\":\"https:\/\/esp.andalucia.com\/blog\/el-starlite-festival-2013-llega-a-su-ecuador\/#webpage\",\"url\":\"https:\/\/esp.andalucia.com\/blog\/el-starlite-festival-2013-llega-a-su-ecuador\/\",\"name\":\"El Starlite Festival 2013 llega a su ecuador - Blog de Andalucia.com\",\"isPartOf\":{\"@id\":\"https:\/\/esp.andalucia.com\/blog\/#website\"},\"primaryImageOfPage\":{\"@id\":\"https:\/\/esp.andalucia.com\/blog\/el-starlite-festival-2013-llega-a-su-ecuador\/#primaryimage\"},\"datePublished\":\"2013-08-07T17:32:45+00:00\",\"dateModified\":\"2013-08-07T17:32:45+00:00\",\"author\":{\"@id\":\"https:\/\/esp.andalucia.com\/blog\/#\/schema\/person\/764d18c08907ea2026c6652dbaa06aeb\"},\"breadcrumb\":{\"@id\":\"https:\/\/esp.andalucia.com\/blog\/el-starlite-festival-2013-llega-a-su-ecuador\/#breadcrumb\"},\"inLanguage\":\"en-US\",\"potentialAction\":[{\"@type\":\"ReadAction\",\"target\":[\"https:\/\/esp.andalucia.com\/blog\/el-starlite-festival-2013-llega-a-su-ecuador\/\"]}]},{\"@type\":\"BreadcrumbList\",\"@id\":\"https:\/\/esp.andalucia.com\/blog\/el-starlite-festival-2013-llega-a-su-ecuador\/#breadcrumb\",\"itemListElement\":[{\"@type\":\"ListItem\",\"position\":1,\"item\":{\"@type\":\"WebPage\",\"@id\":\"https:\/\/esp.andalucia.com\/blog\/\",\"url\":\"https:\/\/esp.andalucia.com\/blog\/\",\"name\":\"Portada\"}},{\"@type\":\"ListItem\",\"position\":2,\"item\":{\"@type\":\"WebPage\",\"@id\":\"https:\/\/esp.andalucia.com\/blog\/el-starlite-festival-2013-llega-a-su-ecuador\/\",\"url\":\"https:\/\/esp.andalucia.com\/blog\/el-starlite-festival-2013-llega-a-su-ecuador\/\",\"name\":\"El Starlite Festival 2013 llega a su ecuador\"}}]},{\"@type\":\"Person\",\"@id\":\"https:\/\/esp.andalucia.com\/blog\/#\/schema\/person\/764d18c08907ea2026c6652dbaa06aeb\",\"name\":\"admin\",\"image\":{\"@type\":\"ImageObject\",\"@id\":\"https:\/\/esp.andalucia.com\/blog\/#personlogo\",\"inLanguage\":\"en-US\",\"url\":\"https:\/\/secure.gravatar.com\/avatar\/483f554353dd1f8b3b9ac7b28ff59e21?s=96&d=mm&r=g\",\"contentUrl\":\"https:\/\/secure.gravatar.com\/avatar\/483f554353dd1f8b3b9ac7b28ff59e21?s=96&d=mm&r=g\",\"caption\":\"admin\"}}]}<\/script>\n<!-- \/ Yoast SEO plugin. -->","jetpack_featured_media_url":"","jetpack_publicize_connections":[],"jetpack_sharing_enabled":true,"jetpack_shortlink":"https:\/\/wp.me\/p7VLto-gC","_links":{"self":[{"href":"https:\/\/esp.andalucia.com\/blog\/wp-json\/wp\/v2\/posts\/1030"}],"collection":[{"href":"https:\/\/esp.andalucia.com\/blog\/wp-json\/wp\/v2\/posts"}],"about":[{"href":"https:\/\/esp.andalucia.com\/blog\/wp-json\/wp\/v2\/types\/post"}],"author":[{"embeddable":true,"href":"https:\/\/esp.andalucia.com\/blog\/wp-json\/wp\/v2\/users\/1"}],"replies":[{"embeddable":true,"href":"https:\/\/esp.andalucia.com\/blog\/wp-json\/wp\/v2\/comments?post=1030"}],"version-history":[{"count":6,"href":"https:\/\/esp.andalucia.com\/blog\/wp-json\/wp\/v2\/posts\/1030\/revisions"}],"predecessor-version":[{"id":1041,"href":"https:\/\/esp.andalucia.com\/blog\/wp-json\/wp\/v2\/posts\/1030\/revisions\/1041"}],"wp:attachment":[{"href":"https:\/\/esp.andalucia.com\/blog\/wp-json\/wp\/v2\/media?parent=1030"}],"wp:term":[{"taxonomy":"category","embeddable":true,"href":"https:\/\/esp.andalucia.com\/blog\/wp-json\/wp\/v2\/categories?post=1030"},{"taxonomy":"post_tag","embeddable":true,"href":"https:\/\/esp.andalucia.com\/blog\/wp-json\/wp\/v2\/tags?post=1030"}],"curies":[{"name":"wp","href":"https:\/\/api.w.org\/{rel}","templated":true}]}}